{"id":81423,"date":"2018-09-27T10:36:42","date_gmt":"2018-09-27T13:36:42","guid":{"rendered":"http:\/\/www.elsindical.com.ar\/notas\/?p=81423"},"modified":"2018-09-27T10:36:42","modified_gmt":"2018-09-27T13:36:42","slug":"la-familia-rosso-considera-injusta-la-condena-al-loco-cacho-criticas-al-toc-9-de-lomas-de-zamora","status":"publish","type":"post","link":"https:\/\/www.elsindical.com.ar\/notas\/la-familia-rosso-considera-injusta-la-condena-al-loco-cacho-criticas-al-toc-9-de-lomas-de-zamora\/","title":{"rendered":"La familia Rosso considera \u201cinjusta\u201d la condena al \u00abLoco Cacho\u00bb, criticas al TOC 9 de Lomas de Zamora"},"content":{"rendered":"<p><em><a href=\"http:\/\/www.elsindical.com.ar\/notas\/var\/www\/html\/notas\/wp-content\/uploads\/2018\/09\/familia-Rosso-reclamo-justicia.jpg\"><img loading=\"lazy\" decoding=\"async\" class=\"alignnone size-medium wp-image-81424\" src=\"http:\/\/www.elsindical.com.ar\/notas\/var\/www\/html\/notas\/wp-content\/uploads\/2018\/09\/familia-Rosso-reclamo-justicia-300x169.jpg\" alt=\"\" width=\"300\" height=\"169\" srcset=\"https:\/\/www.elsindical.com.ar\/notas\/var\/www\/html\/notas\/wp-content\/uploads\/2018\/09\/familia-Rosso-reclamo-justicia-300x169.jpg 300w, https:\/\/www.elsindical.com.ar\/notas\/var\/www\/html\/notas\/wp-content\/uploads\/2018\/09\/familia-Rosso-reclamo-justicia-768x432.jpg 768w, https:\/\/www.elsindical.com.ar\/notas\/var\/www\/html\/notas\/wp-content\/uploads\/2018\/09\/familia-Rosso-reclamo-justicia-1024x576.jpg 1024w, https:\/\/www.elsindical.com.ar\/notas\/var\/www\/html\/notas\/wp-content\/uploads\/2018\/09\/familia-Rosso-reclamo-justicia-500x281.jpg 500w, https:\/\/www.elsindical.com.ar\/notas\/var\/www\/html\/notas\/wp-content\/uploads\/2018\/09\/familia-Rosso-reclamo-justicia-460x260.jpg 460w, https:\/\/www.elsindical.com.ar\/notas\/var\/www\/html\/notas\/wp-content\/uploads\/2018\/09\/familia-Rosso-reclamo-justicia.jpg 1200w\" sizes=\"auto, (max-width: 300px) 100vw, 300px\" \/><\/a>\u00a0 \u201cPareciera que es negocio matar gente en este pa\u00eds\u201d, asegur\u00f3 Mauricio Casas, hijo y hermano de Yamila y Silvina Rosso.<\/em><\/p>\n<p>El Tribunal Oral en lo Criminal (TOC) 9 del Departamento Judicial de Lomas de Zamora -integrado por los jueces Dar\u00edo Bellucci, Juan Manuel Rial y Victoria Ballve- conden\u00f3 a 18 a\u00f1os de prisi\u00f3n a Alberto P\u00e9rez, conocido como el Loco Cacho, por el asesinato de Silvina y Yamila Rosso, que tuvo lugar en Avellaneda hace casi cuatro a\u00f1os. La familia de las v\u00edctimas consider\u00f3 que \u201cfue injusta\u201d la condena.<\/p>\n<p>Yamila y Silvina Rosso fueron baleadas en diciembre de 2014 por P\u00e9rez, quien tras el ataque se dio a la fuga. Era uno de los juicios m\u00e1s esperados, por lo emblem\u00e1tico del caso, pero la sentencia no dej\u00f3 conforme a la familia de las mujeres. \u201cPareciera que es negocio matar gente en este pa\u00eds. La verdad que me parece injusta la condena y s\u00f3lo me genera dolor este resultado\u201d, indic\u00f3 Mauricio Casas, hijo y hermano de las v\u00edctimas.<\/p>\n<p>\u201cLeyendo fallos de este tribunal (TOC 9), vi que un caso por robo, al imputado le dieron 16 a\u00f1os. Ac\u00e1, por matar a dos mujeres le dan 18. No lo entiendo\u201d, manifest\u00f3 el joven, quien anticip\u00f3 que apelar\u00e1n la sentencia. \u201cCon 18 a\u00f1os no me puedo quedar tranquilo. Mi sobrino en 18 a\u00f1os se va tener que cruzar con el asesino de la madre\u201d, grafic\u00f3.<\/p>\n<p>En esa sinton\u00eda, el abogado de la parte damnificada, Juan Manuel Combi, advirti\u00f3 que \u201cdesde el punto de vista de la causa que se estaba investigando y de la prueba que se tuvo acreditada, la pena no guarda proporci\u00f3n con el hecho que se cometi\u00f3\u201d. \u201cHay que tener en cuenta que mat\u00f3 a dos mujeres y lo que significa eso en este pa\u00eds, en el contexto de violencia de g\u00e9nero\u201d, sostuvo.<\/p>\n<p>\u201cCreo que se tuvo que haber valorado de otra manera todos los agravantes por parte del Tribunal. La pena claramente nos resulta escasa en relaci\u00f3n a los hechos\u201d, agreg\u00f3 el letrado, quien tambi\u00e9n es director legal de la Comisi\u00f3n Provincial por la Memoria (CPM). \u201cNo hubo arrepentimiento del imputado ni se los escuch\u00f3 pedir disculpas\u201d, sentenci\u00f3.<\/p>\n<p>Este martes, P\u00e9rez fue condenado a 18 a\u00f1os de prisi\u00f3n. \u201cEl Loco Cacho\u201d asesin\u00f3 a balazos a Silvia y Yamila Rosso, el 28 de diciembre de 2014. El m\u00f3vil del terrible hecho habr\u00eda sido una discusi\u00f3n originada por la disputa de un pasillo compartido en un PH de Avellaneda, pero durante el juicio testigos hablaron de actitudes violentas de este hombre en su v\u00ednculo con las mujeres. Despu\u00e9s del doble homicidio, el hombre, que en ese momento ten\u00eda 53 a\u00f1os, escap\u00f3 y estuvo pr\u00f3fugo hasta que lo detuvieron casi un a\u00f1o despu\u00e9s en Brasil.<\/p>\n<p>No es la primera vez que el TOC 9 de Lomas de Zamora, se ve envuelto en acusaciones y hasta denuncias por sus fallos, a pesar de esto, La Corte Bonaerense pareciera ignorar estos hechos y as\u00ed los cuestionados jueces Bellucci, Rial y Balv\u00e9, contin\u00faan administrando justicia muchas veces al filo de las normativas.<\/p>\n","protected":false},"excerpt":{"rendered":"<p>\u00a0 \u201cPareciera que es negocio matar gente en este pa\u00eds\u201d, asegur\u00f3 Mauricio Casas, hijo y hermano de Yamila y Silvina Rosso. El Tribunal Oral en lo Criminal (TOC) 9 del Departamento Judicial de Lomas de Zamora -integrado por los jueces Dar\u00edo Bellucci, Juan Manuel Rial y Victoria Ballve- conden\u00f3 a 18 a\u00f1os de prisi\u00f3n a&hellip;<\/p>\n","protected":false},"author":1,"featured_media":81424,"comment_status":"open","ping_status":"open","sticky":false,"template":"","format":"standard","meta":{"footnotes":""},"categories":[25],"tags":[29590,29594,29591,29593,26567,8698,29592],"class_list":["post-81423","post","type-post","status-publish","format-standard","has-post-thumbnail","hentry","category-sociedad","tag-dario-bellucci","tag-familia-rosso","tag-juan-manuel-rial","tag-loco-cacho","tag-lomas-de-zarmora","tag-toc-9","tag-victoria-ballve"],"_links":{"self":[{"href":"https:\/\/www.elsindical.com.ar\/notas\/wp-json\/wp\/v2\/posts\/81423","targetHints":{"allow":["GET"]}}],"collection":[{"href":"https:\/\/www.elsindical.com.ar\/notas\/wp-json\/wp\/v2\/posts"}],"about":[{"href":"https:\/\/www.elsindical.com.ar\/notas\/wp-json\/wp\/v2\/types\/post"}],"author":[{"embeddable":true,"href":"https:\/\/www.elsindical.com.ar\/notas\/wp-json\/wp\/v2\/users\/1"}],"replies":[{"embeddable":true,"href":"https:\/\/www.elsindical.com.ar\/notas\/wp-json\/wp\/v2\/comments?post=81423"}],"version-history":[{"count":1,"href":"https:\/\/www.elsindical.com.ar\/notas\/wp-json\/wp\/v2\/posts\/81423\/revisions"}],"predecessor-version":[{"id":81425,"href":"https:\/\/www.elsindical.com.ar\/notas\/wp-json\/wp\/v2\/posts\/81423\/revisions\/81425"}],"wp:featuredmedia":[{"embeddable":true,"href":"https:\/\/www.elsindical.com.ar\/notas\/wp-json\/wp\/v2\/media\/81424"}],"wp:attachment":[{"href":"https:\/\/www.elsindical.com.ar\/notas\/wp-json\/wp\/v2\/media?parent=81423"}],"wp:term":[{"taxonomy":"category","embeddable":true,"href":"https:\/\/www.elsindical.com.ar\/notas\/wp-json\/wp\/v2\/categories?post=81423"},{"taxonomy":"post_tag","embeddable":true,"href":"https:\/\/www.elsindical.com.ar\/notas\/wp-json\/wp\/v2\/tags?post=81423"}],"curies":[{"name":"wp","href":"https:\/\/api.w.org\/{rel}","templated":true}]}}