{"id":81420,"date":"2018-09-27T10:16:10","date_gmt":"2018-09-27T13:16:10","guid":{"rendered":"http:\/\/www.elsindical.com.ar\/notas\/?p=81420"},"modified":"2018-09-27T10:16:10","modified_gmt":"2018-09-27T13:16:10","slug":"olavarria-el-indio-solari-desvinculado-de-las-muertes-en-el-recital","status":"publish","type":"post","link":"https:\/\/www.elsindical.com.ar\/notas\/olavarria-el-indio-solari-desvinculado-de-las-muertes-en-el-recital\/","title":{"rendered":"Olavarr\u00eda: El Indio Solari desvinculado de las muertes en el recital"},"content":{"rendered":"<p><em>\u00a0 <a href=\"http:\/\/www.elsindical.com.ar\/notas\/var\/www\/html\/notas\/wp-content\/uploads\/2018\/09\/Indio-Solari-en-Olavarr\u00eda.jpg\"><img loading=\"lazy\" decoding=\"async\" class=\"alignnone size-medium wp-image-81421\" src=\"http:\/\/www.elsindical.com.ar\/notas\/var\/www\/html\/notas\/wp-content\/uploads\/2018\/09\/Indio-Solari-en-Olavarr\u00eda-300x169.jpg\" alt=\"\" width=\"300\" height=\"169\" srcset=\"https:\/\/www.elsindical.com.ar\/notas\/var\/www\/html\/notas\/wp-content\/uploads\/2018\/09\/Indio-Solari-en-Olavarr\u00eda-300x169.jpg 300w, https:\/\/www.elsindical.com.ar\/notas\/var\/www\/html\/notas\/wp-content\/uploads\/2018\/09\/Indio-Solari-en-Olavarr\u00eda-768x432.jpg 768w, https:\/\/www.elsindical.com.ar\/notas\/var\/www\/html\/notas\/wp-content\/uploads\/2018\/09\/Indio-Solari-en-Olavarr\u00eda-500x281.jpg 500w, https:\/\/www.elsindical.com.ar\/notas\/var\/www\/html\/notas\/wp-content\/uploads\/2018\/09\/Indio-Solari-en-Olavarr\u00eda-460x260.jpg 460w, https:\/\/www.elsindical.com.ar\/notas\/var\/www\/html\/notas\/wp-content\/uploads\/2018\/09\/Indio-Solari-en-Olavarr\u00eda.jpg 770w\" sizes=\"auto, (max-width: 300px) 100vw, 300px\" \/><\/a>Por los dos fallecidos durante el \u00faltimo recital quedaron imputados los organizadores, del evento, tal como desde un principio sosten\u00edamos desde El Sindical.<\/em><\/p>\n<p>El 11 de marzo de 2017, en la ciudad bonaerense de Olavarr\u00eda, se llev\u00f3 a cabo el \u00faltimo recital del legendario m\u00fasico Indio Solari. Durante el evento perdieron la vida Javier Le\u00f3n de 42 a\u00f1os y Juan Francisco Bulacio de 36 a\u00f1os. Ayer la justicia deslig\u00f3 a Solari de los dos fallecimientos.<\/p>\n<p>En cambio se encuentran imputados en la investigaci\u00f3n los organizadores del recital en el predio de \u00abLa Colmena\u00bb, los hermanos Mat\u00edas y Marcos Peuscovich, y Gustavo Zurita. En ese caso podr\u00edan enfrentar cargos por \u00abestrago doloso con dolo eventual agravado\u00bb.<\/p>\n<p>Seg\u00fan se desprende de la causa judicial, las pericias judiciales determinaron que, Le\u00f3n y Bulaci\u00f3 murieron asfixiados por el aplastamiento en avalanchas. Por la presencia de m\u00e1s de 200 mil personas muchos apuntaron directamente a las fallas de la organizaci\u00f3n del espect\u00e1culo.<\/p>\n<p>Tras la recopilaci\u00f3n de varios testimonios y una exhautiva investigaci\u00f3n, el Fiscal David Carballo, imput\u00f3 solamente a los productores del concierto. Por tal motivo Carlos Alberto \u00abindio\u00bb Solari, quien acaba de sacar su cuarto disco en su carrera como solista, qued\u00f3 desligado completamente de la causa. La defensa del ex l\u00edder de los Redonditos de Ricota present\u00f3 un contrato en el que consta que Solari solo era responsable de la \u00aborganizaci\u00f3n musical\u00bb y no de la seguridad del evento.<\/p>\n","protected":false},"excerpt":{"rendered":"<p>\u00a0 Por los dos fallecidos durante el \u00faltimo recital quedaron imputados los organizadores, del evento, tal como desde un principio sosten\u00edamos desde El Sindical. El 11 de marzo de 2017, en la ciudad bonaerense de Olavarr\u00eda, se llev\u00f3 a cabo el \u00faltimo recital del legendario m\u00fasico Indio Solari. Durante el evento perdieron la vida Javier&hellip;<\/p>\n","protected":false},"author":1,"featured_media":81421,"comment_status":"open","ping_status":"open","sticky":false,"template":"","format":"standard","meta":{"footnotes":""},"categories":[20],"tags":[8086,41,25444,1679,719],"class_list":["post-81420","post","type-post","status-publish","format-standard","has-post-thumbnail","hentry","category-judiciales","tag-indio-solari","tag-justicia","tag-la-colmena","tag-olavarria","tag-recital"],"_links":{"self":[{"href":"https:\/\/www.elsindical.com.ar\/notas\/wp-json\/wp\/v2\/posts\/81420","targetHints":{"allow":["GET"]}}],"collection":[{"href":"https:\/\/www.elsindical.com.ar\/notas\/wp-json\/wp\/v2\/posts"}],"about":[{"href":"https:\/\/www.elsindical.com.ar\/notas\/wp-json\/wp\/v2\/types\/post"}],"author":[{"embeddable":true,"href":"https:\/\/www.elsindical.com.ar\/notas\/wp-json\/wp\/v2\/users\/1"}],"replies":[{"embeddable":true,"href":"https:\/\/www.elsindical.com.ar\/notas\/wp-json\/wp\/v2\/comments?post=81420"}],"version-history":[{"count":1,"href":"https:\/\/www.elsindical.com.ar\/notas\/wp-json\/wp\/v2\/posts\/81420\/revisions"}],"predecessor-version":[{"id":81422,"href":"https:\/\/www.elsindical.com.ar\/notas\/wp-json\/wp\/v2\/posts\/81420\/revisions\/81422"}],"wp:featuredmedia":[{"embeddable":true,"href":"https:\/\/www.elsindical.com.ar\/notas\/wp-json\/wp\/v2\/media\/81421"}],"wp:attachment":[{"href":"https:\/\/www.elsindical.com.ar\/notas\/wp-json\/wp\/v2\/media?parent=81420"}],"wp:term":[{"taxonomy":"category","embeddable":true,"href":"https:\/\/www.elsindical.com.ar\/notas\/wp-json\/wp\/v2\/categories?post=81420"},{"taxonomy":"post_tag","embeddable":true,"href":"https:\/\/www.elsindical.com.ar\/notas\/wp-json\/wp\/v2\/tags?post=81420"}],"curies":[{"name":"wp","href":"https:\/\/api.w.org\/{rel}","templated":true}]}}