{"id":81381,"date":"2018-09-25T10:03:13","date_gmt":"2018-09-25T13:03:13","guid":{"rendered":"http:\/\/www.elsindical.com.ar\/notas\/?p=81381"},"modified":"2018-09-25T10:03:13","modified_gmt":"2018-09-25T13:03:13","slug":"antisindical-presidencia-descontara-el-dia-a-quienes-paren","status":"publish","type":"post","link":"https:\/\/www.elsindical.com.ar\/notas\/antisindical-presidencia-descontara-el-dia-a-quienes-paren\/","title":{"rendered":"Antisindical: Presidencia descontar\u00e1 el d\u00eda a quienes paren"},"content":{"rendered":"<p><em>\u00a0 <a href=\"http:\/\/www.elsindical.com.ar\/notas\/var\/www\/html\/notas\/wp-content\/uploads\/2018\/09\/comunicado-a-empleados-de-presidencia.jpg\"><img loading=\"lazy\" decoding=\"async\" class=\"alignnone size-medium wp-image-81382\" src=\"http:\/\/www.elsindical.com.ar\/notas\/var\/www\/html\/notas\/wp-content\/uploads\/2018\/09\/comunicado-a-empleados-de-presidencia-300x160.jpg\" alt=\"\" width=\"300\" height=\"160\" srcset=\"https:\/\/www.elsindical.com.ar\/notas\/var\/www\/html\/notas\/wp-content\/uploads\/2018\/09\/comunicado-a-empleados-de-presidencia-300x160.jpg 300w, https:\/\/www.elsindical.com.ar\/notas\/var\/www\/html\/notas\/wp-content\/uploads\/2018\/09\/comunicado-a-empleados-de-presidencia-500x267.jpg 500w, https:\/\/www.elsindical.com.ar\/notas\/var\/www\/html\/notas\/wp-content\/uploads\/2018\/09\/comunicado-a-empleados-de-presidencia.jpg 581w\" sizes=\"auto, (max-width: 300px) 100vw, 300px\" \/><\/a>Con un mail, desde Presidencia avisaron que los estatales perder\u00e1n el presentismo en caso de no asistir a trabajar. A\u00fan sabiendo que no hay transporte y con sus organizaciones avalando la huelga.<\/em><\/p>\n<div class=\"cuerponota mb50\">\n<p>Con un mail que circul\u00f3 ayer en Casa Rosada, pero que se replic\u00f3 con caracter\u00edsticas similares en otros organismo, Presidencia de la Naci\u00f3n avis\u00f3 a los estatales que quienes no asistan a trabajar, en el marco del paro general, perder\u00e1n el presentismo.<\/p>\n<p>\u201cQuienes no puedan presentarse a sus puestos de trabajo podr\u00e1n hacer uso del art\u00edculo 14C\u201d, se\u00f1alaron oficialmente. Esa licencia hace que los estatales de todos modos pierdan el derecho a cobrar el presentismo.<\/p>\n<p>La idea de descontar masivamente del Gobierno se da a pesar de la paralizaci\u00f3n absoluta del transporte y de la adhesi\u00f3n de las dos principales organizaciones de la actividad, UPCN y ATE.<\/p>\n<p>El texto lleva la firma de Facundo Izquierdo, desde la Direcci\u00f3n de Personal y tambi\u00e9n se\u00f1ala que quienes no lleguen a completar la jornada laboral en este contexto no deber\u00e1n compensar.<\/p>\n<p>Escritos similares circularon en diversos organismos advirtiendo sobre la situaci\u00f3n. La idea es instalar entre los empleados p\u00fablicos que se perder\u00e1 el presentismo, en un contexto en que los salarios no est\u00e1n para soportar ninguna merma, y que eso genere un disciplinamiento.<\/p>\n<\/div>\n","protected":false},"excerpt":{"rendered":"<p>\u00a0 Con un mail, desde Presidencia avisaron que los estatales perder\u00e1n el presentismo en caso de no asistir a trabajar. A\u00fan sabiendo que no hay transporte y con sus organizaciones avalando la huelga. Con un mail que circul\u00f3 ayer en Casa Rosada, pero que se replic\u00f3 con caracter\u00edsticas similares en otros organismo, Presidencia de la&hellip;<\/p>\n","protected":false},"author":1,"featured_media":81382,"comment_status":"open","ping_status":"open","sticky":false,"template":"","format":"standard","meta":{"footnotes":""},"categories":[16],"tags":[1423,54,22000,12288,29581],"class_list":["post-81381","post","type-post","status-publish","format-standard","has-post-thumbnail","hentry","category-gremiales","tag-descuentos","tag-empleados","tag-para","tag-presentismo","tag-presidencia-de-la-nacion"],"_links":{"self":[{"href":"https:\/\/www.elsindical.com.ar\/notas\/wp-json\/wp\/v2\/posts\/81381","targetHints":{"allow":["GET"]}}],"collection":[{"href":"https:\/\/www.elsindical.com.ar\/notas\/wp-json\/wp\/v2\/posts"}],"about":[{"href":"https:\/\/www.elsindical.com.ar\/notas\/wp-json\/wp\/v2\/types\/post"}],"author":[{"embeddable":true,"href":"https:\/\/www.elsindical.com.ar\/notas\/wp-json\/wp\/v2\/users\/1"}],"replies":[{"embeddable":true,"href":"https:\/\/www.elsindical.com.ar\/notas\/wp-json\/wp\/v2\/comments?post=81381"}],"version-history":[{"count":1,"href":"https:\/\/www.elsindical.com.ar\/notas\/wp-json\/wp\/v2\/posts\/81381\/revisions"}],"predecessor-version":[{"id":81383,"href":"https:\/\/www.elsindical.com.ar\/notas\/wp-json\/wp\/v2\/posts\/81381\/revisions\/81383"}],"wp:featuredmedia":[{"embeddable":true,"href":"https:\/\/www.elsindical.com.ar\/notas\/wp-json\/wp\/v2\/media\/81382"}],"wp:attachment":[{"href":"https:\/\/www.elsindical.com.ar\/notas\/wp-json\/wp\/v2\/media?parent=81381"}],"wp:term":[{"taxonomy":"category","embeddable":true,"href":"https:\/\/www.elsindical.com.ar\/notas\/wp-json\/wp\/v2\/categories?post=81381"},{"taxonomy":"post_tag","embeddable":true,"href":"https:\/\/www.elsindical.com.ar\/notas\/wp-json\/wp\/v2\/tags?post=81381"}],"curies":[{"name":"wp","href":"https:\/\/api.w.org\/{rel}","templated":true}]}}