{"id":81374,"date":"2018-09-24T12:13:23","date_gmt":"2018-09-24T15:13:23","guid":{"rendered":"http:\/\/www.elsindical.com.ar\/notas\/?p=81374"},"modified":"2018-09-24T12:13:23","modified_gmt":"2018-09-24T15:13:23","slug":"anmat-prohibe-la-venta-de-varios-productos-medicos","status":"publish","type":"post","link":"https:\/\/www.elsindical.com.ar\/notas\/anmat-prohibe-la-venta-de-varios-productos-medicos\/","title":{"rendered":"ANMAT proh\u00edbe la venta de varios productos m\u00e9dicos"},"content":{"rendered":"<p><em><span class=\"text description col-xs-8 col-lg-9\"><a href=\"http:\/\/www.elsindical.com.ar\/notas\/var\/www\/html\/notas\/wp-content\/uploads\/2011\/10\/genericos-medicamentos.jpg\"><img loading=\"lazy\" decoding=\"async\" class=\"alignnone size-medium wp-image-17581\" src=\"http:\/\/www.elsindical.com.ar\/notas\/var\/www\/html\/notas\/wp-content\/uploads\/2011\/10\/genericos-medicamentos-300x263.jpg\" alt=\"\" width=\"300\" height=\"263\" srcset=\"https:\/\/www.elsindical.com.ar\/notas\/var\/www\/html\/notas\/wp-content\/uploads\/2011\/10\/genericos-medicamentos-300x263.jpg 300w, https:\/\/www.elsindical.com.ar\/notas\/var\/www\/html\/notas\/wp-content\/uploads\/2011\/10\/genericos-medicamentos.jpg 413w\" sizes=\"auto, (max-width: 300px) 100vw, 300px\" \/><\/a>\u00a0 Debido a que no se pudo encontrar los registros de las firmas de los laboratorios detr\u00e1s de los productos m\u00e9dicos, algunos contra el reuma.<\/span><\/em><\/p>\n<p>La Administraci\u00f3n Nacional de Medicamentos, Alimentos y Tecnolog\u00eda M\u00e9dica <strong>(ANMAT) prohibi\u00f3 el uso, comercializaci\u00f3n y distribuci\u00f3n de varios productos m\u00e9dicos.<\/strong><\/p>\n<p>A trav\u00e9s de la disposici\u00f3n 260\/2018, publicada este lunes en el Bolet\u00edn Oficial, el organismo detall\u00f3 que la medida alcanza a<strong> todos los lotes de los siguientes medicamentos:<\/strong><\/p>\n<ul>\n<li>\u201cZ-CAL REUMA FORTE, piroxicam- dexametasona- vitamina B12-orfenadrina, Laboratorios INDUFAR\u201d,<\/li>\n<li>\u201cBERAFEN COMPLEX, diclofenac- cianocobalamina \u2013 piridoxina- dexametasona, Elaborado por Quimfa SA.\u201d,<\/li>\n<li>\u00a0\u201cBRONCOFAR NF, gliceril guayacol \u00e9ter- clorferinamina maleato- salbutamol sulfato. Laboratorios INDUFAR\u201d,<\/li>\n<li>\u201cLASCAMICETINA, cloranfenicol, Laboratorios LASCA\u201d,<\/li>\n<li>\u201cSULFA Y PENICILINA. Uso externo. Luque. Industria Paraguaya\u201d<\/li>\n<li>\u201cNERVIGENOL, glicerofosfatos- niacinamida, Laboratorio Pharma Industries SA\u201d<\/li>\n<\/ul>\n<p>La decisi\u00f3n se adopt\u00f3 luego de que la Direcci\u00f3n de Vigilancia de Productos para la Salud (DVS) indicara que la Direcci\u00f3n de Gesti\u00f3n de Informaci\u00f3n T\u00e9cnica \u00abinform\u00f3 que no constan registros de habilitaci\u00f3n de las firmas Laboratorio Indufar, Laboratorios LASCA, Laboratorio Pharma Industries SA y Laboratorio Quimfa SA\u00bb.<\/p>\n","protected":false},"excerpt":{"rendered":"<p>\u00a0 Debido a que no se pudo encontrar los registros de las firmas de los laboratorios detr\u00e1s de los productos m\u00e9dicos, algunos contra el reuma. La Administraci\u00f3n Nacional de Medicamentos, Alimentos y Tecnolog\u00eda M\u00e9dica (ANMAT) prohibi\u00f3 el uso, comercializaci\u00f3n y distribuci\u00f3n de varios productos m\u00e9dicos. A trav\u00e9s de la disposici\u00f3n 260\/2018, publicada este lunes en&hellip;<\/p>\n","protected":false},"author":1,"featured_media":17581,"comment_status":"open","ping_status":"open","sticky":false,"template":"","format":"standard","meta":{"footnotes":""},"categories":[23],"tags":[1394,29579,29580],"class_list":["post-81374","post","type-post","status-publish","format-standard","has-post-thumbnail","hentry","category-salud","tag-anmat","tag-productos-medicos","tag-venta-prohibida"],"_links":{"self":[{"href":"https:\/\/www.elsindical.com.ar\/notas\/wp-json\/wp\/v2\/posts\/81374","targetHints":{"allow":["GET"]}}],"collection":[{"href":"https:\/\/www.elsindical.com.ar\/notas\/wp-json\/wp\/v2\/posts"}],"about":[{"href":"https:\/\/www.elsindical.com.ar\/notas\/wp-json\/wp\/v2\/types\/post"}],"author":[{"embeddable":true,"href":"https:\/\/www.elsindical.com.ar\/notas\/wp-json\/wp\/v2\/users\/1"}],"replies":[{"embeddable":true,"href":"https:\/\/www.elsindical.com.ar\/notas\/wp-json\/wp\/v2\/comments?post=81374"}],"version-history":[{"count":1,"href":"https:\/\/www.elsindical.com.ar\/notas\/wp-json\/wp\/v2\/posts\/81374\/revisions"}],"predecessor-version":[{"id":81375,"href":"https:\/\/www.elsindical.com.ar\/notas\/wp-json\/wp\/v2\/posts\/81374\/revisions\/81375"}],"wp:featuredmedia":[{"embeddable":true,"href":"https:\/\/www.elsindical.com.ar\/notas\/wp-json\/wp\/v2\/media\/17581"}],"wp:attachment":[{"href":"https:\/\/www.elsindical.com.ar\/notas\/wp-json\/wp\/v2\/media?parent=81374"}],"wp:term":[{"taxonomy":"category","embeddable":true,"href":"https:\/\/www.elsindical.com.ar\/notas\/wp-json\/wp\/v2\/categories?post=81374"},{"taxonomy":"post_tag","embeddable":true,"href":"https:\/\/www.elsindical.com.ar\/notas\/wp-json\/wp\/v2\/tags?post=81374"}],"curies":[{"name":"wp","href":"https:\/\/api.w.org\/{rel}","templated":true}]}}