{"id":8137,"date":"2010-07-28T02:00:22","date_gmt":"2010-07-28T05:00:22","guid":{"rendered":"http:\/\/www.elsindical.com.ar\/notas\/?p=8137"},"modified":"2010-07-28T02:00:22","modified_gmt":"2010-07-28T05:00:22","slug":"en-la-utpba-votan-el-28-y-29-de-septiembre","status":"publish","type":"post","link":"https:\/\/www.elsindical.com.ar\/notas\/en-la-utpba-votan-el-28-y-29-de-septiembre\/","title":{"rendered":"En la UTPBA votan el 28 y 29 de septiembre"},"content":{"rendered":"<p style=\"text-align: justify;\"><a href=\"http:\/\/www.elsindical.com.ar\/notas\/var\/www\/html\/notas\/wp-content\/uploads\/2010\/07\/logo-UTPBA.jpg\"><img loading=\"lazy\" decoding=\"async\" class=\"alignleft size-full wp-image-8138\" title=\"logo-UTPBA\" src=\"http:\/\/www.elsindical.com.ar\/notas\/var\/www\/html\/notas\/wp-content\/uploads\/2010\/07\/logo-UTPBA.jpg\" alt=\"\" width=\"227\" height=\"90\" \/><\/a>La Comisi\u00f3n General Administrativa de la UTPBA inform\u00f3 que se public\u00f3 la solicitada de Convocatoria a Elecciones -tal cual indica su Estatuto Social- en el diario Tiempo Argentino, en donde se informa que los comicios se llevar\u00e1n a cabo los d\u00edas martes 28 y mi\u00e9rcoles 29 de septiembre de 2010.<\/p>\n<p style=\"text-align: justify;\">En la solicitada, aparecida en p\u00e1gina 13 del matutino de tirada nacional, se dan a conocer todos los procedimientos legales que deben cumplir quienes participen del acto electoral y los lugares y horarios de votaci\u00f3n en el que los periodistas-trabajadores de prensa podr\u00e1n emitir su voto.<\/p>\n<p style=\"text-align: justify;\">Por otra parte, la Junta Electoral, electa democr\u00e1ticamente en Asamblea General Extraordinaria, funciona para consulta de los afiliados los d\u00edas lunes, mi\u00e9rcoles y viernes de 14:00 hs\u00a0a 18:00 horas, en Avenida de Mayo 1209 1 \u201cA\u201d .<\/p>\n","protected":false},"excerpt":{"rendered":"<p>La Comisi\u00f3n General Administrativa de la UTPBA inform\u00f3 que se public\u00f3 la solicitada de Convocatoria a Elecciones -tal cual indica su Estatuto Social- en el diario Tiempo Argentino, en donde se informa que los comicios se llevar\u00e1n a cabo los d\u00edas martes 28 y mi\u00e9rcoles 29 de septiembre de 2010. En la solicitada, aparecida en&hellip;<\/p>\n","protected":false},"author":1,"featured_media":0,"comment_status":"open","ping_status":"open","sticky":false,"template":"","format":"standard","meta":{"footnotes":""},"categories":[16],"tags":[244,3999,3998],"class_list":["post-8137","post","type-post","status-publish","format-standard","hentry","category-gremiales","tag-elecciones","tag-estatuto","tag-utba"],"_links":{"self":[{"href":"https:\/\/www.elsindical.com.ar\/notas\/wp-json\/wp\/v2\/posts\/8137","targetHints":{"allow":["GET"]}}],"collection":[{"href":"https:\/\/www.elsindical.com.ar\/notas\/wp-json\/wp\/v2\/posts"}],"about":[{"href":"https:\/\/www.elsindical.com.ar\/notas\/wp-json\/wp\/v2\/types\/post"}],"author":[{"embeddable":true,"href":"https:\/\/www.elsindical.com.ar\/notas\/wp-json\/wp\/v2\/users\/1"}],"replies":[{"embeddable":true,"href":"https:\/\/www.elsindical.com.ar\/notas\/wp-json\/wp\/v2\/comments?post=8137"}],"version-history":[{"count":2,"href":"https:\/\/www.elsindical.com.ar\/notas\/wp-json\/wp\/v2\/posts\/8137\/revisions"}],"predecessor-version":[{"id":8140,"href":"https:\/\/www.elsindical.com.ar\/notas\/wp-json\/wp\/v2\/posts\/8137\/revisions\/8140"}],"wp:attachment":[{"href":"https:\/\/www.elsindical.com.ar\/notas\/wp-json\/wp\/v2\/media?parent=8137"}],"wp:term":[{"taxonomy":"category","embeddable":true,"href":"https:\/\/www.elsindical.com.ar\/notas\/wp-json\/wp\/v2\/categories?post=8137"},{"taxonomy":"post_tag","embeddable":true,"href":"https:\/\/www.elsindical.com.ar\/notas\/wp-json\/wp\/v2\/tags?post=8137"}],"curies":[{"name":"wp","href":"https:\/\/api.w.org\/{rel}","templated":true}]}}