{"id":81344,"date":"2018-09-22T22:22:16","date_gmt":"2018-09-23T01:22:16","guid":{"rendered":"http:\/\/www.elsindical.com.ar\/notas\/?p=81344"},"modified":"2018-09-22T22:22:16","modified_gmt":"2018-09-23T01:22:16","slug":"la-ajb-convoca-a-paro-de-36-horas","status":"publish","type":"post","link":"https:\/\/www.elsindical.com.ar\/notas\/la-ajb-convoca-a-paro-de-36-horas\/","title":{"rendered":"La AJB convoca a paro de 36 horas"},"content":{"rendered":"<p><a href=\"http:\/\/www.elsindical.com.ar\/notas\/var\/www\/html\/notas\/wp-content\/uploads\/2018\/09\/IMAGEN-PARO.jpg\"><img loading=\"lazy\" decoding=\"async\" class=\"alignnone size-medium wp-image-81345\" src=\"http:\/\/www.elsindical.com.ar\/notas\/var\/www\/html\/notas\/wp-content\/uploads\/2018\/09\/IMAGEN-PARO-300x136.jpg\" alt=\"\" width=\"300\" height=\"136\" srcset=\"https:\/\/www.elsindical.com.ar\/notas\/var\/www\/html\/notas\/wp-content\/uploads\/2018\/09\/IMAGEN-PARO-300x136.jpg 300w, https:\/\/www.elsindical.com.ar\/notas\/var\/www\/html\/notas\/wp-content\/uploads\/2018\/09\/IMAGEN-PARO-500x226.jpg 500w, https:\/\/www.elsindical.com.ar\/notas\/var\/www\/html\/notas\/wp-content\/uploads\/2018\/09\/IMAGEN-PARO.jpg 630w\" sizes=\"auto, (max-width: 300px) 100vw, 300px\" \/><\/a>El gremio judicial se sumar\u00e1 a la medida de fuerza decretada por las centrales sindicales, y parar\u00e1 por 36 horas el lunes 24 y martes 25 de septiembre.<\/p>\n<p>En el marco del paro dispuesto por las centrales sindicales en reclamo de un cambio en las pol\u00edticas econ\u00f3micas que perjudican al conjunto de lxs trabajadorxs de la Argentina, la AJB resolvi\u00f3 decretar un paro de 36 horas los d\u00edas lunes 24 -a partir de las 12 horas- y martes 25 de septiembre.<br \/>\nAsimismo, el gremio judicial convoca a participar el lunes 24 de las movilizaciones y actividades que se realicen durante ese d\u00eda. Cabe aclarar que el sindicato brindar\u00e1 cobertura a aquellxs compa\u00f1erxs que deban ausentarse de sus lugares de trabajo en el transcurso de la ma\u00f1ana para participar de dichas actividades.<\/p>\n<p>\u201cCada organizaci\u00f3n sindical tiene la responsabilidad inmediata de pelear por sus reclamos sectoriales. Pero adem\u00e1s tenemos una obligaci\u00f3n como clase, como trabajadorxs, de pelear en unidad por un cambio de fondo en las pol\u00edticas econ\u00f3micas que vienen perjudicando a millones de trabajadorxs en todo el pa\u00eds. Si no somos conscientes de eso, en este contexto ser\u00e1 muy dif\u00edcil que nuestros conflictos sectoriales se terminen ganando. Por eso este 24 y 25 convocamos a parar y ganar las calles en unidad\u201d, se\u00f1al\u00f3 Pablo Abramovich, secretario general de la AJB.<\/p>\n<div><strong>Unidad de lxs trabajadorxs en contra del ajuste<\/strong><\/div>\n<div><\/div>\n<div><strong>En defensa de nuestro salario<\/strong><\/div>\n<div><\/div>\n<div><strong>Por mayor presupuesto para educaci\u00f3n, salud y justicia<\/strong><\/div>\n","protected":false},"excerpt":{"rendered":"<p>El gremio judicial se sumar\u00e1 a la medida de fuerza decretada por las centrales sindicales, y parar\u00e1 por 36 horas el lunes 24 y martes 25 de septiembre. En el marco del paro dispuesto por las centrales sindicales en reclamo de un cambio en las pol\u00edticas econ\u00f3micas que perjudican al conjunto de lxs trabajadorxs de&hellip;<\/p>\n","protected":false},"author":1,"featured_media":81345,"comment_status":"open","ping_status":"open","sticky":false,"template":"","format":"standard","meta":{"footnotes":""},"categories":[16],"tags":[4626,22019,67],"class_list":["post-81344","post","type-post","status-publish","format-standard","has-post-thumbnail","hentry","category-gremiales","tag-ajb","tag-convocatoria","tag-paro"],"_links":{"self":[{"href":"https:\/\/www.elsindical.com.ar\/notas\/wp-json\/wp\/v2\/posts\/81344","targetHints":{"allow":["GET"]}}],"collection":[{"href":"https:\/\/www.elsindical.com.ar\/notas\/wp-json\/wp\/v2\/posts"}],"about":[{"href":"https:\/\/www.elsindical.com.ar\/notas\/wp-json\/wp\/v2\/types\/post"}],"author":[{"embeddable":true,"href":"https:\/\/www.elsindical.com.ar\/notas\/wp-json\/wp\/v2\/users\/1"}],"replies":[{"embeddable":true,"href":"https:\/\/www.elsindical.com.ar\/notas\/wp-json\/wp\/v2\/comments?post=81344"}],"version-history":[{"count":1,"href":"https:\/\/www.elsindical.com.ar\/notas\/wp-json\/wp\/v2\/posts\/81344\/revisions"}],"predecessor-version":[{"id":81346,"href":"https:\/\/www.elsindical.com.ar\/notas\/wp-json\/wp\/v2\/posts\/81344\/revisions\/81346"}],"wp:featuredmedia":[{"embeddable":true,"href":"https:\/\/www.elsindical.com.ar\/notas\/wp-json\/wp\/v2\/media\/81345"}],"wp:attachment":[{"href":"https:\/\/www.elsindical.com.ar\/notas\/wp-json\/wp\/v2\/media?parent=81344"}],"wp:term":[{"taxonomy":"category","embeddable":true,"href":"https:\/\/www.elsindical.com.ar\/notas\/wp-json\/wp\/v2\/categories?post=81344"},{"taxonomy":"post_tag","embeddable":true,"href":"https:\/\/www.elsindical.com.ar\/notas\/wp-json\/wp\/v2\/tags?post=81344"}],"curies":[{"name":"wp","href":"https:\/\/api.w.org\/{rel}","templated":true}]}}