{"id":81314,"date":"2018-09-20T21:34:50","date_gmt":"2018-09-21T00:34:50","guid":{"rendered":"http:\/\/www.elsindical.com.ar\/notas\/?p=81314"},"modified":"2018-09-20T21:34:50","modified_gmt":"2018-09-21T00:34:50","slug":"inseguridad-en-avellaneda-mentiras-negocios-y-politica","status":"publish","type":"post","link":"https:\/\/www.elsindical.com.ar\/notas\/inseguridad-en-avellaneda-mentiras-negocios-y-politica\/","title":{"rendered":"Inseguridad en Avellaneda, mentiras, negocios y pol\u00edtica"},"content":{"rendered":"<p><a href=\"http:\/\/www.elsindical.com.ar\/notas\/var\/www\/html\/notas\/wp-content\/uploads\/2018\/09\/convocatoria-marcha-la-polo-judicial.jpg\"><img loading=\"lazy\" decoding=\"async\" class=\"alignnone size-medium wp-image-81315\" src=\"http:\/\/www.elsindical.com.ar\/notas\/var\/www\/html\/notas\/wp-content\/uploads\/2018\/09\/convocatoria-marcha-la-polo-judicial-300x200.jpg\" alt=\"\" width=\"300\" height=\"200\" srcset=\"https:\/\/www.elsindical.com.ar\/notas\/var\/www\/html\/notas\/wp-content\/uploads\/2018\/09\/convocatoria-marcha-la-polo-judicial-300x200.jpg 300w, https:\/\/www.elsindical.com.ar\/notas\/var\/www\/html\/notas\/wp-content\/uploads\/2018\/09\/convocatoria-marcha-la-polo-judicial-768x512.jpg 768w, https:\/\/www.elsindical.com.ar\/notas\/var\/www\/html\/notas\/wp-content\/uploads\/2018\/09\/convocatoria-marcha-la-polo-judicial-450x300.jpg 450w, https:\/\/www.elsindical.com.ar\/notas\/var\/www\/html\/notas\/wp-content\/uploads\/2018\/09\/convocatoria-marcha-la-polo-judicial.jpg 960w\" sizes=\"auto, (max-width: 300px) 100vw, 300px\" \/><\/a>\u00a0 \u00a0Una nueve y extra\u00f1a convocatoria arenga a los vecinos de Avellaneda a reclamar el viernes 21 de septiembre a las 20:00 hs en\u00a0 las puertas del Polo Judicial de Avellaneda, lo cual no estar\u00eda mal si no fuera que por el horario los funcionarios judiciales lo van a mirar por las redes o en alg\u00fan medio si es que la convocatoria logra sumar m\u00e1s gente que la \u00faltima que fue un fracaso.<\/p>\n<p>Dos \u00abpersonajes\u00bb que hasta hace unos meses se disputaban primicias que levantaban de otros medios, ahora por una cuesti\u00f3n pol\u00edtica y monetaria publican supuestos hechos delictivos que no ocurrieron con damnificados que no se identifican y denuncias policiales o judiciales que nunca se realizaron.<\/p>\n<p>\u00bfExiste inseguridad en Avellaneda? S\u00cd, por eso resulta de una enorme bajeza que se intente generar un temor mayor por una cuesti\u00f3n pol\u00edtica y en esto no se trata solo de que los dos personajes respondan a CAMBIEMOS, sino que hay una profunda interna en CAMBIEMOS, donde se intenta salpicar a la gobernaci\u00f3n con la incapacidad de trabajo frente a la inseguridad.<\/p>\n<p>Ni Marcelo Frecha, ni Marcelo Brunwald suelen citar fuentes, son tan poco serios que si realmente tuvieran pruebas de sus dichos alguna vez hubieran realizado una denuncia formal en lugar de dejar todo como trascendidos, ambos tambi\u00e9n por desconocer el ambiente policial, se han prestado a internas policiales generando m\u00e1s da\u00f1o que soluciones o como en el caso de Brunwald prostituir la verdad para presionar a algunos jefes policiales, porque cuando sos honesto si sos valiente para publicar sos valiente para denunciar.<\/p>\n<p>Las \u00faltimas noticias de est\u00e1s 24 horas previas a la marcha ambos han publicado hechos ficticios como reales, es indigno de cualquier persona de bien generar alertas con temas sensibles y graves, por ejemplo se public\u00f3 que en la Plaza Alsina, una mujer pele\u00f3 con un hombre que ten\u00eda a su hija en brazos con intenciones de llevarla a un auto donde lo esperaba un c\u00f3mplice y que con ayuda de otras personas pudieron rescatar a la nena y el hombre fue reducido y detenido por la polic\u00eda pero que el auto escap\u00f3, ante semejante publicaci\u00f3n trat\u00e9 de averiguar si exist\u00eda denuncia, aprehendido o constancia policial de un hecho semejante, la respuesta fue negativa. Algunos vecinos de Sarand\u00ed me preguntaban por unos mail que estaban recibiendo sobre un supuesto delincuente filmado por c\u00e1maras de seguridad que rondaba, el mismo delincuente y las mismas im\u00e1genes se recibieron en otros barrios y finalmente se determin\u00f3 que el delincuente y los robos eran cometidos en Quilmes, m\u00e1s precisamente en Bernal.<\/p>\n<p>Ante esta gravedad de generar alarma con hechos inexistentes, sea por pol\u00edtica, por negocio o bien por figurar, es que las autoridades del municipio y de la gobernaci\u00f3n deber\u00edan proceder a denunciar estas maniobras que no son simples errores de informaci\u00f3n, no se trata de difundir sin chequear sino que se trata de un plan con la intervenci\u00f3n de dos o m\u00e1s personas, lo que se conoce como asociaci\u00f3n il\u00edcita, es evidente que hay m\u00e1s de una persona participando, en el caso de los dos seudoperiodistas estar\u00eda bueno expliquen sus publicaciones sobre hechos que no ocurrieron, como tambi\u00e9n expliquen por qu\u00e9 no tributan como todos por sus servicios de publicidad.<\/p>\n<p>Es innegable que existe un problema de inseguridad en la provincia de Buenos Aires, no solo en Avellaneda, hay que ser responsables en lo que se publica y en lo que se permite publicar, he visto que hay gente que habla de zonas liberadas, cuando no tienen idea del significado de ese t\u00e9rmino.<\/p>\n<p>Los vecinos no suelen tener continuidad en los reclamos y eso debilita cualquier acci\u00f3n seria para enfrentar el problema, hay que definir qu\u00e9 est\u00e1 fallando y dejar de repetir las pavadas de los oportunistas que creen que la inseguridad se combate con m\u00e1s polic\u00edas, con m\u00e1s patrullas o con sistemas de seguridad, la soluci\u00f3n es m\u00e1s compleja y no se puede definir en una marcha.<\/p>\n<p>Hay responsabilidades compartidas, tanto del municipio, como de la gobernaci\u00f3n, existen responsabilidades judiciales y obvio que hay responsabilidad policial, pero hay que ser muy turro para no reconocer que existe un esfuerzo y una actitud diferente, recorro a diario el municipio y veo los controles policiales, veo la presencia de otras fuerzas y veo la cantidad de aprehendidos diarios, tambi\u00e9n he visto las estad\u00edsticas del Ministerio de Seguridad Bonaerense que son p\u00fablicas y Avellaneda tiene una estad\u00edstica dentro de lo eficiente, debajo del trabajo policial en Lan\u00fas, con la diferencia de que Lan\u00fas cuenta desde hace tres a\u00f1os con una fuerte presencia de fuerzas federales.<\/p>\n<p>Con qu\u00e9 cara le reclamas a un polic\u00eda si no valoras su trabajo?, para pedir respeto se tiene que pedir con respeto y si hay que denunciar, hay que denunciar, no habr\u00e1 soluci\u00f3n sin ser responsables, sin informarse, sin tomar distancia de los que pretenden usar el miedo para su beneficio.<\/p>\n<p>&nbsp;<\/p>\n<p>Por Marcelo Ricardo Hawrylciw<\/p>\n","protected":false},"excerpt":{"rendered":"<p>\u00a0 \u00a0Una nueve y extra\u00f1a convocatoria arenga a los vecinos de Avellaneda a reclamar el viernes 21 de septiembre a las 20:00 hs en\u00a0 las puertas del Polo Judicial de Avellaneda, lo cual no estar\u00eda mal si no fuera que por el horario los funcionarios judiciales lo van a mirar por las redes o en&hellip;<\/p>\n","protected":false},"author":1,"featured_media":81315,"comment_status":"open","ping_status":"open","sticky":false,"template":"","format":"standard","meta":{"footnotes":""},"categories":[10],"tags":[22169,984,19574,17822,156,5866,986],"class_list":["post-81314","post","type-post","status-publish","format-standard","has-post-thumbnail","hentry","category-editorial","tag-cambiemos","tag-inseguridad","tag-marcelo-brunwald","tag-marcelo-frecha","tag-marcha","tag-polo-judicial-de-avellaneda","tag-vecinos"],"_links":{"self":[{"href":"https:\/\/www.elsindical.com.ar\/notas\/wp-json\/wp\/v2\/posts\/81314","targetHints":{"allow":["GET"]}}],"collection":[{"href":"https:\/\/www.elsindical.com.ar\/notas\/wp-json\/wp\/v2\/posts"}],"about":[{"href":"https:\/\/www.elsindical.com.ar\/notas\/wp-json\/wp\/v2\/types\/post"}],"author":[{"embeddable":true,"href":"https:\/\/www.elsindical.com.ar\/notas\/wp-json\/wp\/v2\/users\/1"}],"replies":[{"embeddable":true,"href":"https:\/\/www.elsindical.com.ar\/notas\/wp-json\/wp\/v2\/comments?post=81314"}],"version-history":[{"count":1,"href":"https:\/\/www.elsindical.com.ar\/notas\/wp-json\/wp\/v2\/posts\/81314\/revisions"}],"predecessor-version":[{"id":81316,"href":"https:\/\/www.elsindical.com.ar\/notas\/wp-json\/wp\/v2\/posts\/81314\/revisions\/81316"}],"wp:featuredmedia":[{"embeddable":true,"href":"https:\/\/www.elsindical.com.ar\/notas\/wp-json\/wp\/v2\/media\/81315"}],"wp:attachment":[{"href":"https:\/\/www.elsindical.com.ar\/notas\/wp-json\/wp\/v2\/media?parent=81314"}],"wp:term":[{"taxonomy":"category","embeddable":true,"href":"https:\/\/www.elsindical.com.ar\/notas\/wp-json\/wp\/v2\/categories?post=81314"},{"taxonomy":"post_tag","embeddable":true,"href":"https:\/\/www.elsindical.com.ar\/notas\/wp-json\/wp\/v2\/tags?post=81314"}],"curies":[{"name":"wp","href":"https:\/\/api.w.org\/{rel}","templated":true}]}}