{"id":81234,"date":"2018-09-15T22:43:07","date_gmt":"2018-09-16T01:43:07","guid":{"rendered":"http:\/\/www.elsindical.com.ar\/notas\/?p=81234"},"modified":"2018-09-15T22:43:07","modified_gmt":"2018-09-16T01:43:07","slug":"san-pedro-cierran-una-autopartista-y-despide-a-67-trabajadores","status":"publish","type":"post","link":"https:\/\/www.elsindical.com.ar\/notas\/san-pedro-cierran-una-autopartista-y-despide-a-67-trabajadores\/","title":{"rendered":"San Pedro cierran una autopartista y despide a 67 trabajadores"},"content":{"rendered":"<p><a href=\"http:\/\/www.elsindical.com.ar\/notas\/var\/www\/html\/notas\/wp-content\/uploads\/2018\/09\/autopartista-COPLAC.jpg\"><img loading=\"lazy\" decoding=\"async\" class=\"alignnone size-medium wp-image-81235\" src=\"http:\/\/www.elsindical.com.ar\/notas\/var\/www\/html\/notas\/wp-content\/uploads\/2018\/09\/autopartista-COPLAC-300x179.jpg\" alt=\"\" width=\"300\" height=\"179\" srcset=\"https:\/\/www.elsindical.com.ar\/notas\/var\/www\/html\/notas\/wp-content\/uploads\/2018\/09\/autopartista-COPLAC-300x179.jpg 300w, https:\/\/www.elsindical.com.ar\/notas\/var\/www\/html\/notas\/wp-content\/uploads\/2018\/09\/autopartista-COPLAC-500x298.jpg 500w, https:\/\/www.elsindical.com.ar\/notas\/var\/www\/html\/notas\/wp-content\/uploads\/2018\/09\/autopartista-COPLAC.jpg 620w\" sizes=\"auto, (max-width: 300px) 100vw, 300px\" \/><\/a>\u00a0 Luego de una semana de negociaciones los propietarios de la autopartista Coplac decidieron cerrar la planta y despedir a todo el personal. La medida deriv\u00f3 en la intervenci\u00f3n del Ministerio de Trabajo que dict\u00f3 la conciliaci\u00f3n obligatoria, medida que exige retrotraer la situaci\u00f3n al momento previo al conflicto.<\/p>\n<p>Desde hace varios d\u00edas los trabajadores de la planta Coplac manten\u00edan una medida de fuerza en reclamo de salarios adeudados y mejoras laborales. Si bien hubo varias negociaciones, en la tarde del jueves el propietario de la empresa decidi\u00f3 cesar las tareas y en la ma\u00f1ana del viernes los empleados comenzaron a recibir los telegramas de despido.<\/p>\n<p>En total son 67 los trabajadores, incluido el personal jer\u00e1rquico, ya que la firma decidi\u00f3 cerrar definitivamente la planta disconforme con la postura tomada por los operarios.<\/p>\n<p>Tras la medida, los trabajadores decidieron levantar el corte de ruta dispuesto sobre Camino Crucero General Belgrano, organizado tras ser cesanteados, y permanecer\u00e1n en asamblea en las puertas de la f\u00e1brica.<\/p>\n<p>Ante el acatamiento de la conciliaci\u00f3n por parte del sindicato, el grupo que le toca trabajar a partir de las 6 de la ma\u00f1ana se presentar\u00e1 en la f\u00e1brica, a la espera de que los propietarios abran las puertas y pongan las m\u00e1quinas en funcionamiento. (<strong>InfoGEI<\/strong>) Mg<\/p>\n","protected":false},"excerpt":{"rendered":"<p>\u00a0 Luego de una semana de negociaciones los propietarios de la autopartista Coplac decidieron cerrar la planta y despedir a todo el personal. La medida deriv\u00f3 en la intervenci\u00f3n del Ministerio de Trabajo que dict\u00f3 la conciliaci\u00f3n obligatoria, medida que exige retrotraer la situaci\u00f3n al momento previo al conflicto. Desde hace varios d\u00edas los trabajadores&hellip;<\/p>\n","protected":false},"author":1,"featured_media":81235,"comment_status":"open","ping_status":"open","sticky":false,"template":"","format":"standard","meta":{"footnotes":""},"categories":[16],"tags":[3539,29553,53,1855],"class_list":["post-81234","post","type-post","status-publish","format-standard","has-post-thumbnail","hentry","category-gremiales","tag-conciliacion-obligatoria","tag-coplac","tag-despidos","tag-san-pedro"],"_links":{"self":[{"href":"https:\/\/www.elsindical.com.ar\/notas\/wp-json\/wp\/v2\/posts\/81234","targetHints":{"allow":["GET"]}}],"collection":[{"href":"https:\/\/www.elsindical.com.ar\/notas\/wp-json\/wp\/v2\/posts"}],"about":[{"href":"https:\/\/www.elsindical.com.ar\/notas\/wp-json\/wp\/v2\/types\/post"}],"author":[{"embeddable":true,"href":"https:\/\/www.elsindical.com.ar\/notas\/wp-json\/wp\/v2\/users\/1"}],"replies":[{"embeddable":true,"href":"https:\/\/www.elsindical.com.ar\/notas\/wp-json\/wp\/v2\/comments?post=81234"}],"version-history":[{"count":1,"href":"https:\/\/www.elsindical.com.ar\/notas\/wp-json\/wp\/v2\/posts\/81234\/revisions"}],"predecessor-version":[{"id":81236,"href":"https:\/\/www.elsindical.com.ar\/notas\/wp-json\/wp\/v2\/posts\/81234\/revisions\/81236"}],"wp:featuredmedia":[{"embeddable":true,"href":"https:\/\/www.elsindical.com.ar\/notas\/wp-json\/wp\/v2\/media\/81235"}],"wp:attachment":[{"href":"https:\/\/www.elsindical.com.ar\/notas\/wp-json\/wp\/v2\/media?parent=81234"}],"wp:term":[{"taxonomy":"category","embeddable":true,"href":"https:\/\/www.elsindical.com.ar\/notas\/wp-json\/wp\/v2\/categories?post=81234"},{"taxonomy":"post_tag","embeddable":true,"href":"https:\/\/www.elsindical.com.ar\/notas\/wp-json\/wp\/v2\/tags?post=81234"}],"curies":[{"name":"wp","href":"https:\/\/api.w.org\/{rel}","templated":true}]}}