{"id":81071,"date":"2018-09-11T09:35:44","date_gmt":"2018-09-11T12:35:44","guid":{"rendered":"http:\/\/www.elsindical.com.ar\/notas\/?p=81071"},"modified":"2018-09-11T09:35:44","modified_gmt":"2018-09-11T12:35:44","slug":"el-poder-de-compra-de-los-trabajadores-es-el-peor-en-ocho-anos","status":"publish","type":"post","link":"https:\/\/www.elsindical.com.ar\/notas\/el-poder-de-compra-de-los-trabajadores-es-el-peor-en-ocho-anos\/","title":{"rendered":"El poder de compra de los trabajadores es el peor en ocho a\u00f1os"},"content":{"rendered":"<p><em><a href=\"http:\/\/www.elsindical.com.ar\/notas\/var\/www\/html\/notas\/wp-content\/uploads\/2017\/10\/gastos-alimentos.jpg\"><img loading=\"lazy\" decoding=\"async\" class=\"alignnone size-medium wp-image-73159\" src=\"http:\/\/www.elsindical.com.ar\/notas\/var\/www\/html\/notas\/wp-content\/uploads\/2017\/10\/gastos-alimentos-300x180.jpg\" alt=\"\" width=\"300\" height=\"180\" srcset=\"https:\/\/www.elsindical.com.ar\/notas\/var\/www\/html\/notas\/wp-content\/uploads\/2017\/10\/gastos-alimentos-300x180.jpg 300w, https:\/\/www.elsindical.com.ar\/notas\/var\/www\/html\/notas\/wp-content\/uploads\/2017\/10\/gastos-alimentos-768x461.jpg 768w, https:\/\/www.elsindical.com.ar\/notas\/var\/www\/html\/notas\/wp-content\/uploads\/2017\/10\/gastos-alimentos-1024x615.jpg 1024w, https:\/\/www.elsindical.com.ar\/notas\/var\/www\/html\/notas\/wp-content\/uploads\/2017\/10\/gastos-alimentos-500x300.jpg 500w, https:\/\/www.elsindical.com.ar\/notas\/var\/www\/html\/notas\/wp-content\/uploads\/2017\/10\/gastos-alimentos.jpg 1170w\" sizes=\"auto, (max-width: 300px) 100vw, 300px\" \/><\/a>\u00a0 \u00a0Es una de las conclusiones a las que lleg\u00f3 el Instituto Estad\u00edstico de los Trabajadores (IET). Entre noviembre de 2015 y agosto de 2018, el salario real cay\u00f3 11,7%.<\/em><\/p>\n<p><strong>El Instituto Estad\u00edstico de los Trabajadores (IET)<\/strong>, organismo dependiente de la Universidad Metropolitana para la Educaci\u00f3n y el Trabajo (UMET), present\u00f3 el informe mensual de inflaci\u00f3n correspondiente para agosto de 2018.<\/p>\n<p>El informe detalla que la inflaci\u00f3n mensual (preliminar) de los asalariados registrados fue del <strong>4,3% en agosto, el valor mensual m\u00e1s alto desde abril de 2016<\/strong>.<\/p>\n<p>A su vez, en lo que va del a\u00f1o, la inflaci\u00f3n acumulada registra un alza del 24,5%, y si comparamos agosto de 2018 respecto al mismo mes del a\u00f1o pasado (los \u00faltimos doce meses), tal cifra se eleva al 34,1%.<\/p>\n<p>Los resultados de estos datos determinan que la inflaci\u00f3n acumulada de 2018 superar\u00e1 el 40% a fin de a\u00f1o; seg\u00fan releva el informe del IET, esta cifra \u201cfue reconocida por el gobierno en un documento interno en el cual se habla de inflaci\u00f3n del 42%\u201d.<\/p>\n<p><strong>Nicol\u00e1s Trotta<\/strong>, Rector de la UMET, enfatiz\u00f3 que \u201cla inflaci\u00f3n se acelera y es la tercera m\u00e1s alta en toda la gesti\u00f3n de Macri, y lo m\u00e1s preocupante, es que es el peor mes en cuanto a la ca\u00eda de capacidad de compra del salario\u201d.<\/p>\n<p>\u201c<strong>El poder de compra de los trabajadores es el peor en 8 a\u00f1os<\/strong>, lo que confirma meses de tensi\u00f3n distributiva en un proceso inflacionario muy complejo\u201d, agreg\u00f3.<\/p>\n<p>En sinton\u00eda con esta tendencia, el informe detalla que se prev\u00e9 para septiembre una inflaci\u00f3n similar o incluso superior a la de agosto, porque \u201cagosto no registr\u00f3 de lleno el impacto de la nueva disparada del d\u00f3lar, que empez\u00f3 el mes en $28 y en menos de una semana lo cerr\u00f3 alrededor de $38\u201d.<\/p>\n<p>El documento del IET destaca que sobresale el car\u00e1cter generalizado de las subas de precios: <strong>todas las \u00e1reas excepto Indumentaria y Esparcimiento registraron alzas mayores al 4%<\/strong>.<\/p>\n<p>Los rubros que m\u00e1s sufrieron son Transporte y Comunicaciones, que lideraron la suba con un 6,9%, consecuencia de la suba del transporte p\u00fablico en el AMBA (que incluy\u00f3 subas del 67% en subtes en CABA), y el alza en naftas.<\/p>\n<p>Le sigue Salud con una escalada del 6,2%, lo cual se explica porque las prepagas subieron 7,5%, junto a los medicamentos.<\/p>\n<p>Educaci\u00f3n y Equipamiento del Hogar subieron 5,4%; y Alimentos y Bebidas, que es el rubro que m\u00e1s repercute en los presupuestos familiares, se dispar\u00f3 un 4,5% en agosto, lo que determina que en el \u00faltimo a\u00f1o, los alimentos subieron casi un 30%.<\/p>\n<p>Por su parte, Vivienda trep\u00f3 4,5%, impulsada por subas del 17% en electricidad, y solo Indumentaria y Calzado (+0,4%) y Esparcimiento (-1,1%), tuvieron un agosto tranquilo en materia de precios.<\/p>\n<p>El IET tambi\u00e9n relev\u00f3 que <strong>entre noviembre de 2015 y agosto de 2018, el salario real cay\u00f3 11,7%<\/strong>. En la actualidad, se ubica no s\u00f3lo en el nivel m\u00e1s bajo en la era Cambiemos, sino en su peor nivel desde mediados de 2010.<\/p>\n<p>\u201cEl \u00edndice de inflaci\u00f3n de 4,3% para agosto, refleja claramente la brutal ca\u00edda del poder adquisitivo, que fue la m\u00e1s profunda registrada desde el 2010; estamos con una ca\u00edda de casi 12 puntos del poder adquisitivo del salario real\u201d, concluy\u00f3 <strong>Hugo Yasky<\/strong>, Secretario General de la CTA.<\/p>\n","protected":false},"excerpt":{"rendered":"<p>\u00a0 \u00a0Es una de las conclusiones a las que lleg\u00f3 el Instituto Estad\u00edstico de los Trabajadores (IET). Entre noviembre de 2015 y agosto de 2018, el salario real cay\u00f3 11,7%. El Instituto Estad\u00edstico de los Trabajadores (IET), organismo dependiente de la Universidad Metropolitana para la Educaci\u00f3n y el Trabajo (UMET), present\u00f3 el informe mensual de&hellip;<\/p>\n","protected":false},"author":1,"featured_media":73159,"comment_status":"open","ping_status":"open","sticky":false,"template":"","format":"standard","meta":{"footnotes":""},"categories":[9],"tags":[3468,5351,22023,29531,125,24847],"class_list":["post-81071","post","type-post","status-publish","format-standard","has-post-thumbnail","hentry","category-economia","tag-amba","tag-compras","tag-economia","tag-iet","tag-trabajadores","tag-umet"],"_links":{"self":[{"href":"https:\/\/www.elsindical.com.ar\/notas\/wp-json\/wp\/v2\/posts\/81071","targetHints":{"allow":["GET"]}}],"collection":[{"href":"https:\/\/www.elsindical.com.ar\/notas\/wp-json\/wp\/v2\/posts"}],"about":[{"href":"https:\/\/www.elsindical.com.ar\/notas\/wp-json\/wp\/v2\/types\/post"}],"author":[{"embeddable":true,"href":"https:\/\/www.elsindical.com.ar\/notas\/wp-json\/wp\/v2\/users\/1"}],"replies":[{"embeddable":true,"href":"https:\/\/www.elsindical.com.ar\/notas\/wp-json\/wp\/v2\/comments?post=81071"}],"version-history":[{"count":1,"href":"https:\/\/www.elsindical.com.ar\/notas\/wp-json\/wp\/v2\/posts\/81071\/revisions"}],"predecessor-version":[{"id":81072,"href":"https:\/\/www.elsindical.com.ar\/notas\/wp-json\/wp\/v2\/posts\/81071\/revisions\/81072"}],"wp:featuredmedia":[{"embeddable":true,"href":"https:\/\/www.elsindical.com.ar\/notas\/wp-json\/wp\/v2\/media\/73159"}],"wp:attachment":[{"href":"https:\/\/www.elsindical.com.ar\/notas\/wp-json\/wp\/v2\/media?parent=81071"}],"wp:term":[{"taxonomy":"category","embeddable":true,"href":"https:\/\/www.elsindical.com.ar\/notas\/wp-json\/wp\/v2\/categories?post=81071"},{"taxonomy":"post_tag","embeddable":true,"href":"https:\/\/www.elsindical.com.ar\/notas\/wp-json\/wp\/v2\/tags?post=81071"}],"curies":[{"name":"wp","href":"https:\/\/api.w.org\/{rel}","templated":true}]}}