{"id":81027,"date":"2018-09-09T17:23:27","date_gmt":"2018-09-09T20:23:27","guid":{"rendered":"http:\/\/www.elsindical.com.ar\/notas\/?p=81027"},"modified":"2018-09-09T17:23:27","modified_gmt":"2018-09-09T20:23:27","slug":"ex-jugador-de-boca-detenido-por-provocar-dos-muertes-en-choque","status":"publish","type":"post","link":"https:\/\/www.elsindical.com.ar\/notas\/ex-jugador-de-boca-detenido-por-provocar-dos-muertes-en-choque\/","title":{"rendered":"Ex jugador de Boca detenido por provocar dos muertes en choque"},"content":{"rendered":"<p><em>\u00a0<a href=\"http:\/\/www.elsindical.com.ar\/notas\/var\/www\/html\/notas\/wp-content\/uploads\/2018\/09\/Nahuel-Z\u00e1rate.jpg\"><img loading=\"lazy\" decoding=\"async\" class=\"alignnone size-medium wp-image-81028\" src=\"http:\/\/www.elsindical.com.ar\/notas\/var\/www\/html\/notas\/wp-content\/uploads\/2018\/09\/Nahuel-Z\u00e1rate-300x152.jpg\" alt=\"\" width=\"300\" height=\"152\" srcset=\"https:\/\/www.elsindical.com.ar\/notas\/var\/www\/html\/notas\/wp-content\/uploads\/2018\/09\/Nahuel-Z\u00e1rate-300x152.jpg 300w, https:\/\/www.elsindical.com.ar\/notas\/var\/www\/html\/notas\/wp-content\/uploads\/2018\/09\/Nahuel-Z\u00e1rate-768x389.jpg 768w, https:\/\/www.elsindical.com.ar\/notas\/var\/www\/html\/notas\/wp-content\/uploads\/2018\/09\/Nahuel-Z\u00e1rate-500x253.jpg 500w, https:\/\/www.elsindical.com.ar\/notas\/var\/www\/html\/notas\/wp-content\/uploads\/2018\/09\/Nahuel-Z\u00e1rate.jpg 970w\" sizes=\"auto, (max-width: 300px) 100vw, 300px\" \/><\/a> Se trata de Nahuel Z\u00e1rate. Hay dos muertos.<\/em><\/p>\n<p>El futbolista Nahuel Z\u00e1rate est\u00e1 detenido por provocar un choque sobre la avenida General Paz a la altura de Villa Lugano, en el que fallecieron dos personas.<\/p>\n<p>El hecho ocurri\u00f3 en las primeras horas de este domingo cuando Z\u00e1rate, que conduc\u00eda un Volkswagen Scirocco, embisti\u00f3 por detr\u00e1s a un taxi y sus dos ocupantes, de 55 y 54 a\u00f1os, murieron en el acto. El accidente ocurri\u00f3 sobre la avenida General Paz a la altura de Lugano, en el cruce con Madariaga, a 300 metros.<\/p>\n<p>Seg\u00fan el informe policial, Z\u00e1rate fue trasladado por Same al Hospital Santojanni, con traumatismos varios. Ya fue dado de alta y permanece detenido a la espera de lo que disponga la Justicia.<\/p>\n<p>Z\u00e1rate, de 25 a\u00f1os, debut\u00f3 en Boca en 2013 y despu\u00e9s pas\u00f3 por Godoy Cruz, Uni\u00f3n de Santa Fe y Atl\u00e9tico Tucum\u00e1n. Actualmente se encuentra sin club.<\/p>\n<p><a href=\"http:\/\/www.elsindical.com.ar\/notas\/var\/www\/html\/notas\/wp-content\/uploads\/2018\/09\/taxi-chocado-por-Z\u00e1rate.jpg\"><img loading=\"lazy\" decoding=\"async\" class=\"alignnone size-medium wp-image-81029\" src=\"http:\/\/www.elsindical.com.ar\/notas\/var\/www\/html\/notas\/wp-content\/uploads\/2018\/09\/taxi-chocado-por-Z\u00e1rate-300x175.jpg\" alt=\"\" width=\"300\" height=\"175\" srcset=\"https:\/\/www.elsindical.com.ar\/notas\/var\/www\/html\/notas\/wp-content\/uploads\/2018\/09\/taxi-chocado-por-Z\u00e1rate-300x175.jpg 300w, https:\/\/www.elsindical.com.ar\/notas\/var\/www\/html\/notas\/wp-content\/uploads\/2018\/09\/taxi-chocado-por-Z\u00e1rate-500x292.jpg 500w, https:\/\/www.elsindical.com.ar\/notas\/var\/www\/html\/notas\/wp-content\/uploads\/2018\/09\/taxi-chocado-por-Z\u00e1rate.jpg 660w\" sizes=\"auto, (max-width: 300px) 100vw, 300px\" \/><\/a><\/p>\n","protected":false},"excerpt":{"rendered":"<p>\u00a0 Se trata de Nahuel Z\u00e1rate. Hay dos muertos. El futbolista Nahuel Z\u00e1rate est\u00e1 detenido por provocar un choque sobre la avenida General Paz a la altura de Villa Lugano, en el que fallecieron dos personas. El hecho ocurri\u00f3 en las primeras horas de este domingo cuando Z\u00e1rate, que conduc\u00eda un Volkswagen Scirocco, embisti\u00f3 por&hellip;<\/p>\n","protected":false},"author":1,"featured_media":81028,"comment_status":"open","ping_status":"open","sticky":false,"template":"","format":"standard","meta":{"footnotes":""},"categories":[22],"tags":[651,649,29519,4972,1178],"class_list":["post-81027","post","type-post","status-publish","format-standard","has-post-thumbnail","hentry","category-policiales","tag-choque","tag-muertos","tag-nahuel-zarate","tag-taxi","tag-villa-lugano"],"_links":{"self":[{"href":"https:\/\/www.elsindical.com.ar\/notas\/wp-json\/wp\/v2\/posts\/81027","targetHints":{"allow":["GET"]}}],"collection":[{"href":"https:\/\/www.elsindical.com.ar\/notas\/wp-json\/wp\/v2\/posts"}],"about":[{"href":"https:\/\/www.elsindical.com.ar\/notas\/wp-json\/wp\/v2\/types\/post"}],"author":[{"embeddable":true,"href":"https:\/\/www.elsindical.com.ar\/notas\/wp-json\/wp\/v2\/users\/1"}],"replies":[{"embeddable":true,"href":"https:\/\/www.elsindical.com.ar\/notas\/wp-json\/wp\/v2\/comments?post=81027"}],"version-history":[{"count":1,"href":"https:\/\/www.elsindical.com.ar\/notas\/wp-json\/wp\/v2\/posts\/81027\/revisions"}],"predecessor-version":[{"id":81030,"href":"https:\/\/www.elsindical.com.ar\/notas\/wp-json\/wp\/v2\/posts\/81027\/revisions\/81030"}],"wp:featuredmedia":[{"embeddable":true,"href":"https:\/\/www.elsindical.com.ar\/notas\/wp-json\/wp\/v2\/media\/81028"}],"wp:attachment":[{"href":"https:\/\/www.elsindical.com.ar\/notas\/wp-json\/wp\/v2\/media?parent=81027"}],"wp:term":[{"taxonomy":"category","embeddable":true,"href":"https:\/\/www.elsindical.com.ar\/notas\/wp-json\/wp\/v2\/categories?post=81027"},{"taxonomy":"post_tag","embeddable":true,"href":"https:\/\/www.elsindical.com.ar\/notas\/wp-json\/wp\/v2\/tags?post=81027"}],"curies":[{"name":"wp","href":"https:\/\/api.w.org\/{rel}","templated":true}]}}