{"id":81025,"date":"2018-09-09T10:24:08","date_gmt":"2018-09-09T13:24:08","guid":{"rendered":"http:\/\/www.elsindical.com.ar\/notas\/?p=81025"},"modified":"2018-09-09T10:24:08","modified_gmt":"2018-09-09T13:24:08","slug":"tambien-aumenta-la-yerba-mate","status":"publish","type":"post","link":"https:\/\/www.elsindical.com.ar\/notas\/tambien-aumenta-la-yerba-mate\/","title":{"rendered":"Tambi\u00e9n aumenta la Yerba Mate"},"content":{"rendered":"<p><em><a href=\"http:\/\/www.elsindical.com.ar\/notas\/var\/www\/html\/notas\/wp-content\/uploads\/2018\/06\/yerba-y-mate.jpg\"><img loading=\"lazy\" decoding=\"async\" class=\"alignnone size-medium wp-image-78835\" src=\"http:\/\/www.elsindical.com.ar\/notas\/var\/www\/html\/notas\/wp-content\/uploads\/2018\/06\/yerba-y-mate-300x169.jpg\" alt=\"\" width=\"300\" height=\"169\" srcset=\"https:\/\/www.elsindical.com.ar\/notas\/var\/www\/html\/notas\/wp-content\/uploads\/2018\/06\/yerba-y-mate-300x169.jpg 300w, https:\/\/www.elsindical.com.ar\/notas\/var\/www\/html\/notas\/wp-content\/uploads\/2018\/06\/yerba-y-mate-500x281.jpg 500w, https:\/\/www.elsindical.com.ar\/notas\/var\/www\/html\/notas\/wp-content\/uploads\/2018\/06\/yerba-y-mate-460x260.jpg 460w, https:\/\/www.elsindical.com.ar\/notas\/var\/www\/html\/notas\/wp-content\/uploads\/2018\/06\/yerba-y-mate.jpg 715w\" sizes=\"auto, (max-width: 300px) 100vw, 300px\" \/><\/a>\u00a0 El aumento ser\u00e1 del 20% en el precio de la hoja. Reclamaban un 45%.<\/em><\/p>\n<p><strong>Luego del encarecimiento del kilo de pan y de la bolsa de harina, otro producto de la canasta b\u00e1sica tiene confirmado su aumento.<\/strong> El pr\u00f3ximo mes, la yerba mate tendr\u00e1 una suba en el precio de g\u00f3ndola, a ra\u00edz de un acuerdo con los productores que fij\u00f3 un incremento del 20% en la materia prima.<\/p>\n<p><strong>El Instituto Nacional de la Yerba Mate (INYM) inform\u00f3 que logr\u00f3 consenso entre los miembros del directorio<\/strong> y los nuevos valores para la materia prima tendr\u00e1n vigencia entre octubre 2018 a marzo 2019.<\/p>\n<p>El kilogramo de la hoja verde pas\u00f3 a 8,40 pesos y el kilogramo de la canchada salt\u00f3 a 31,40 pesos, en ambos casos puesto en secadero.<\/p>\n<p>El precio de la yerba mate en las g\u00f3ndolas de los supermercados y almacenes ven\u00eda registrando aumentos por goteo en los \u00faltimos meses de la mano de la inflaci\u00f3n, lo que llev\u00f3 al paquete de un kilo a superar ya los 100 pesos.<\/p>\n<p><strong>El precio para el semestre Octubre 2018 \u2013 Marzo 2019 qued\u00f3 establecido en la Resoluci\u00f3n 317\/18 del INYM,<\/strong> donde adem\u00e1s sedetermina que el incumplimiento de los valores fijados har\u00e1 pasible al infractor de las sanciones dispuestas en la Ley 25.564.<\/p>\n<p>La Ley 25.564 del INYM establece que los precios para el kilogramo de hoja verde de yerba mate y el kilogramo de yerba canchada deben ser acordados dos veces al a\u00f1o, lo que ocurre en marzo y en septiembre de cada a\u00f1o.<\/p>\n<p>Los valores deben ser fijados por acuerdo un\u00e1nime del Directorio, y en caso de no lograrse el mismo, deben ser definidos por la secretar\u00eda de Agroindustria que conduce Luis Miguel Etchevehere.<\/p>\n<p>La unanimidad para establecer los nuevos valores lleg\u00f3 luego de tres horas de debate en la sede del INYM, en la ciudad de Posadas, entre representantes de la cadena yerbatera, es decir, cosecheros, productores, cooperativas, secaderos, industria y Gobiernos de la Naci\u00f3n y de las provincias productoras Misiones y Corrientes.<\/p>\n<p>Cada una de las partes present\u00f3 y argument\u00f3 los costos y precios que sostienen deben regir durante la cosecha de verano y se resolvi\u00f3 un incremento promedio del 20% para la hoja verde y la canchada.<\/p>\n<p>El Directorio del INYM est\u00e1 integrado por un representante del Gobierno nacional, que ejerce el cargo de Presidente; representantes de los Gobiernos de Misiones (Ricardo Maciel y Marta Cunha) y otro de Corrientes (Esteban Fridlmeier).<\/p>\n","protected":false},"excerpt":{"rendered":"<p>\u00a0 El aumento ser\u00e1 del 20% en el precio de la hoja. Reclamaban un 45%. Luego del encarecimiento del kilo de pan y de la bolsa de harina, otro producto de la canasta b\u00e1sica tiene confirmado su aumento. El pr\u00f3ximo mes, la yerba mate tendr\u00e1 una suba en el precio de g\u00f3ndola, a ra\u00edz de&hellip;<\/p>\n","protected":false},"author":1,"featured_media":78835,"comment_status":"open","ping_status":"open","sticky":false,"template":"","format":"standard","meta":{"footnotes":""},"categories":[9],"tags":[357,22023,4741,11188],"class_list":["post-81025","post","type-post","status-publish","format-standard","has-post-thumbnail","hentry","category-economia","tag-aumento","tag-economia","tag-precio","tag-yerba"],"_links":{"self":[{"href":"https:\/\/www.elsindical.com.ar\/notas\/wp-json\/wp\/v2\/posts\/81025","targetHints":{"allow":["GET"]}}],"collection":[{"href":"https:\/\/www.elsindical.com.ar\/notas\/wp-json\/wp\/v2\/posts"}],"about":[{"href":"https:\/\/www.elsindical.com.ar\/notas\/wp-json\/wp\/v2\/types\/post"}],"author":[{"embeddable":true,"href":"https:\/\/www.elsindical.com.ar\/notas\/wp-json\/wp\/v2\/users\/1"}],"replies":[{"embeddable":true,"href":"https:\/\/www.elsindical.com.ar\/notas\/wp-json\/wp\/v2\/comments?post=81025"}],"version-history":[{"count":1,"href":"https:\/\/www.elsindical.com.ar\/notas\/wp-json\/wp\/v2\/posts\/81025\/revisions"}],"predecessor-version":[{"id":81026,"href":"https:\/\/www.elsindical.com.ar\/notas\/wp-json\/wp\/v2\/posts\/81025\/revisions\/81026"}],"wp:featuredmedia":[{"embeddable":true,"href":"https:\/\/www.elsindical.com.ar\/notas\/wp-json\/wp\/v2\/media\/78835"}],"wp:attachment":[{"href":"https:\/\/www.elsindical.com.ar\/notas\/wp-json\/wp\/v2\/media?parent=81025"}],"wp:term":[{"taxonomy":"category","embeddable":true,"href":"https:\/\/www.elsindical.com.ar\/notas\/wp-json\/wp\/v2\/categories?post=81025"},{"taxonomy":"post_tag","embeddable":true,"href":"https:\/\/www.elsindical.com.ar\/notas\/wp-json\/wp\/v2\/tags?post=81025"}],"curies":[{"name":"wp","href":"https:\/\/api.w.org\/{rel}","templated":true}]}}