{"id":80963,"date":"2018-09-05T15:16:15","date_gmt":"2018-09-05T18:16:15","guid":{"rendered":"http:\/\/www.elsindical.com.ar\/notas\/?p=80963"},"modified":"2018-09-05T15:16:15","modified_gmt":"2018-09-05T18:16:15","slug":"chaco-maestra-del-nene-asesinado-aseguro-que-no-es-delincuente","status":"publish","type":"post","link":"https:\/\/www.elsindical.com.ar\/notas\/chaco-maestra-del-nene-asesinado-aseguro-que-no-es-delincuente\/","title":{"rendered":"Chaco: Maestra del nene asesinado asegur\u00f3 que no es delincuente"},"content":{"rendered":"<p><em><a href=\"http:\/\/www.elsindical.com.ar\/notas\/var\/www\/html\/notas\/wp-content\/uploads\/2018\/09\/Ismael-asesinado-en-Chaco.jpg\"><img loading=\"lazy\" decoding=\"async\" class=\"alignnone size-medium wp-image-80965\" src=\"http:\/\/www.elsindical.com.ar\/notas\/var\/www\/html\/notas\/wp-content\/uploads\/2018\/09\/Ismael-asesinado-en-Chaco-300x182.jpg\" alt=\"\" width=\"300\" height=\"182\" srcset=\"https:\/\/www.elsindical.com.ar\/notas\/var\/www\/html\/notas\/wp-content\/uploads\/2018\/09\/Ismael-asesinado-en-Chaco-300x182.jpg 300w, https:\/\/www.elsindical.com.ar\/notas\/var\/www\/html\/notas\/wp-content\/uploads\/2018\/09\/Ismael-asesinado-en-Chaco-493x300.jpg 493w, https:\/\/www.elsindical.com.ar\/notas\/var\/www\/html\/notas\/wp-content\/uploads\/2018\/09\/Ismael-asesinado-en-Chaco.jpg 605w\" sizes=\"auto, (max-width: 300px) 100vw, 300px\" \/><\/a>\u00a0 La docente escribi\u00f3 unas conmovedoras palabras de despedida en Facebook y defendi\u00f3 la imagen de Ismael, de 13 a\u00f1os, quien falleci\u00f3 de un disparo en medios de disturbios en un supermercado.<\/em><\/p>\n<p><strong>Ismael Ram\u00edrez<\/strong>, el\u00a0chico de 13 a\u00f1os que fue asesinado durante un intento de saqueo\u00a0en un supermercado de la localidad de Presidencia Roque S\u00e1enz Pe\u00f1a,\u00a0 Chaco, fue despedido este \u00faltimo martes por una de sus docentes a trav\u00e9s de un emotivo mensaje de\u00a0Facebook.<\/p>\n<p><em>\u00abQue los \u00c1ngeles te reciban en sus brazos y brille para vos la luz que no tiene fin&#8230;\u00a0Descansa en paz Ismael&#8230; ya est\u00e1s con Dios\u00bb<\/em>, escribi\u00f3 <strong>Patricia Ram\u00edrez<\/strong>, maestra del chico fallecido.<\/p>\n<p>Adem\u00e1s, consultada por <em>Revista C\u00edtrica<\/em>, Patricia destac\u00f3 que usaron fotos de un joven parecido a Ismael para ensuciar su imagen.<\/p>\n<p>Una de las im\u00e1genes que circulan por las redes y aseguran err\u00f3neamente que se trata de Ismael. Sin embargo, las im\u00e1genes utilizadas para manchar el buen nombre del menor son de un tal <em>\u00abUriel\u00bb<\/em>, y ser\u00eda oriundo de Rosario.<\/p>\n<p><a href=\"http:\/\/www.elsindical.com.ar\/notas\/var\/www\/html\/notas\/wp-content\/uploads\/2018\/09\/Uriel.jpg\"><img loading=\"lazy\" decoding=\"async\" class=\"alignnone size-medium wp-image-80964\" src=\"http:\/\/www.elsindical.com.ar\/notas\/var\/www\/html\/notas\/wp-content\/uploads\/2018\/09\/Uriel-291x300.jpg\" alt=\"\" width=\"291\" height=\"300\" srcset=\"https:\/\/www.elsindical.com.ar\/notas\/var\/www\/html\/notas\/wp-content\/uploads\/2018\/09\/Uriel-291x300.jpg 291w, https:\/\/www.elsindical.com.ar\/notas\/var\/www\/html\/notas\/wp-content\/uploads\/2018\/09\/Uriel.jpg 491w\" sizes=\"auto, (max-width: 291px) 100vw, 291px\" \/><\/a><\/p>\n<p>&nbsp;<\/p>\n","protected":false},"excerpt":{"rendered":"<p>\u00a0 La docente escribi\u00f3 unas conmovedoras palabras de despedida en Facebook y defendi\u00f3 la imagen de Ismael, de 13 a\u00f1os, quien falleci\u00f3 de un disparo en medios de disturbios en un supermercado. Ismael Ram\u00edrez, el\u00a0chico de 13 a\u00f1os que fue asesinado durante un intento de saqueo\u00a0en un supermercado de la localidad de Presidencia Roque S\u00e1enz&hellip;<\/p>\n","protected":false},"author":1,"featured_media":80965,"comment_status":"open","ping_status":"open","sticky":false,"template":"","format":"standard","meta":{"footnotes":""},"categories":[6],"tags":[39,255,219,29507],"class_list":["post-80963","post","type-post","status-publish","format-standard","has-post-thumbnail","hentry","category-denuncias","tag-asesinado","tag-chaco","tag-facebook","tag-ismael-ramirez"],"_links":{"self":[{"href":"https:\/\/www.elsindical.com.ar\/notas\/wp-json\/wp\/v2\/posts\/80963","targetHints":{"allow":["GET"]}}],"collection":[{"href":"https:\/\/www.elsindical.com.ar\/notas\/wp-json\/wp\/v2\/posts"}],"about":[{"href":"https:\/\/www.elsindical.com.ar\/notas\/wp-json\/wp\/v2\/types\/post"}],"author":[{"embeddable":true,"href":"https:\/\/www.elsindical.com.ar\/notas\/wp-json\/wp\/v2\/users\/1"}],"replies":[{"embeddable":true,"href":"https:\/\/www.elsindical.com.ar\/notas\/wp-json\/wp\/v2\/comments?post=80963"}],"version-history":[{"count":1,"href":"https:\/\/www.elsindical.com.ar\/notas\/wp-json\/wp\/v2\/posts\/80963\/revisions"}],"predecessor-version":[{"id":80966,"href":"https:\/\/www.elsindical.com.ar\/notas\/wp-json\/wp\/v2\/posts\/80963\/revisions\/80966"}],"wp:featuredmedia":[{"embeddable":true,"href":"https:\/\/www.elsindical.com.ar\/notas\/wp-json\/wp\/v2\/media\/80965"}],"wp:attachment":[{"href":"https:\/\/www.elsindical.com.ar\/notas\/wp-json\/wp\/v2\/media?parent=80963"}],"wp:term":[{"taxonomy":"category","embeddable":true,"href":"https:\/\/www.elsindical.com.ar\/notas\/wp-json\/wp\/v2\/categories?post=80963"},{"taxonomy":"post_tag","embeddable":true,"href":"https:\/\/www.elsindical.com.ar\/notas\/wp-json\/wp\/v2\/tags?post=80963"}],"curies":[{"name":"wp","href":"https:\/\/api.w.org\/{rel}","templated":true}]}}