{"id":80833,"date":"2018-08-28T16:01:29","date_gmt":"2018-08-28T19:01:29","guid":{"rendered":"http:\/\/www.elsindical.com.ar\/notas\/?p=80833"},"modified":"2018-08-28T16:01:29","modified_gmt":"2018-08-28T19:01:29","slug":"lanus-analizan-capacitar-a-la-policia-local-por-profesionales-del-bope","status":"publish","type":"post","link":"https:\/\/www.elsindical.com.ar\/notas\/lanus-analizan-capacitar-a-la-policia-local-por-profesionales-del-bope\/","title":{"rendered":"Lan\u00fas: analizan capacitar a la polic\u00eda local por profesionales del BOPE"},"content":{"rendered":"<div class=\"detail-body \">\n<div class=\"preview\">\n<p><em><a href=\"http:\/\/www.elsindical.com.ar\/notas\/var\/www\/html\/notas\/wp-content\/uploads\/2018\/08\/Diego-Kravetz-con-el-BOPE.jpg\"><img loading=\"lazy\" decoding=\"async\" class=\"alignnone size-medium wp-image-80834\" src=\"http:\/\/www.elsindical.com.ar\/notas\/var\/www\/html\/notas\/wp-content\/uploads\/2018\/08\/Diego-Kravetz-con-el-BOPE-300x175.jpg\" alt=\"\" width=\"300\" height=\"175\" srcset=\"https:\/\/www.elsindical.com.ar\/notas\/var\/www\/html\/notas\/wp-content\/uploads\/2018\/08\/Diego-Kravetz-con-el-BOPE-300x175.jpg 300w, https:\/\/www.elsindical.com.ar\/notas\/var\/www\/html\/notas\/wp-content\/uploads\/2018\/08\/Diego-Kravetz-con-el-BOPE-500x291.jpg 500w, https:\/\/www.elsindical.com.ar\/notas\/var\/www\/html\/notas\/wp-content\/uploads\/2018\/08\/Diego-Kravetz-con-el-BOPE.jpg 610w\" sizes=\"auto, (max-width: 300px) 100vw, 300px\" \/><\/a>\u00a0 El Batall\u00f3n de Operaciones Policiales Especiales (Bope) de R\u00edo de Janeiro es un escuadr\u00f3n de intervenci\u00f3n territorial altamente capacitado para combatir el narcotr\u00e1fico en favelas.<\/em><\/p>\n<\/div>\n<\/div>\n<div class=\"detail-body\">\n<article id=\"note-body\" class=\"note-body first\" data-twitter-link=\"https:\/\/twitter.com\/intent\/tweet?url=https:\/\/www.minutouno.com\/c3085834&amp;v\u00eda=minutounocom&amp;related=MinutoUno&amp;text=\">\n<div class=\"row\">\n<div class=\"inside-note col-xs-12\">\n<p>En el marco de las medidas implementadas por la Secretar\u00eda de Seguridad del municipio de Lan\u00fas para luchar contra la comercializaci\u00f3n de droga en los barrios, <strong>el Municipio analiza firmar un convenio con el BOPE con el objetivo de brindar a los efectivos locales una de las mejores capacitaciones de Latinoam\u00e9rica.<\/strong><\/p>\n<p>\u201cAll\u00e1 son las favelas y ac\u00e1 son las villas pero, en ambos casos, sucede lo mismo: cuando el delito se instala en los sectores vulnerables de la sociedad y controla a los vecinos m\u00e1s humildes, la preparaci\u00f3n policial tiene que estar a la altura de esa circunstancia\u201d, explic\u00f3 el jefe de Gabinete, Diego Kravetz, tras su viaje a Brasil.<\/p>\n<p>El Batall\u00f3n de Operaciones Policiales Especiales de R\u00edo de Janeiro (BOPE) es un escuadr\u00f3n de intervenci\u00f3n territorial que funciona dentro de la polic\u00eda. El mismo, cuenta con tecnolog\u00eda de vanguardia para realizar operativos integrales en favelas.<\/p>\n<p>En este sentido, el a\u00f1o pasado, representantes militares y pol\u00edticos de Rusia, Colombia, Per\u00fa, China y Brasil participaron de una visita al Centro de Monitoreo local para interiorizarse acerca de la articulaci\u00f3n del trabajo entre las \u00e1reas de Seguridad, Defensa Civil y SAME.<\/p>\n<p><a href=\"http:\/\/www.elsindical.com.ar\/notas\/var\/www\/html\/notas\/wp-content\/uploads\/2018\/08\/BOPE-grupo.jpg\"><img loading=\"lazy\" decoding=\"async\" class=\"alignnone size-medium wp-image-80835\" src=\"http:\/\/www.elsindical.com.ar\/notas\/var\/www\/html\/notas\/wp-content\/uploads\/2018\/08\/BOPE-grupo-300x168.jpg\" alt=\"\" width=\"300\" height=\"168\" srcset=\"https:\/\/www.elsindical.com.ar\/notas\/var\/www\/html\/notas\/wp-content\/uploads\/2018\/08\/BOPE-grupo-300x168.jpg 300w, https:\/\/www.elsindical.com.ar\/notas\/var\/www\/html\/notas\/wp-content\/uploads\/2018\/08\/BOPE-grupo-768x431.jpg 768w, https:\/\/www.elsindical.com.ar\/notas\/var\/www\/html\/notas\/wp-content\/uploads\/2018\/08\/BOPE-grupo-1024x575.jpg 1024w, https:\/\/www.elsindical.com.ar\/notas\/var\/www\/html\/notas\/wp-content\/uploads\/2018\/08\/BOPE-grupo-500x281.jpg 500w, https:\/\/www.elsindical.com.ar\/notas\/var\/www\/html\/notas\/wp-content\/uploads\/2018\/08\/BOPE-grupo.jpg 1140w\" sizes=\"auto, (max-width: 300px) 100vw, 300px\" \/><\/a><\/p>\n<\/div>\n<\/div>\n<\/article>\n<\/div>\n","protected":false},"excerpt":{"rendered":"<p>\u00a0 El Batall\u00f3n de Operaciones Policiales Especiales (Bope) de R\u00edo de Janeiro es un escuadr\u00f3n de intervenci\u00f3n territorial altamente capacitado para combatir el narcotr\u00e1fico en favelas. En el marco de las medidas implementadas por la Secretar\u00eda de Seguridad del municipio de Lan\u00fas para luchar contra la comercializaci\u00f3n de droga en los barrios, el Municipio analiza&hellip;<\/p>\n","protected":false},"author":1,"featured_media":80834,"comment_status":"open","ping_status":"open","sticky":false,"template":"","format":"standard","meta":{"footnotes":""},"categories":[13],"tags":[15508,7659,23470,209,21009],"class_list":["post-80833","post","type-post","status-publish","format-standard","has-post-thumbnail","hentry","category-politica","tag-bope","tag-capacitacion-2","tag-diego-kravetz","tag-lanus","tag-policia-local"],"_links":{"self":[{"href":"https:\/\/www.elsindical.com.ar\/notas\/wp-json\/wp\/v2\/posts\/80833","targetHints":{"allow":["GET"]}}],"collection":[{"href":"https:\/\/www.elsindical.com.ar\/notas\/wp-json\/wp\/v2\/posts"}],"about":[{"href":"https:\/\/www.elsindical.com.ar\/notas\/wp-json\/wp\/v2\/types\/post"}],"author":[{"embeddable":true,"href":"https:\/\/www.elsindical.com.ar\/notas\/wp-json\/wp\/v2\/users\/1"}],"replies":[{"embeddable":true,"href":"https:\/\/www.elsindical.com.ar\/notas\/wp-json\/wp\/v2\/comments?post=80833"}],"version-history":[{"count":1,"href":"https:\/\/www.elsindical.com.ar\/notas\/wp-json\/wp\/v2\/posts\/80833\/revisions"}],"predecessor-version":[{"id":80836,"href":"https:\/\/www.elsindical.com.ar\/notas\/wp-json\/wp\/v2\/posts\/80833\/revisions\/80836"}],"wp:featuredmedia":[{"embeddable":true,"href":"https:\/\/www.elsindical.com.ar\/notas\/wp-json\/wp\/v2\/media\/80834"}],"wp:attachment":[{"href":"https:\/\/www.elsindical.com.ar\/notas\/wp-json\/wp\/v2\/media?parent=80833"}],"wp:term":[{"taxonomy":"category","embeddable":true,"href":"https:\/\/www.elsindical.com.ar\/notas\/wp-json\/wp\/v2\/categories?post=80833"},{"taxonomy":"post_tag","embeddable":true,"href":"https:\/\/www.elsindical.com.ar\/notas\/wp-json\/wp\/v2\/tags?post=80833"}],"curies":[{"name":"wp","href":"https:\/\/api.w.org\/{rel}","templated":true}]}}