{"id":80824,"date":"2018-08-28T01:38:41","date_gmt":"2018-08-28T04:38:41","guid":{"rendered":"http:\/\/www.elsindical.com.ar\/notas\/?p=80824"},"modified":"2018-08-28T01:38:41","modified_gmt":"2018-08-28T04:38:41","slug":"lomas-de-zamora-detienen-a-peligrosa-banda-delictiva-en-ingeniero-budge","status":"publish","type":"post","link":"https:\/\/www.elsindical.com.ar\/notas\/lomas-de-zamora-detienen-a-peligrosa-banda-delictiva-en-ingeniero-budge\/","title":{"rendered":"Lomas de Zamora: Detienen a peligrosa banda delictiva en Ingeniero Budge"},"content":{"rendered":"<p><a href=\"http:\/\/distritalavellaneda.com.ar\/wp-content\/uploads\/2018\/08\/ftftf.jpg\"><img loading=\"lazy\" decoding=\"async\" class=\"alignnone size-medium wp-image-24597\" src=\"http:\/\/distritalavellaneda.com.ar\/wp-content\/uploads\/2018\/08\/ftftf-300x224.jpg\" alt=\"\" width=\"300\" height=\"224\" \/><\/a><\/p>\n<p>COMISAR\u00cdA LOMAS DE ZAMORA DECIMA<\/p>\n<p>FECHA : 28-08-2018<\/p>\n<p>CARATULA : TENENCIA ILEGAL DE ARMA DE GUERRA.-<\/p>\n<p>MAGISTRADO: U.F.I N\u00b0 07 DPTAL.<\/p>\n<p>CARATULA : TENENCIA SIMPLE DE ESTUPEFACIENTE.-<\/p>\n<p>MAGISTRADO: U.F.I N\u00b0 14 DPTAL.<\/p>\n<p>QTH: QUESADA Y LAVARDEN.<\/p>\n<p>IMPUTADO: DE GRACIA JUAN JOS\u00c9, argentino de 41 a\u00f1os de edad, instruido, desocupado, domiciliado en la calle Epecu\u00e9n nro. 162 de este medio, DNI. nro. 25.747.404,<br \/>\nPRIETTO RODR\u00cdGUEZ C\u00c9SAR DAVID, argentino de 36 a\u00f1os de edad, instruido, desocupado, domiciliado en la calle Epecuen nro. 252 de este medio, DNI. nro. 29.277.409<br \/>\nG\u00d3MEZ RA\u00daL FELIPE, argentino de 38 a\u00f1os de edad, instruido, desocupado, domiciliado en la calle Espronceda ro. 493 de este medio, DNI.o recuerda.<\/p>\n<p>ELEMENTOS INCAUTADOS: PISTOLA CALIBRE 9 MM marca BROWNIN, numeraci\u00f3n suprimida, con inscripci\u00f3n de P.F.A., y con CARGADOR EXTENSIBLE mismo calibre con 17 proyectiles en su interior, dos cargadores de pistola calibre 9 mm, con 12 proyectiles cada uno, mas 20 proyectiles calibre 9 mm, los cuales se encontraban en una caja, ropa de polic\u00eda como ser, pantal\u00f3n de polic\u00eda, gorra de polic\u00eda con las inscripciones de P.F.A., borcegos, tricota de polic\u00eda con la inscripci\u00f3n de P.F.A, correaje completo con porta cargador esposa, pistolera, y tonfa, chaleco de transporte con porta funda de chaleco ante bala, con la inscripci\u00f3n de polic\u00eda, 7 celulares distintas marcas y modelos, 40 envoltorios de PACO, por un peso total de 15,1 gramos, y un veh\u00edculo marca Chevrolet Corsa dos, de color gris, dominio colocado JPZ-757<\/p>\n<p>S\u00cdNTESIS DEL HECHO: Cumplo en llevar a conocimiento del Sr. Jefe, que en la fecha y hora personal de Motorizada de Polic\u00eda Local de Lomas de Zamora, se encontraba recorriendo esta Jurisdicci\u00f3n por la calle Quesada, momento en que al llegar a la intersecci\u00f3n con la calle Claudio de Alas, Observan a veh\u00edculo marca Chevrolet modelo Corsa 2, que al percatarse de la presencia policial realizan la vuelta en U, por tal motivo proceden a seguirlos quienes emprenden la fuga a gran velocidad, siendo interceptados en la interceptaci\u00f3n de las calles Quesada y Lavard\u00e9n, donde bajo las medidas de seguridad del caso proceden a hacer descender a los ocupantes del rodado, observando que se trataban de tres masculinos, seguidamente proceden a la identificaci\u00f3n del los masculino, identificando primeramente al conductor del rodado, refiriendo llamarse DE GRACIA JUAN JOS\u00c9, luego el acompa\u00f1ante de nombre PRIETTO RODR\u00cdGUEZ C\u00c9SAR DAVID, y el tercero de nombre G\u00d3MEZ RA\u00daL FELIPE, quienes una vez requisados no se les encontr\u00f3 encima elemento de inter\u00e9s legal, seguidamente y en presencia de testigo, del interior del rodado se procedi\u00f3 al secuestro de PISTOLA CALIBRE 9 MM marca BROWNIN, numeraci\u00f3n suprimida, con incripci\u00f3n de P.F.A., y con CARGADOR EXTENSIBLE mismo calibre con 17 proyectiles en su interior, dos cargadores de pistola calibre 9 mm, con 12 proyectiles cada uno, mas 20 proyectiles calibre 9 mm, los cuales se encontraban en una caja, ropa de polic\u00eda como ser, pantal\u00f3n de polic\u00eda, gorra de polic\u00eda con las inscripciones de P.F.A., borcegos, tricota de polic\u00eda con la inscripci\u00f3n de P.F.A, correaje completo con porta cargador esposa, pistolera, y tonfa, chaleco de transporte con porta funda de chaleco ante bala, con la inscripci\u00f3n de polic\u00eda, 7 celulares distintas marcas y modelos, 40 envoltorios de PACO, por un peso total de 15,1 gramos, por tal motivo se procede a la aprehensi\u00f3n de los tres masculinos y traslado a la seccional instructora, y una vez en la misma, Personal de Servicio Externo de esta Seccional logran determinar que estos masculinos no serian ajenos al hecho ocurrido el d\u00eda 23 de Agosto del corriente a\u00f1o, donde una persona de nacionalidad peruana, resulta v\u00edctima de robo y privaci\u00f3n de su libertad, donde lo hab\u00edan intervenido tres masculino con gorra de polic\u00eda, y la particularidad de que uno de ellos ten\u00eda puesto un chaleco de color negro que rezaba en el pecho Polic\u00eda, y que se trasladaban en un auto de color gris, Mantenida comunicaci\u00f3n con U.F.I.J N\u00b0 07 Deptal avalo lo actuado, disponiendo que se notifique a los aprehendidos por el delito de TENENCIA ILEGAL DE ARMA DE GUERRA, y Mantenida comunicaci\u00f3n con U.F.I.J N\u00b0 14 Deptal avalo lo actuado, disponiendo que se notifique a los aprehendidos por el delito de TENENCIA SIMPLE DE ESTUPEFACIENTE. Sumario y aprehendidos para el dia de ma\u00f1ana a primera hora.-<\/p>\n<p>Fdo. Luis Ismael Sosa Subcomisario A\/C.-<\/p>\n<p><a href=\"http:\/\/distritalavellaneda.com.ar\/wp-content\/uploads\/2018\/08\/ijiji.jpg\"><img loading=\"lazy\" decoding=\"async\" class=\"alignnone size-medium wp-image-24595\" src=\"http:\/\/distritalavellaneda.com.ar\/wp-content\/uploads\/2018\/08\/ijiji-300x218.jpg\" alt=\"\" width=\"300\" height=\"218\" \/><\/a> <a href=\"http:\/\/distritalavellaneda.com.ar\/wp-content\/uploads\/2018\/08\/hudhwuie.jpg\"><img loading=\"lazy\" decoding=\"async\" class=\"alignnone size-medium wp-image-24604\" src=\"http:\/\/distritalavellaneda.com.ar\/wp-content\/uploads\/2018\/08\/hudhwuie-300x218.jpg\" alt=\"\" width=\"300\" height=\"218\" \/><\/a> <a href=\"http:\/\/distritalavellaneda.com.ar\/wp-content\/uploads\/2018\/08\/hwoieie.jpg\"><img loading=\"lazy\" decoding=\"async\" class=\"alignnone size-medium wp-image-24603\" src=\"http:\/\/distritalavellaneda.com.ar\/wp-content\/uploads\/2018\/08\/hwoieie-300x214.jpg\" alt=\"\" width=\"300\" height=\"214\" \/><\/a> <a href=\"http:\/\/distritalavellaneda.com.ar\/wp-content\/uploads\/2018\/08\/hwuiehu.jpg\"><img loading=\"lazy\" decoding=\"async\" class=\"alignnone size-medium wp-image-24602\" src=\"http:\/\/distritalavellaneda.com.ar\/wp-content\/uploads\/2018\/08\/hwuiehu-300x225.jpg\" alt=\"\" width=\"300\" height=\"225\" \/><\/a> <a href=\"http:\/\/distritalavellaneda.com.ar\/wp-content\/uploads\/2018\/08\/jiweieoi.jpg\"><img loading=\"lazy\" decoding=\"async\" class=\"alignnone size-medium wp-image-24601\" src=\"http:\/\/distritalavellaneda.com.ar\/wp-content\/uploads\/2018\/08\/jiweieoi-300x219.jpg\" alt=\"\" width=\"300\" height=\"219\" \/><\/a> <a href=\"http:\/\/distritalavellaneda.com.ar\/wp-content\/uploads\/2018\/08\/hdsasd.jpg\"><img loading=\"lazy\" decoding=\"async\" class=\"alignnone size-medium wp-image-24600\" src=\"http:\/\/distritalavellaneda.com.ar\/wp-content\/uploads\/2018\/08\/hdsasd-300x214.jpg\" alt=\"\" width=\"300\" height=\"214\" \/><\/a> <a href=\"http:\/\/distritalavellaneda.com.ar\/wp-content\/uploads\/2018\/08\/huwuiee.jpg\"><img loading=\"lazy\" decoding=\"async\" class=\"alignnone size-medium wp-image-24599\" src=\"http:\/\/distritalavellaneda.com.ar\/wp-content\/uploads\/2018\/08\/huwuiee-226x300.jpg\" alt=\"\" width=\"226\" height=\"300\" \/><\/a> <a href=\"http:\/\/distritalavellaneda.com.ar\/wp-content\/uploads\/2018\/08\/weffee.jpg\"><img loading=\"lazy\" decoding=\"async\" class=\"alignnone size-medium wp-image-24598\" src=\"http:\/\/distritalavellaneda.com.ar\/wp-content\/uploads\/2018\/08\/weffee-247x300.jpg\" alt=\"\" width=\"247\" height=\"300\" \/><\/a> <a href=\"http:\/\/distritalavellaneda.com.ar\/wp-content\/uploads\/2018\/08\/oiooiji.jpg\"><img loading=\"lazy\" decoding=\"async\" class=\"alignnone size-medium wp-image-24596\" src=\"http:\/\/distritalavellaneda.com.ar\/wp-content\/uploads\/2018\/08\/oiooiji-223x300.jpg\" alt=\"\" width=\"223\" height=\"300\" \/><\/a><\/p>\n<p><strong>Fuente: <a href=\"https:\/\/departamentalavellanedalanuslomas.blogspot.com\/\">Jefatura Departamental de Seguridad Lan\u00fas<\/a><\/strong><\/p>\n","protected":false},"excerpt":{"rendered":"<p>COMISAR\u00cdA LOMAS DE ZAMORA DECIMA FECHA : 28-08-2018 CARATULA : TENENCIA ILEGAL DE ARMA DE GUERRA.- MAGISTRADO: U.F.I N\u00b0 07 DPTAL. CARATULA : TENENCIA SIMPLE DE ESTUPEFACIENTE.- MAGISTRADO: U.F.I N\u00b0 14 DPTAL. QTH: QUESADA Y LAVARDEN. IMPUTADO: DE GRACIA JUAN JOS\u00c9, argentino de 41 a\u00f1os de edad, instruido, desocupado, domiciliado en la calle Epecu\u00e9n nro.&hellip;<\/p>\n","protected":false},"author":1,"featured_media":80825,"comment_status":"open","ping_status":"open","sticky":false,"template":"","format":"standard","meta":{"footnotes":""},"categories":[22],"tags":[22301,23294,10024,24647],"class_list":["post-80824","post","type-post","status-publish","format-standard","has-post-thumbnail","hentry","category-policiales","tag-comisario-mayor-javier-carlos-villar","tag-jefatura-departamental-avellaneda-lanus-lomas","tag-tenencia-ilegal-de-arma-de-guerra","tag-tenencia-simple-de-estupefacientes"],"_links":{"self":[{"href":"https:\/\/www.elsindical.com.ar\/notas\/wp-json\/wp\/v2\/posts\/80824","targetHints":{"allow":["GET"]}}],"collection":[{"href":"https:\/\/www.elsindical.com.ar\/notas\/wp-json\/wp\/v2\/posts"}],"about":[{"href":"https:\/\/www.elsindical.com.ar\/notas\/wp-json\/wp\/v2\/types\/post"}],"author":[{"embeddable":true,"href":"https:\/\/www.elsindical.com.ar\/notas\/wp-json\/wp\/v2\/users\/1"}],"replies":[{"embeddable":true,"href":"https:\/\/www.elsindical.com.ar\/notas\/wp-json\/wp\/v2\/comments?post=80824"}],"version-history":[{"count":1,"href":"https:\/\/www.elsindical.com.ar\/notas\/wp-json\/wp\/v2\/posts\/80824\/revisions"}],"predecessor-version":[{"id":80826,"href":"https:\/\/www.elsindical.com.ar\/notas\/wp-json\/wp\/v2\/posts\/80824\/revisions\/80826"}],"wp:featuredmedia":[{"embeddable":true,"href":"https:\/\/www.elsindical.com.ar\/notas\/wp-json\/wp\/v2\/media\/80825"}],"wp:attachment":[{"href":"https:\/\/www.elsindical.com.ar\/notas\/wp-json\/wp\/v2\/media?parent=80824"}],"wp:term":[{"taxonomy":"category","embeddable":true,"href":"https:\/\/www.elsindical.com.ar\/notas\/wp-json\/wp\/v2\/categories?post=80824"},{"taxonomy":"post_tag","embeddable":true,"href":"https:\/\/www.elsindical.com.ar\/notas\/wp-json\/wp\/v2\/tags?post=80824"}],"curies":[{"name":"wp","href":"https:\/\/api.w.org\/{rel}","templated":true}]}}