{"id":80822,"date":"2018-08-28T00:46:23","date_gmt":"2018-08-28T03:46:23","guid":{"rendered":"http:\/\/www.elsindical.com.ar\/notas\/?p=80822"},"modified":"2018-08-28T00:46:23","modified_gmt":"2018-08-28T03:46:23","slug":"camioneros-dejo-la-conduccion-de-la-cgt-y-marchara-este-martes","status":"publish","type":"post","link":"https:\/\/www.elsindical.com.ar\/notas\/camioneros-dejo-la-conduccion-de-la-cgt-y-marchara-este-martes\/","title":{"rendered":"Camioneros dej\u00f3 la conducci\u00f3n de la CGT y marchar\u00e1 este martes"},"content":{"rendered":"<p><em><a href=\"http:\/\/www.elsindical.com.ar\/notas\/var\/www\/html\/notas\/wp-content\/uploads\/2012\/06\/Hugo-Moyano-CGT.jpg\"><img loading=\"lazy\" decoding=\"async\" class=\"alignnone size-medium wp-image-24806\" src=\"http:\/\/www.elsindical.com.ar\/notas\/var\/www\/html\/notas\/wp-content\/uploads\/2012\/06\/Hugo-Moyano-CGT-300x111.jpg\" alt=\"\" width=\"300\" height=\"111\" srcset=\"https:\/\/www.elsindical.com.ar\/notas\/var\/www\/html\/notas\/wp-content\/uploads\/2012\/06\/Hugo-Moyano-CGT-300x111.jpg 300w, https:\/\/www.elsindical.com.ar\/notas\/var\/www\/html\/notas\/wp-content\/uploads\/2012\/06\/Hugo-Moyano-CGT.jpg 502w\" sizes=\"auto, (max-width: 300px) 100vw, 300px\" \/><\/a>\u00a0 El gremio liderado por Hugo Moyano se concentrar\u00e1 frente a la C\u00e1mara Nacional de Apelaciones del Trabajo por sus fondos embargados.<\/em><\/p>\n<p>La Federaci\u00f3n de Camioneros realizar\u00e1 el martes una movilizaci\u00f3n a la C\u00e1mara Nacional de Apelaciones del Trabajo para pedir que se levante el embargo preventivo de 300 millones de pesos que dispuso la Justicia por la multa aplicada por el Ministerio de Trabajo.<\/p>\n<p>Con su titular Hugo Moyano a la cabeza, la marcha arrancar\u00e1 a las 10 hacia las puertas de la C\u00e1mara ubicada en la calle Lavalle al 1500.<\/p>\n<p>Este mismo lunes, en paralelo al anuncio de la marcha, desde Camioneros se confirm\u00f3 la salida de la conducci\u00f3n de la CGT.<\/p>\n<p>Hugo Moyano defini\u00f3 dar un nuevo paso en los dos frentes abiertos que mantiene, uno contra el Gobierno y otro contra el resto de la CGT.<\/p>\n<p>Por un lado, Camioneros aleg\u00f3 la supuesta falta de reacci\u00f3n y solidaridad del resto de la CGT frente a la multa que les aplic\u00f3 Trabajo como una de las razones para dar el portazo de la conducci\u00f3n de la central.<\/p>\n<p>\u00abLos trabajadores exigir\u00e1n la urgente liberaci\u00f3n de los 300 millones de pesos embargados preventivamente por ser aportes que se destinan a salud, construcci\u00f3n de viviendas y todo lo relativo a los intereses y derechos de los afiliados\u00bb, sostuvo el gremio en un comunicado.<\/p>\n<p>El expediente del caso se tramita en la Sala Primera de la C\u00e1mara Nacional de Apelaciones del Trabajo.<\/p>\n<p>A fines de julio, el juez laboral Jos\u00e9 Ignacio Ramonet autoriz\u00f3 un embargo preventivo contra la Federaci\u00f3n de Camioneros porque la organizaci\u00f3n gremial se neg\u00f3 a pagar una multa de m\u00e1s de 800 millones de pesos m\u00e1s intereses que fue impuesta por Trabajo por el supuesto incumplimiento de una conciliaci\u00f3n obligatoria en diciembre del a\u00f1o pasado.<\/p>\n<p>Ramonet libr\u00f3 oficios al Banco Provincia, Banco Naci\u00f3n, al Banco de la Ciudad de Buenos Aires y al Banco Macro a fin de que \u00abtraben la medida\u00bb por una suma de 266.930.023 pesos.<\/p>\n","protected":false},"excerpt":{"rendered":"<p>\u00a0 El gremio liderado por Hugo Moyano se concentrar\u00e1 frente a la C\u00e1mara Nacional de Apelaciones del Trabajo por sus fondos embargados. La Federaci\u00f3n de Camioneros realizar\u00e1 el martes una movilizaci\u00f3n a la C\u00e1mara Nacional de Apelaciones del Trabajo para pedir que se levante el embargo preventivo de 300 millones de pesos que dispuso la&hellip;<\/p>\n","protected":false},"author":1,"featured_media":24806,"comment_status":"open","ping_status":"open","sticky":false,"template":"","format":"standard","meta":{"footnotes":""},"categories":[16],"tags":[1298,910,77],"class_list":["post-80822","post","type-post","status-publish","format-standard","has-post-thumbnail","hentry","category-gremiales","tag-camioneros","tag-cgt","tag-hugo-moyano"],"_links":{"self":[{"href":"https:\/\/www.elsindical.com.ar\/notas\/wp-json\/wp\/v2\/posts\/80822","targetHints":{"allow":["GET"]}}],"collection":[{"href":"https:\/\/www.elsindical.com.ar\/notas\/wp-json\/wp\/v2\/posts"}],"about":[{"href":"https:\/\/www.elsindical.com.ar\/notas\/wp-json\/wp\/v2\/types\/post"}],"author":[{"embeddable":true,"href":"https:\/\/www.elsindical.com.ar\/notas\/wp-json\/wp\/v2\/users\/1"}],"replies":[{"embeddable":true,"href":"https:\/\/www.elsindical.com.ar\/notas\/wp-json\/wp\/v2\/comments?post=80822"}],"version-history":[{"count":1,"href":"https:\/\/www.elsindical.com.ar\/notas\/wp-json\/wp\/v2\/posts\/80822\/revisions"}],"predecessor-version":[{"id":80823,"href":"https:\/\/www.elsindical.com.ar\/notas\/wp-json\/wp\/v2\/posts\/80822\/revisions\/80823"}],"wp:featuredmedia":[{"embeddable":true,"href":"https:\/\/www.elsindical.com.ar\/notas\/wp-json\/wp\/v2\/media\/24806"}],"wp:attachment":[{"href":"https:\/\/www.elsindical.com.ar\/notas\/wp-json\/wp\/v2\/media?parent=80822"}],"wp:term":[{"taxonomy":"category","embeddable":true,"href":"https:\/\/www.elsindical.com.ar\/notas\/wp-json\/wp\/v2\/categories?post=80822"},{"taxonomy":"post_tag","embeddable":true,"href":"https:\/\/www.elsindical.com.ar\/notas\/wp-json\/wp\/v2\/tags?post=80822"}],"curies":[{"name":"wp","href":"https:\/\/api.w.org\/{rel}","templated":true}]}}