{"id":808,"date":"2009-10-03T00:05:35","date_gmt":"2009-10-03T03:05:35","guid":{"rendered":"http:\/\/www.elsindical.com.ar\/notas\/?p=808"},"modified":"2009-10-03T00:05:35","modified_gmt":"2009-10-03T03:05:35","slug":"efemerides-del-dia-3-de-octubre","status":"publish","type":"post","link":"https:\/\/www.elsindical.com.ar\/notas\/efemerides-del-dia-3-de-octubre\/","title":{"rendered":"EFEM\u00c9RIDES: DEL D\u00cdA 3 DE OCTUBRE"},"content":{"rendered":"<p style=\"text-align: justify;\">En un 3 de octubre pero de 1792 se coloca la primera piedra de la Casa Blanca, en Washington, sede oficial de los presidentes de EEUU.<\/p>\n<p>1556- Muere Domingo Mart\u00ednez de Irala \u00abcapit\u00e1n Vergara\u00bb, considerado el fundador de Paraguay.<\/p>\n<p style=\"text-align: justify;\">1714- El monarca espa\u00f1ol Felipe V decreta la fundaci\u00f3n de la Real Academia de la Lengua en El Salvador.<\/p>\n<p style=\"text-align: justify;\">1803- Muere Samuel Adams, uno de los principales autores de la independencia de EEUU.<\/p>\n<p style=\"text-align: justify;\">1814- Jos\u00e9 Gaspar Rodr\u00edguez Francia es nombrado Dictador Supremo de Paraguay por cinco a\u00f1os.<\/p>\n<p style=\"text-align: justify;\">1828- Tratado de Montevideo entre Brasil y Argentina, por el que ambos pa\u00edses renuncian a sus pretensiones sobre la Banda Oriental de Uruguay.<\/p>\n<p style=\"text-align: justify;\">1837- Asesinato del pol\u00edtico guatemalteco Juan de Dios Mayorga, luchador por la independencia de su patria.<\/p>\n<p style=\"text-align: justify;\">1896- Nace Gerardo Diego, poeta espa\u00f1ol.<\/p>\n<p style=\"text-align: justify;\">1900- Nace Thomas Wolfe, escritor estadounidense.<\/p>\n<p style=\"text-align: justify;\">1905- Nace Dolores del R\u00edo, actriz mexicana.<\/p>\n<p style=\"text-align: justify;\">1932- Irak se declara independiente.<\/p>\n<p style=\"text-align: justify;\">1935- Tropas italianas invaden Abisinia.<\/p>\n<p style=\"text-align: justify;\">1941- Ghandi incita a todos los ciudadanos de las colonias brit\u00e1nicas a la resistencia pasiva.<\/p>\n<p style=\"text-align: justify;\">1942- Lanzamiento con \u00e9xito, en la isla de Peenemunde (Alemania), del cohete V-2, mort\u00edfera arma secreta de Hitler y antecedente de la posterior tecnolog\u00eda espacial.<\/p>\n<p style=\"text-align: justify;\">1953- El nuevo reactor estadounidense Douglas Skyray, r\u00e9cord mundial de velocidad, al alcanzar 1.281 km\/h.<\/p>\n<p style=\"text-align: justify;\">1962- El astronauta estadounidense Walter Schirra, a bordo de la c\u00e1psula espacial \u00abSigma 7\u00bb, da 6 vueltas a la Tierra en 9 horas y 14 minutos.<\/p>\n<p style=\"text-align: justify;\">1968- El presidente peruano, Fernando Bela\u00fande Terry, es destituido por una Junta Militar.<\/p>\n<p style=\"text-align: justify;\">1982- Nace Juli\u00e1n L\u00f3pez Escobar \u00abEl Juli\u00bb, torero espa\u00f1ol.<\/p>\n<p style=\"text-align: justify;\">1988- Aterrizaje perfecto del transbordador espacial norteamericano \u00abDiscovery\u00bb, en la base a\u00e9rea de Edwards, con lo que culmina con \u00e9xito la primera misi\u00f3n de la NASA desde el fatal accidente del Challenger en 1986.<\/p>\n<p style=\"text-align: justify;\">1989- El general Noriega sofoca una nueva intentona golpista en Panam\u00e1, tras siete horas de rebeli\u00f3n militar, que caus\u00f3 10 muertos.<\/p>\n<p style=\"text-align: justify;\">1990- Un mill\u00f3n de alemanes festeja en Berl\u00edn la unificaci\u00f3n alemana y desde entonces el pa\u00eds celebra en esta fecha el D\u00eda de la Unidad.<\/p>\n<p style=\"text-align: justify;\">1991- La escritora sudafricana Nadine Gordimer obtiene el Premio Nobel de Literatura.<\/p>\n<p style=\"text-align: justify;\">1994- El socialdem\u00f3crata Fernando Henrique Cardoso, gana las elecciones presidenciales en Brasil.<\/p>\n<p style=\"text-align: justify;\">1996- La poetisa polaca Wislawa Szymborska es galardonada con el Nobel de Literatura.<\/p>\n<p style=\"text-align: justify;\">1997- La Corte Constitucional de Colombia ratifica la aceptaci\u00f3n de la eutanasia por la Constituci\u00f3n.<\/p>\n<p style=\"text-align: justify;\">2002- El Tribunal de Seguridad del Estado turco conmuta la pena de muerte impuesta en 1999 al l\u00edder del independentismo kurdo, Abdul\u00e1 Ocalan, por la de cadena perpetua.<\/p>\n","protected":false},"excerpt":{"rendered":"<p>En un 3 de octubre pero de 1792 se coloca la primera piedra de la Casa Blanca, en Washington, sede oficial de los presidentes de EEUU. 1556- Muere Domingo Mart\u00ednez de Irala \u00abcapit\u00e1n Vergara\u00bb, considerado el fundador de Paraguay. 1714- El monarca espa\u00f1ol Felipe V decreta la fundaci\u00f3n de la Real Academia de la Lengua&hellip;<\/p>\n","protected":false},"author":1,"featured_media":0,"comment_status":"open","ping_status":"open","sticky":false,"template":"","format":"standard","meta":{"footnotes":""},"categories":[14],"tags":[],"class_list":["post-808","post","type-post","status-publish","format-standard","hentry","category-efemerides"],"_links":{"self":[{"href":"https:\/\/www.elsindical.com.ar\/notas\/wp-json\/wp\/v2\/posts\/808","targetHints":{"allow":["GET"]}}],"collection":[{"href":"https:\/\/www.elsindical.com.ar\/notas\/wp-json\/wp\/v2\/posts"}],"about":[{"href":"https:\/\/www.elsindical.com.ar\/notas\/wp-json\/wp\/v2\/types\/post"}],"author":[{"embeddable":true,"href":"https:\/\/www.elsindical.com.ar\/notas\/wp-json\/wp\/v2\/users\/1"}],"replies":[{"embeddable":true,"href":"https:\/\/www.elsindical.com.ar\/notas\/wp-json\/wp\/v2\/comments?post=808"}],"version-history":[{"count":2,"href":"https:\/\/www.elsindical.com.ar\/notas\/wp-json\/wp\/v2\/posts\/808\/revisions"}],"predecessor-version":[{"id":810,"href":"https:\/\/www.elsindical.com.ar\/notas\/wp-json\/wp\/v2\/posts\/808\/revisions\/810"}],"wp:attachment":[{"href":"https:\/\/www.elsindical.com.ar\/notas\/wp-json\/wp\/v2\/media?parent=808"}],"wp:term":[{"taxonomy":"category","embeddable":true,"href":"https:\/\/www.elsindical.com.ar\/notas\/wp-json\/wp\/v2\/categories?post=808"},{"taxonomy":"post_tag","embeddable":true,"href":"https:\/\/www.elsindical.com.ar\/notas\/wp-json\/wp\/v2\/tags?post=808"}],"curies":[{"name":"wp","href":"https:\/\/api.w.org\/{rel}","templated":true}]}}