{"id":80728,"date":"2018-08-23T19:48:01","date_gmt":"2018-08-23T22:48:01","guid":{"rendered":"http:\/\/www.elsindical.com.ar\/notas\/?p=80728"},"modified":"2018-08-23T19:48:01","modified_gmt":"2018-08-23T22:48:01","slug":"cayo-la-banda-de-miguel-barrabravas-de-banfield-acusados-de-asociacion-ilicita-extorsion-amenazas-y-agresiones-fisicas","status":"publish","type":"post","link":"https:\/\/www.elsindical.com.ar\/notas\/cayo-la-banda-de-miguel-barrabravas-de-banfield-acusados-de-asociacion-ilicita-extorsion-amenazas-y-agresiones-fisicas\/","title":{"rendered":"CAY\u00d3 \u201cLA BANDA DE MIGUEL\u201d, BARRABRAVAS DE BANFIELD ACUSADOS DE ASOCIACI\u00d3N IL\u00cdCITA: EXTORSI\u00d3N, AMENAZAS Y AGRESIONES F\u00cdSICAS"},"content":{"rendered":"<p><a href=\"http:\/\/www.elsindical.com.ar\/notas\/var\/www\/html\/notas\/wp-content\/uploads\/2018\/08\/WhatsApp-Image-2018-08-23-at-12.00.50.jpeg\"><img loading=\"lazy\" decoding=\"async\" class=\"alignnone size-medium wp-image-80729\" src=\"http:\/\/www.elsindical.com.ar\/notas\/var\/www\/html\/notas\/wp-content\/uploads\/2018\/08\/WhatsApp-Image-2018-08-23-at-12.00.50-300x225.jpeg\" alt=\"\" width=\"300\" height=\"225\" srcset=\"https:\/\/www.elsindical.com.ar\/notas\/var\/www\/html\/notas\/wp-content\/uploads\/2018\/08\/WhatsApp-Image-2018-08-23-at-12.00.50-300x225.jpeg 300w, https:\/\/www.elsindical.com.ar\/notas\/var\/www\/html\/notas\/wp-content\/uploads\/2018\/08\/WhatsApp-Image-2018-08-23-at-12.00.50-768x576.jpeg 768w, https:\/\/www.elsindical.com.ar\/notas\/var\/www\/html\/notas\/wp-content\/uploads\/2018\/08\/WhatsApp-Image-2018-08-23-at-12.00.50-1024x768.jpeg 1024w, https:\/\/www.elsindical.com.ar\/notas\/var\/www\/html\/notas\/wp-content\/uploads\/2018\/08\/WhatsApp-Image-2018-08-23-at-12.00.50-400x300.jpeg 400w, https:\/\/www.elsindical.com.ar\/notas\/var\/www\/html\/notas\/wp-content\/uploads\/2018\/08\/WhatsApp-Image-2018-08-23-at-12.00.50.jpeg 1040w\" sizes=\"auto, (max-width: 300px) 100vw, 300px\" \/><\/a>El jefe de la barrabrava de Banfield conocido como \u201cMiguelito\u201d, su madre apodada \u201cLa Nancy\u201d y su segundo al mando alias \u201cEl Pelado\u201d, acusados de extorsionar, amenazar y llevar adelante negocios ilegales, fuerondetenidos por la Polic\u00edas de la Provincia de Buenos Aires junto a otros seis c\u00f3mplices luego de una serie de allanamientos realizados en Lomas de Zamora.<\/p>\n<p>Producto de los operativos, a cargo de la Jefatura Departamental Lan\u00fas, de la DDI Quilmes y Lan\u00fas y de personal de la Agencia de Prevenci\u00f3n de la Violencia en el Deporte (A.Pre.Vi.De)los oficiales secuestraron pistolas, pistolones, escopetas, rev\u00f3lveres y una carabina, gran cantidad de municiones, una camioneta JEEP, una moto con pedido de secuestro activo, dinero en efectivo, una m\u00e1quina para contar dinero, camisetas, banderas, gorros,\u00a0pelotas, estandarte del Club Atl\u00e9tico Banfield, una gorra con la inscripci\u00f3n \u201cLa Banda de Miguel\u201d, celulares y elementos de inter\u00e9s para la causa.<\/p>\n<p>Finalizados los allanamientos, el ministro de seguridad de la provincia de Buenos Aires, Cristian Ritondo, asegur\u00f3 en referencia a los detenidos que \u201cSe disfrazan de hinchas pero son mafias y contra eso luchamos\u201d\u00a0y sostuvo que \u201ctrabajamos para que la familia vuelva a los estadios y puedan disfrutar de un evento deportivo y para que no sean rehenes de estas organizaciones\u201d.<\/p>\n<p>Por su parte, el titular de la\u00a0A.Pre.Vi.De, Juan Manuel Lugones dijo que \u00abeste es el resultado de nuestra lucha contra las mafias del f\u00fatbol, la que llevamos adelante con el mandato de la gobernadora Mar\u00eda Eugenia Vidal y el ministro Cristian Ritondo\u201d y explic\u00f3 que \u201cla de Banfield es\u00a0la segunda barra que va presa por asociaci\u00f3n il\u00edcita a ra\u00edz de una denuncia de la Aprevide y seguiremos trabajando para sacar a estos grupos de las canchas\u201d.<\/p>\n<p>Seg\u00fan indicaron las autoridades, \u201cMiguelito\u201d y \u201cEl Pelado\u201d formaban parte de una asociaci\u00f3n il\u00edcita dedicada a negocios ilegales en el marco de los espect\u00e1culos deportivos de f\u00fatbol.<\/p>\n<p>Los miembros de la organizaci\u00f3n criminal eran conocidos como \u201cLa Banda de Miguel\u201d y se dedicaban a la reventa de entradas para los partidos de f\u00fatbol de Banfield y a la explotaci\u00f3n ilegal del espacio p\u00fablico de\u00a0las inmediaciones del estadio, a trav\u00e9s puestos callejeros y estacionamientos.<\/p>\n<p>\u201cLos acusados utilizaban la intimidaci\u00f3n y la violencia f\u00edsica para adue\u00f1arse de estos negocios ilegales\u201d, explic\u00f3 un alto jefe a cargo de la pesquisa.<\/p>\n<p>El l\u00edder impart\u00eda directivas para \u201cEl Pelado\u201d, quien se dedicaba a transmitir las \u00f3rdenes al resto de los integrantes de la banda.<\/p>\n<p>Adem\u00e1s, dentro de la organizaci\u00f3n cumpl\u00eda un rol central una mujer apodada \u201cLa Nancy\u201d, madre de Miguelito que tambi\u00e9n oficiaba de organizadora de los miembros del grupo delictivo y de gestora de la reglas emitidas\u00a0por el jefe.<\/p>\n<p>Tras una amplia investigaci\u00f3n, las autoridades identificaron a los principales sospechosos de la actividad ilegal y con aval de la justicia montaron los operativos que posibilitaron las respectivas capturas.<\/p>\n<p>Los pesquisas explicaron que no es la primera vez que Miguelito y Nancy caen presos junto. En febrero de este a\u00f1o fueron detenidos en el estadio de f\u00fatbol en una causa por resistencia a la autoridad.<\/p>\n<p>Miguelito de 39 a\u00f1os, El Pelado (44), La Nancy (56) y tres c\u00f3mplices m\u00e1s quedaron a disposici\u00f3n de la justicia.<\/p>\n<p>Interviene en la causa la UFI N\u00b0 8 de Lomas de Zamora a cargo del Dr. Pablo Rossi.<\/p>\n<p><a href=\"http:\/\/www.elsindical.com.ar\/notas\/var\/www\/html\/notas\/wp-content\/uploads\/2018\/08\/WhatsApp-Image-2018-08-23-at-12.00.49.jpeg\"><img loading=\"lazy\" decoding=\"async\" class=\"alignnone size-medium wp-image-80730\" src=\"http:\/\/www.elsindical.com.ar\/notas\/var\/www\/html\/notas\/wp-content\/uploads\/2018\/08\/WhatsApp-Image-2018-08-23-at-12.00.49-300x168.jpeg\" alt=\"\" width=\"300\" height=\"168\" srcset=\"https:\/\/www.elsindical.com.ar\/notas\/var\/www\/html\/notas\/wp-content\/uploads\/2018\/08\/WhatsApp-Image-2018-08-23-at-12.00.49-300x168.jpeg 300w, https:\/\/www.elsindical.com.ar\/notas\/var\/www\/html\/notas\/wp-content\/uploads\/2018\/08\/WhatsApp-Image-2018-08-23-at-12.00.49-768x431.jpeg 768w, https:\/\/www.elsindical.com.ar\/notas\/var\/www\/html\/notas\/wp-content\/uploads\/2018\/08\/WhatsApp-Image-2018-08-23-at-12.00.49-1024x575.jpeg 1024w, https:\/\/www.elsindical.com.ar\/notas\/var\/www\/html\/notas\/wp-content\/uploads\/2018\/08\/WhatsApp-Image-2018-08-23-at-12.00.49-500x281.jpeg 500w, https:\/\/www.elsindical.com.ar\/notas\/var\/www\/html\/notas\/wp-content\/uploads\/2018\/08\/WhatsApp-Image-2018-08-23-at-12.00.49.jpeg 1040w\" sizes=\"auto, (max-width: 300px) 100vw, 300px\" \/><\/a> <a href=\"http:\/\/www.elsindical.com.ar\/notas\/var\/www\/html\/notas\/wp-content\/uploads\/2018\/08\/WhatsApp-Image-2018-08-23-at-12.00.47.jpeg\"><img loading=\"lazy\" decoding=\"async\" class=\"alignnone size-medium wp-image-80732\" src=\"http:\/\/www.elsindical.com.ar\/notas\/var\/www\/html\/notas\/wp-content\/uploads\/2018\/08\/WhatsApp-Image-2018-08-23-at-12.00.47-225x300.jpeg\" alt=\"\" width=\"225\" height=\"300\" srcset=\"https:\/\/www.elsindical.com.ar\/notas\/var\/www\/html\/notas\/wp-content\/uploads\/2018\/08\/WhatsApp-Image-2018-08-23-at-12.00.47-225x300.jpeg 225w, https:\/\/www.elsindical.com.ar\/notas\/var\/www\/html\/notas\/wp-content\/uploads\/2018\/08\/WhatsApp-Image-2018-08-23-at-12.00.47-768x1024.jpeg 768w, https:\/\/www.elsindical.com.ar\/notas\/var\/www\/html\/notas\/wp-content\/uploads\/2018\/08\/WhatsApp-Image-2018-08-23-at-12.00.47.jpeg 960w\" sizes=\"auto, (max-width: 225px) 100vw, 225px\" \/><\/a> <a href=\"http:\/\/www.elsindical.com.ar\/notas\/var\/www\/html\/notas\/wp-content\/uploads\/2018\/08\/WhatsApp-Image-2018-08-23-at-12.00.48.jpeg\"><img loading=\"lazy\" decoding=\"async\" class=\"alignnone size-medium wp-image-80731\" src=\"http:\/\/www.elsindical.com.ar\/notas\/var\/www\/html\/notas\/wp-content\/uploads\/2018\/08\/WhatsApp-Image-2018-08-23-at-12.00.48-225x300.jpeg\" alt=\"\" width=\"225\" height=\"300\" srcset=\"https:\/\/www.elsindical.com.ar\/notas\/var\/www\/html\/notas\/wp-content\/uploads\/2018\/08\/WhatsApp-Image-2018-08-23-at-12.00.48-225x300.jpeg 225w, https:\/\/www.elsindical.com.ar\/notas\/var\/www\/html\/notas\/wp-content\/uploads\/2018\/08\/WhatsApp-Image-2018-08-23-at-12.00.48-768x1024.jpeg 768w, https:\/\/www.elsindical.com.ar\/notas\/var\/www\/html\/notas\/wp-content\/uploads\/2018\/08\/WhatsApp-Image-2018-08-23-at-12.00.48.jpeg 780w\" sizes=\"auto, (max-width: 225px) 100vw, 225px\" \/><\/a><br \/>\n<iframe loading=\"lazy\" src=\"https:\/\/www.youtube.com\/embed\/v8DqC8L1_Z8\" width=\"580\" height=\"420\" frameborder=\"0\" allowfullscreen=\"allowfullscreen\"><span data-mce-type=\"bookmark\" style=\"display: inline-block; width: 0px; overflow: hidden; line-height: 0;\" class=\"mce_SELRES_start\">\ufeff<\/span><\/iframe><\/p>\n","protected":false},"excerpt":{"rendered":"<p>El jefe de la barrabrava de Banfield conocido como \u201cMiguelito\u201d, su madre apodada \u201cLa Nancy\u201d y su segundo al mando alias \u201cEl Pelado\u201d, acusados de extorsionar, amenazar y llevar adelante negocios ilegales, fuerondetenidos por la Polic\u00edas de la Provincia de Buenos Aires junto a otros seis c\u00f3mplices luego de una serie de allanamientos realizados en&hellip;<\/p>\n","protected":false},"author":1,"featured_media":80729,"comment_status":"open","ping_status":"open","sticky":false,"template":"","format":"standard","meta":{"footnotes":""},"categories":[22],"tags":[29465,22301,23294,744],"class_list":["post-80728","post","type-post","status-publish","format-standard","has-post-thumbnail","hentry","category-policiales","tag-barras-de-banfield","tag-comisario-mayor-javier-carlos-villar","tag-jefatura-departamental-avellaneda-lanus-lomas","tag-lomas-de-zamora"],"_links":{"self":[{"href":"https:\/\/www.elsindical.com.ar\/notas\/wp-json\/wp\/v2\/posts\/80728","targetHints":{"allow":["GET"]}}],"collection":[{"href":"https:\/\/www.elsindical.com.ar\/notas\/wp-json\/wp\/v2\/posts"}],"about":[{"href":"https:\/\/www.elsindical.com.ar\/notas\/wp-json\/wp\/v2\/types\/post"}],"author":[{"embeddable":true,"href":"https:\/\/www.elsindical.com.ar\/notas\/wp-json\/wp\/v2\/users\/1"}],"replies":[{"embeddable":true,"href":"https:\/\/www.elsindical.com.ar\/notas\/wp-json\/wp\/v2\/comments?post=80728"}],"version-history":[{"count":1,"href":"https:\/\/www.elsindical.com.ar\/notas\/wp-json\/wp\/v2\/posts\/80728\/revisions"}],"predecessor-version":[{"id":80733,"href":"https:\/\/www.elsindical.com.ar\/notas\/wp-json\/wp\/v2\/posts\/80728\/revisions\/80733"}],"wp:featuredmedia":[{"embeddable":true,"href":"https:\/\/www.elsindical.com.ar\/notas\/wp-json\/wp\/v2\/media\/80729"}],"wp:attachment":[{"href":"https:\/\/www.elsindical.com.ar\/notas\/wp-json\/wp\/v2\/media?parent=80728"}],"wp:term":[{"taxonomy":"category","embeddable":true,"href":"https:\/\/www.elsindical.com.ar\/notas\/wp-json\/wp\/v2\/categories?post=80728"},{"taxonomy":"post_tag","embeddable":true,"href":"https:\/\/www.elsindical.com.ar\/notas\/wp-json\/wp\/v2\/tags?post=80728"}],"curies":[{"name":"wp","href":"https:\/\/api.w.org\/{rel}","templated":true}]}}