{"id":80723,"date":"2018-08-23T10:08:56","date_gmt":"2018-08-23T13:08:56","guid":{"rendered":"http:\/\/www.elsindical.com.ar\/notas\/?p=80723"},"modified":"2018-08-23T10:08:56","modified_gmt":"2018-08-23T13:08:56","slug":"reves-judicial-para-vidal","status":"publish","type":"post","link":"https:\/\/www.elsindical.com.ar\/notas\/reves-judicial-para-vidal\/","title":{"rendered":"Rev\u00e9s judicial para Vidal"},"content":{"rendered":"<div class=\"vw-tagline \"><em><a href=\"http:\/\/www.elsindical.com.ar\/notas\/var\/www\/html\/notas\/wp-content\/uploads\/2016\/07\/Vidal-gesto.jpg\"><img loading=\"lazy\" decoding=\"async\" class=\"alignnone size-medium wp-image-60575\" src=\"http:\/\/www.elsindical.com.ar\/notas\/var\/www\/html\/notas\/wp-content\/uploads\/2016\/07\/Vidal-gesto-300x207.jpg\" alt=\"\" width=\"300\" height=\"207\" srcset=\"https:\/\/www.elsindical.com.ar\/notas\/var\/www\/html\/notas\/wp-content\/uploads\/2016\/07\/Vidal-gesto-300x207.jpg 300w, https:\/\/www.elsindical.com.ar\/notas\/var\/www\/html\/notas\/wp-content\/uploads\/2016\/07\/Vidal-gesto-436x300.jpg 436w, https:\/\/www.elsindical.com.ar\/notas\/var\/www\/html\/notas\/wp-content\/uploads\/2016\/07\/Vidal-gesto.jpg 620w\" sizes=\"auto, (max-width: 300px) 100vw, 300px\" \/><\/a>\u00a0 La Justicia le prohibi\u00f3 aplicar una millonaria multa a Suteba, por adherir a un paro convocado por la CTERA.<\/em><\/div>\n<div><\/div>\n<div>\n<div class=\"vw-post-content clearfix\">\n<p>El Tribunal de Trabajo N\u00b0 3 de La Plata, conformado por Carlos Gramuglia, Liliana Badi y Enrique Catani, hizo lugar a la demanda presentada por el Sindicato Unificado de Trabajadores de la Educaci\u00f3n de Buenos Aires (Suteba) y orden\u00f3 al gobierno de Mar\u00eda Eugenia Vidal abstenerse de imponer la multa al gremio.<\/p>\n<p>\u201cLa Justicia bonaerense le puso un freno al autoritarismo y a la ilegalidad con la que se maneja el Ministro de Trabajo de la provincia de Buenos Aires\u201d, destac\u00f3 el secretario general de Suteba, Roberto Baradel.<\/p>\n<p>\u201cDesde SUTEBA hab\u00edamos solicitado a la Justicia laboral el dictado de una medida cautelar, en virtud a la multa millonaria que el Ministerio de Trabajo bonaerense iba a aplicar sobre el Sindicato por una supuesta violaci\u00f3n a una conciliaci\u00f3n obligatoria a fines del mes de julio\u201d, se\u00f1alaron desde el sindicato. \u201cNuestra presentaci\u00f3n hace menci\u00f3n al Paro Nacional convocado por CTERA para el pasado 30 y 31 de julio, al que SUTEBA adhiri\u00f3 \u00b4en virtud del acto de afiliaci\u00f3n de una entidad sindical de grado superior y ante el mandato estatuido de cumplimentar las resoluciones que \u00e9sta adopte\u00b4\u201d, apunta.<\/p>\n<p>La Justicia, finalmente, orden\u00f3 al Ministerio de Trabajo de la Provincia a \u201cque se abstenga de imponer multa, impulsar y\/o proseguir cualquier tipo de proceso dirigido en dicho sentido\u201d. Los jueces se manifestaron en defensa del \u201clibre ejercicio de la acci\u00f3n sindical\u201d.<\/p>\n<\/div>\n<\/div>\n","protected":false},"excerpt":{"rendered":"<p>\u00a0 La Justicia le prohibi\u00f3 aplicar una millonaria multa a Suteba, por adherir a un paro convocado por la CTERA. El Tribunal de Trabajo N\u00b0 3 de La Plata, conformado por Carlos Gramuglia, Liliana Badi y Enrique Catani, hizo lugar a la demanda presentada por el Sindicato Unificado de Trabajadores de la Educaci\u00f3n de Buenos&hellip;<\/p>\n","protected":false},"author":1,"featured_media":60575,"comment_status":"open","ping_status":"open","sticky":false,"template":"","format":"standard","meta":{"footnotes":""},"categories":[20],"tags":[2719,7265,5204],"class_list":["post-80723","post","type-post","status-publish","format-standard","has-post-thumbnail","hentry","category-judiciales","tag-ctera","tag-maria-eugenia-vidal","tag-suteba"],"_links":{"self":[{"href":"https:\/\/www.elsindical.com.ar\/notas\/wp-json\/wp\/v2\/posts\/80723","targetHints":{"allow":["GET"]}}],"collection":[{"href":"https:\/\/www.elsindical.com.ar\/notas\/wp-json\/wp\/v2\/posts"}],"about":[{"href":"https:\/\/www.elsindical.com.ar\/notas\/wp-json\/wp\/v2\/types\/post"}],"author":[{"embeddable":true,"href":"https:\/\/www.elsindical.com.ar\/notas\/wp-json\/wp\/v2\/users\/1"}],"replies":[{"embeddable":true,"href":"https:\/\/www.elsindical.com.ar\/notas\/wp-json\/wp\/v2\/comments?post=80723"}],"version-history":[{"count":1,"href":"https:\/\/www.elsindical.com.ar\/notas\/wp-json\/wp\/v2\/posts\/80723\/revisions"}],"predecessor-version":[{"id":80724,"href":"https:\/\/www.elsindical.com.ar\/notas\/wp-json\/wp\/v2\/posts\/80723\/revisions\/80724"}],"wp:featuredmedia":[{"embeddable":true,"href":"https:\/\/www.elsindical.com.ar\/notas\/wp-json\/wp\/v2\/media\/60575"}],"wp:attachment":[{"href":"https:\/\/www.elsindical.com.ar\/notas\/wp-json\/wp\/v2\/media?parent=80723"}],"wp:term":[{"taxonomy":"category","embeddable":true,"href":"https:\/\/www.elsindical.com.ar\/notas\/wp-json\/wp\/v2\/categories?post=80723"},{"taxonomy":"post_tag","embeddable":true,"href":"https:\/\/www.elsindical.com.ar\/notas\/wp-json\/wp\/v2\/tags?post=80723"}],"curies":[{"name":"wp","href":"https:\/\/api.w.org\/{rel}","templated":true}]}}