{"id":80720,"date":"2018-08-23T10:05:02","date_gmt":"2018-08-23T13:05:02","guid":{"rendered":"http:\/\/www.elsindical.com.ar\/notas\/?p=80720"},"modified":"2018-08-23T10:05:02","modified_gmt":"2018-08-23T13:05:02","slug":"escandalo-en-cambiemos-denuncian-a-piter-robledo-por-millonaria-estafa","status":"publish","type":"post","link":"https:\/\/www.elsindical.com.ar\/notas\/escandalo-en-cambiemos-denuncian-a-piter-robledo-por-millonaria-estafa\/","title":{"rendered":"Esc\u00e1ndalo en Cambiemos: denuncian a Piter Robledo por millonaria estafa"},"content":{"rendered":"<p><em><span class=\"text description col-xs-8 col-lg-9\"><a href=\"http:\/\/www.elsindical.com.ar\/notas\/var\/www\/html\/notas\/wp-content\/uploads\/2018\/08\/Piter-Robledo.jpg\"><img loading=\"lazy\" decoding=\"async\" class=\"alignnone size-medium wp-image-80721\" src=\"http:\/\/www.elsindical.com.ar\/notas\/var\/www\/html\/notas\/wp-content\/uploads\/2018\/08\/Piter-Robledo-300x181.jpg\" alt=\"\" width=\"300\" height=\"181\" srcset=\"https:\/\/www.elsindical.com.ar\/notas\/var\/www\/html\/notas\/wp-content\/uploads\/2018\/08\/Piter-Robledo-300x181.jpg 300w, https:\/\/www.elsindical.com.ar\/notas\/var\/www\/html\/notas\/wp-content\/uploads\/2018\/08\/Piter-Robledo-768x463.jpg 768w, https:\/\/www.elsindical.com.ar\/notas\/var\/www\/html\/notas\/wp-content\/uploads\/2018\/08\/Piter-Robledo-498x300.jpg 498w, https:\/\/www.elsindical.com.ar\/notas\/var\/www\/html\/notas\/wp-content\/uploads\/2018\/08\/Piter-Robledo.jpg 1000w\" sizes=\"auto, (max-width: 300px) 100vw, 300px\" \/><\/a>\u00a0 El director ejecutivo del Instituto Nacional de Juventud de la Naci\u00f3n fue denunciado por una mujer, de la Juventud de Cambiemos, que lo acusa de haber depositado cifras de dinero en su cuenta sueldo tras haber sido despedida. Esc\u00e1ndalo en Cambiemos.<\/span><\/em><\/p>\n<p><strong>CAMBIEMOS<\/strong>, el espacio oficialista de Gobierno, se ve en medio de otro nuevo <strong>esc\u00e1ndalo<\/strong>. <strong>Piter Robledo<\/strong>, director ejecutivo del Instituto Nacional de Juventud de la Naci\u00f3n, fue recientemente <strong>denunciado<\/strong> por una joven por haber usado su cuenta sueldo como empleada de esa dependencia oficial (cuando se denominaba Subsecretario de Juventud del Ministerio de Desarrollo Social) con el objetivo de hacer un <strong>dep\u00f3sito de $ 150 mil<\/strong> por varios meses luego de haber sido despedida.<\/p>\n<p>La denunciante es <strong>Rosaura Cipres<\/strong>, de la <strong>Juventud de Cambiemos<\/strong>, quien se present\u00f3 ante la justicia federal y denunci\u00f3 a Robledo por <strong>defraudaci\u00f3n contra la administraci\u00f3n p\u00fablica<\/strong>,<strong> falsificaci\u00f3n<\/strong> de documentos p\u00fablicos y<strong> malversaci\u00f3n de fondos<\/strong> p\u00fablicos.<\/p>\n<p>En declaraciones al programa \u00abS\u00f3lo periodismo\u00bb (Cr\u00f3nica TV), la mujer afirm\u00f3 que <strong>fue echada cuando estaba embarazada<\/strong> y que de inmediato logr\u00f3 advertir la situaci\u00f3n intentando tramitar un subsidio, que le fue rechazado por los altos ingresos que recib\u00eda en su cuenta bancaria.<\/p>\n<p>\u201cUn par de meses despu\u00e9s de mi despido me acerco a ANSES para tramitar el monotributo social pero no me dejan porque aparec\u00eda activa en el Ministerio de Desarrollo Social. <strong>Aparec\u00eda cobrando $ 150 mil<\/strong>. Me llevo la sorpresa de mi vida\u201d, relat\u00f3 la denunciante de Robledo.<\/p>\n<p>Luego agreg\u00f3: \u201c<strong>Mi sueldo era de $ 10 mil<\/strong>. En el banco figuran los dep\u00f3sitos hechos y retirados, pero yo no los retir\u00e9\u201d.<\/p>\n<p>Los dep\u00f3sitos y retiros de dinero en su propia cuenta sueldo <strong>se repitieron por un espacio de al menos 8 meses<\/strong>. Todo hizo una cifra superior al mill\u00f3n de pesos que la joven dice nunca haber recibido.<\/p>\n<p>La denuncia se present\u00f3 formalmente en julio de este a\u00f1o y recay\u00f3 en el juzgado federal 7 de <strong>Sebasti\u00e1n Casanello<\/strong>. El caso debe\u00a0ser investigado por el fiscal <strong>Carlos Stornelli.<\/strong><\/p>\n","protected":false},"excerpt":{"rendered":"<p>\u00a0 El director ejecutivo del Instituto Nacional de Juventud de la Naci\u00f3n fue denunciado por una mujer, de la Juventud de Cambiemos, que lo acusa de haber depositado cifras de dinero en su cuenta sueldo tras haber sido despedida. Esc\u00e1ndalo en Cambiemos. CAMBIEMOS, el espacio oficialista de Gobierno, se ve en medio de otro nuevo&hellip;<\/p>\n","protected":false},"author":1,"featured_media":80721,"comment_status":"open","ping_status":"open","sticky":false,"template":"","format":"standard","meta":{"footnotes":""},"categories":[6],"tags":[80,22169,175,26992,29464],"class_list":["post-80720","post","type-post","status-publish","format-standard","has-post-thumbnail","hentry","category-denuncias","tag-anses","tag-cambiemos","tag-denuncia","tag-piter-robledo","tag-rosaura-cipres"],"_links":{"self":[{"href":"https:\/\/www.elsindical.com.ar\/notas\/wp-json\/wp\/v2\/posts\/80720","targetHints":{"allow":["GET"]}}],"collection":[{"href":"https:\/\/www.elsindical.com.ar\/notas\/wp-json\/wp\/v2\/posts"}],"about":[{"href":"https:\/\/www.elsindical.com.ar\/notas\/wp-json\/wp\/v2\/types\/post"}],"author":[{"embeddable":true,"href":"https:\/\/www.elsindical.com.ar\/notas\/wp-json\/wp\/v2\/users\/1"}],"replies":[{"embeddable":true,"href":"https:\/\/www.elsindical.com.ar\/notas\/wp-json\/wp\/v2\/comments?post=80720"}],"version-history":[{"count":1,"href":"https:\/\/www.elsindical.com.ar\/notas\/wp-json\/wp\/v2\/posts\/80720\/revisions"}],"predecessor-version":[{"id":80722,"href":"https:\/\/www.elsindical.com.ar\/notas\/wp-json\/wp\/v2\/posts\/80720\/revisions\/80722"}],"wp:featuredmedia":[{"embeddable":true,"href":"https:\/\/www.elsindical.com.ar\/notas\/wp-json\/wp\/v2\/media\/80721"}],"wp:attachment":[{"href":"https:\/\/www.elsindical.com.ar\/notas\/wp-json\/wp\/v2\/media?parent=80720"}],"wp:term":[{"taxonomy":"category","embeddable":true,"href":"https:\/\/www.elsindical.com.ar\/notas\/wp-json\/wp\/v2\/categories?post=80720"},{"taxonomy":"post_tag","embeddable":true,"href":"https:\/\/www.elsindical.com.ar\/notas\/wp-json\/wp\/v2\/tags?post=80720"}],"curies":[{"name":"wp","href":"https:\/\/api.w.org\/{rel}","templated":true}]}}