{"id":80662,"date":"2018-08-21T09:26:46","date_gmt":"2018-08-21T12:26:46","guid":{"rendered":"http:\/\/www.elsindical.com.ar\/notas\/?p=80662"},"modified":"2018-08-21T09:26:46","modified_gmt":"2018-08-21T12:26:46","slug":"mariela-dallocchio-genero-polemica-al-burlarse-de-la-muerte-de-chicha-mariani","status":"publish","type":"post","link":"https:\/\/www.elsindical.com.ar\/notas\/mariela-dallocchio-genero-polemica-al-burlarse-de-la-muerte-de-chicha-mariani\/","title":{"rendered":"Mariela Dallocchio gener\u00f3 pol\u00e9mica al burlarse de la muerte de Chicha Mariani"},"content":{"rendered":"<p><a href=\"http:\/\/www.elsindical.com.ar\/notas\/var\/www\/html\/notas\/wp-content\/uploads\/2018\/08\/DlFx1rHWsAAvTLo.jpg\"><img loading=\"lazy\" decoding=\"async\" class=\"alignnone size-medium wp-image-80663\" src=\"http:\/\/www.elsindical.com.ar\/notas\/var\/www\/html\/notas\/wp-content\/uploads\/2018\/08\/DlFx1rHWsAAvTLo-300x300.jpg\" alt=\"\" width=\"300\" height=\"300\" srcset=\"https:\/\/www.elsindical.com.ar\/notas\/var\/www\/html\/notas\/wp-content\/uploads\/2018\/08\/DlFx1rHWsAAvTLo-300x300.jpg 300w, https:\/\/www.elsindical.com.ar\/notas\/var\/www\/html\/notas\/wp-content\/uploads\/2018\/08\/DlFx1rHWsAAvTLo-150x150.jpg 150w, https:\/\/www.elsindical.com.ar\/notas\/var\/www\/html\/notas\/wp-content\/uploads\/2018\/08\/DlFx1rHWsAAvTLo-50x50.jpg 50w, https:\/\/www.elsindical.com.ar\/notas\/var\/www\/html\/notas\/wp-content\/uploads\/2018\/08\/DlFx1rHWsAAvTLo.jpg 400w\" sizes=\"auto, (max-width: 300px) 100vw, 300px\" \/><\/a>\u00a0 \u00a0Pocas veces alguien consigue lo que Mariela Dallocchio y es un repudio generalizado donde incluso la empresa en la que es gerente sali\u00f3 a despegarse de sus comentarios, aunque lo correcta ser\u00eda que inmediatamente la despidan.<\/p>\n<p><a href=\"http:\/\/www.elsindical.com.ar\/notas\/var\/www\/html\/notas\/wp-content\/uploads\/2018\/08\/comentario-de-Marie.jpg\"><img loading=\"lazy\" decoding=\"async\" class=\"alignnone size-medium wp-image-80664\" src=\"http:\/\/www.elsindical.com.ar\/notas\/var\/www\/html\/notas\/wp-content\/uploads\/2018\/08\/comentario-de-Marie-237x300.jpg\" alt=\"\" width=\"237\" height=\"300\" srcset=\"https:\/\/www.elsindical.com.ar\/notas\/var\/www\/html\/notas\/wp-content\/uploads\/2018\/08\/comentario-de-Marie-237x300.jpg 237w, https:\/\/www.elsindical.com.ar\/notas\/var\/www\/html\/notas\/wp-content\/uploads\/2018\/08\/comentario-de-Marie.jpg 481w\" sizes=\"auto, (max-width: 237px) 100vw, 237px\" \/><\/a><\/p>\n<p>La contadora y empresaria\u00a0<strong>Mariela Dallocchio<\/strong>\u00a0se burl\u00f3 de la muerte de <strong>Chicha Mariani<\/strong>, una de las fundadoras de Abuelas de Plaza de Mayo. <em>\u00abUna menos\u00bb<\/em>, tuite\u00f3 la gerenta de Administraci\u00f3n y Finanzas de una reconocida cadena de gimnasios, quien cerr\u00f3 su cuenta luego del repudio masivo.<\/p>\n<p><strong>Mar\u00eda Isabel <em>Chicha<\/em>\u00a0Chorobik de Mariani<\/strong>\u00a0falleci\u00f3 el pasado lunes a los 95 a\u00f1os. La militante por los Derechos Humanos muri\u00f3 sin poder encontrar\u00a0a su nieta <strong>Clara Anah\u00ed<\/strong>.<\/p>\n<p>El tuit\u00a0de la ejecutiva recibi\u00f3 tanto rechazo entre los usuarios que debi\u00f3 cerrar su cuenta. Uno de las cr\u00edticas m\u00e1s fuertes que recibi\u00f3 fue por parte de <strong>Dalma\u00a0Maradona<\/strong>.<\/p>\n<p><a href=\"http:\/\/www.elsindical.com.ar\/notas\/var\/www\/html\/notas\/wp-content\/uploads\/2018\/08\/respuesta-de-Dalma.jpg\"><img loading=\"lazy\" decoding=\"async\" class=\"alignnone size-medium wp-image-80665\" src=\"http:\/\/www.elsindical.com.ar\/notas\/var\/www\/html\/notas\/wp-content\/uploads\/2018\/08\/respuesta-de-Dalma-300x134.jpg\" alt=\"\" width=\"300\" height=\"134\" srcset=\"https:\/\/www.elsindical.com.ar\/notas\/var\/www\/html\/notas\/wp-content\/uploads\/2018\/08\/respuesta-de-Dalma-300x134.jpg 300w, https:\/\/www.elsindical.com.ar\/notas\/var\/www\/html\/notas\/wp-content\/uploads\/2018\/08\/respuesta-de-Dalma-500x223.jpg 500w, https:\/\/www.elsindical.com.ar\/notas\/var\/www\/html\/notas\/wp-content\/uploads\/2018\/08\/respuesta-de-Dalma.jpg 743w\" sizes=\"auto, (max-width: 300px) 100vw, 300px\" \/><\/a><\/p>\n<p>La cadena de gimnasios tambi\u00e9n se refiri\u00f3 a su escandaloso comentario y public\u00f3 un descargo en las redes sociales oficiales de la compa\u00f1\u00eda.<\/p>\n<p><a href=\"http:\/\/www.elsindical.com.ar\/notas\/var\/www\/html\/notas\/wp-content\/uploads\/2018\/08\/comunicado-de-Megatlon.jpg\"><img loading=\"lazy\" decoding=\"async\" class=\"alignnone size-medium wp-image-80666\" src=\"http:\/\/www.elsindical.com.ar\/notas\/var\/www\/html\/notas\/wp-content\/uploads\/2018\/08\/comunicado-de-Megatlon-300x148.jpg\" alt=\"\" width=\"300\" height=\"148\" srcset=\"https:\/\/www.elsindical.com.ar\/notas\/var\/www\/html\/notas\/wp-content\/uploads\/2018\/08\/comunicado-de-Megatlon-300x148.jpg 300w, https:\/\/www.elsindical.com.ar\/notas\/var\/www\/html\/notas\/wp-content\/uploads\/2018\/08\/comunicado-de-Megatlon-500x247.jpg 500w, https:\/\/www.elsindical.com.ar\/notas\/var\/www\/html\/notas\/wp-content\/uploads\/2018\/08\/comunicado-de-Megatlon.jpg 743w\" sizes=\"auto, (max-width: 300px) 100vw, 300px\" \/><\/a><\/p>\n<p>Otra de las empresas vinculadas a Dallocchio es T\u00eda Maruca.<\/p>\n","protected":false},"excerpt":{"rendered":"<p>\u00a0 \u00a0Pocas veces alguien consigue lo que Mariela Dallocchio y es un repudio generalizado donde incluso la empresa en la que es gerente sali\u00f3 a despegarse de sus comentarios, aunque lo correcta ser\u00eda que inmediatamente la despidan. La contadora y empresaria\u00a0Mariela Dallocchio\u00a0se burl\u00f3 de la muerte de Chicha Mariani, una de las fundadoras de Abuelas&hellip;<\/p>\n","protected":false},"author":1,"featured_media":80663,"comment_status":"open","ping_status":"open","sticky":false,"template":"","format":"standard","meta":{"footnotes":""},"categories":[25],"tags":[4697,29437,29439,29438,29436],"class_list":["post-80662","post","type-post","status-publish","format-standard","has-post-thumbnail","hentry","category-sociedad","tag-abuelas-de-plaza-de-mayo","tag-chicha-mariani","tag-clara-anahi","tag-maria-isabel-chica-chorobik-de-mariani","tag-mariela-dallocchio"],"_links":{"self":[{"href":"https:\/\/www.elsindical.com.ar\/notas\/wp-json\/wp\/v2\/posts\/80662","targetHints":{"allow":["GET"]}}],"collection":[{"href":"https:\/\/www.elsindical.com.ar\/notas\/wp-json\/wp\/v2\/posts"}],"about":[{"href":"https:\/\/www.elsindical.com.ar\/notas\/wp-json\/wp\/v2\/types\/post"}],"author":[{"embeddable":true,"href":"https:\/\/www.elsindical.com.ar\/notas\/wp-json\/wp\/v2\/users\/1"}],"replies":[{"embeddable":true,"href":"https:\/\/www.elsindical.com.ar\/notas\/wp-json\/wp\/v2\/comments?post=80662"}],"version-history":[{"count":1,"href":"https:\/\/www.elsindical.com.ar\/notas\/wp-json\/wp\/v2\/posts\/80662\/revisions"}],"predecessor-version":[{"id":80667,"href":"https:\/\/www.elsindical.com.ar\/notas\/wp-json\/wp\/v2\/posts\/80662\/revisions\/80667"}],"wp:featuredmedia":[{"embeddable":true,"href":"https:\/\/www.elsindical.com.ar\/notas\/wp-json\/wp\/v2\/media\/80663"}],"wp:attachment":[{"href":"https:\/\/www.elsindical.com.ar\/notas\/wp-json\/wp\/v2\/media?parent=80662"}],"wp:term":[{"taxonomy":"category","embeddable":true,"href":"https:\/\/www.elsindical.com.ar\/notas\/wp-json\/wp\/v2\/categories?post=80662"},{"taxonomy":"post_tag","embeddable":true,"href":"https:\/\/www.elsindical.com.ar\/notas\/wp-json\/wp\/v2\/tags?post=80662"}],"curies":[{"name":"wp","href":"https:\/\/api.w.org\/{rel}","templated":true}]}}