{"id":80605,"date":"2018-08-18T17:47:52","date_gmt":"2018-08-18T20:47:52","guid":{"rendered":"http:\/\/www.elsindical.com.ar\/notas\/?p=80605"},"modified":"2018-08-18T17:47:52","modified_gmt":"2018-08-18T20:47:52","slug":"abasto-policia-de-la-ciudad-se-suicida-en-la-puerta-del-shopping","status":"publish","type":"post","link":"https:\/\/www.elsindical.com.ar\/notas\/abasto-policia-de-la-ciudad-se-suicida-en-la-puerta-del-shopping\/","title":{"rendered":"Abasto: Polic\u00eda de la Ciudad se suicida en la puerta del Shopping"},"content":{"rendered":"<p><em>\u00a0 <a href=\"http:\/\/www.elsindical.com.ar\/notas\/var\/www\/html\/notas\/wp-content\/uploads\/2018\/08\/Shopping-Abasto.jpg\"><img loading=\"lazy\" decoding=\"async\" class=\"alignnone size-medium wp-image-80606\" src=\"http:\/\/www.elsindical.com.ar\/notas\/var\/www\/html\/notas\/wp-content\/uploads\/2018\/08\/Shopping-Abasto-300x169.jpg\" alt=\"\" width=\"300\" height=\"169\" srcset=\"https:\/\/www.elsindical.com.ar\/notas\/var\/www\/html\/notas\/wp-content\/uploads\/2018\/08\/Shopping-Abasto-300x169.jpg 300w, https:\/\/www.elsindical.com.ar\/notas\/var\/www\/html\/notas\/wp-content\/uploads\/2018\/08\/Shopping-Abasto-768x432.jpg 768w, https:\/\/www.elsindical.com.ar\/notas\/var\/www\/html\/notas\/wp-content\/uploads\/2018\/08\/Shopping-Abasto-500x281.jpg 500w, https:\/\/www.elsindical.com.ar\/notas\/var\/www\/html\/notas\/wp-content\/uploads\/2018\/08\/Shopping-Abasto-460x260.jpg 460w, https:\/\/www.elsindical.com.ar\/notas\/var\/www\/html\/notas\/wp-content\/uploads\/2018\/08\/Shopping-Abasto.jpg 970w\" sizes=\"auto, (max-width: 300px) 100vw, 300px\" \/><\/a>El efectivo de la fuerza de seguridad de la Ciudad hab\u00eda sido trasladado de dependencia. Esa situaci\u00f3n, sumada a problemas personales, motivaron la decisi\u00f3n. El suceso caus\u00f3 enorme revuelo en esa zona comercial.<\/em><\/p>\n<p>Un efectivo de la Polic\u00eda de la Ciudad tom\u00f3 la dr\u00e1stica determinaci\u00f3n de quitarse la vida en horas de la tarde de este s\u00e1bado, frente al Shopping Abasto, en pleno barrio de Once.<\/p>\n<p>La situaci\u00f3n provoc\u00f3 enorme revuelo entre peatones, automovilistas y concurrentes al centro comercial, justo en jornada sabatina y previa del fin de semana largo.<\/p>\n<p>De acuerdo a lo que pudo averiguar Cr\u00f3nica, la v\u00edctima, identificada como Mauro Ezequiel Darvin, deb\u00eda presentarse esta misma jornada a trabajar en la Comuna 1E, su nuevo destino en la fuerza de seguridad.<\/p>\n<p>Sin embargo, el uniformado no estaba c\u00f3modo con este traslado. Su hermano, tambi\u00e9n polic\u00eda, coment\u00f3 que Mauro hab\u00eda tomado a mal ese traslado, pero que adem\u00e1s<em> \u00abten\u00eda algunos problemas personales\u00bb<\/em> que motivaron la extrema decisi\u00f3n.<\/p>\n<p>Trabaj\u00f3 personal del SAME con efectivos de la Polic\u00eda de la Ciudad.<\/p>\n<p><a href=\"http:\/\/www.elsindical.com.ar\/notas\/var\/www\/html\/notas\/wp-content\/uploads\/2018\/08\/suicidio-en-el-Shopping-Abasto-1.jpg\"><img loading=\"lazy\" decoding=\"async\" class=\"alignnone size-medium wp-image-80607\" src=\"http:\/\/www.elsindical.com.ar\/notas\/var\/www\/html\/notas\/wp-content\/uploads\/2018\/08\/suicidio-en-el-Shopping-Abasto-1-169x300.jpg\" alt=\"\" width=\"169\" height=\"300\" srcset=\"https:\/\/www.elsindical.com.ar\/notas\/var\/www\/html\/notas\/wp-content\/uploads\/2018\/08\/suicidio-en-el-Shopping-Abasto-1-169x300.jpg 169w, https:\/\/www.elsindical.com.ar\/notas\/var\/www\/html\/notas\/wp-content\/uploads\/2018\/08\/suicidio-en-el-Shopping-Abasto-1-576x1024.jpg 576w, https:\/\/www.elsindical.com.ar\/notas\/var\/www\/html\/notas\/wp-content\/uploads\/2018\/08\/suicidio-en-el-Shopping-Abasto-1.jpg 720w\" sizes=\"auto, (max-width: 169px) 100vw, 169px\" \/><\/a> <a href=\"http:\/\/www.elsindical.com.ar\/notas\/var\/www\/html\/notas\/wp-content\/uploads\/2018\/08\/Mauro-Ezequiel-Darvin.jpg\"><img loading=\"lazy\" decoding=\"async\" class=\"alignnone size-medium wp-image-80609\" src=\"http:\/\/www.elsindical.com.ar\/notas\/var\/www\/html\/notas\/wp-content\/uploads\/2018\/08\/Mauro-Ezequiel-Darvin-164x300.jpg\" alt=\"\" width=\"164\" height=\"300\" srcset=\"https:\/\/www.elsindical.com.ar\/notas\/var\/www\/html\/notas\/wp-content\/uploads\/2018\/08\/Mauro-Ezequiel-Darvin-164x300.jpg 164w, https:\/\/www.elsindical.com.ar\/notas\/var\/www\/html\/notas\/wp-content\/uploads\/2018\/08\/Mauro-Ezequiel-Darvin.jpg 394w\" sizes=\"auto, (max-width: 164px) 100vw, 164px\" \/><\/a> <a href=\"http:\/\/www.elsindical.com.ar\/notas\/var\/www\/html\/notas\/wp-content\/uploads\/2018\/08\/suicidio-en-el-Shopping-Abasto-2.jpg\"><img loading=\"lazy\" decoding=\"async\" class=\"alignnone size-medium wp-image-80608\" src=\"http:\/\/www.elsindical.com.ar\/notas\/var\/www\/html\/notas\/wp-content\/uploads\/2018\/08\/suicidio-en-el-Shopping-Abasto-2-169x300.jpg\" alt=\"\" width=\"169\" height=\"300\" srcset=\"https:\/\/www.elsindical.com.ar\/notas\/var\/www\/html\/notas\/wp-content\/uploads\/2018\/08\/suicidio-en-el-Shopping-Abasto-2-169x300.jpg 169w, https:\/\/www.elsindical.com.ar\/notas\/var\/www\/html\/notas\/wp-content\/uploads\/2018\/08\/suicidio-en-el-Shopping-Abasto-2-576x1024.jpg 576w, https:\/\/www.elsindical.com.ar\/notas\/var\/www\/html\/notas\/wp-content\/uploads\/2018\/08\/suicidio-en-el-Shopping-Abasto-2.jpg 720w\" sizes=\"auto, (max-width: 169px) 100vw, 169px\" \/><\/a><\/p>\n","protected":false},"excerpt":{"rendered":"<p>\u00a0 El efectivo de la fuerza de seguridad de la Ciudad hab\u00eda sido trasladado de dependencia. Esa situaci\u00f3n, sumada a problemas personales, motivaron la decisi\u00f3n. El suceso caus\u00f3 enorme revuelo en esa zona comercial. Un efectivo de la Polic\u00eda de la Ciudad tom\u00f3 la dr\u00e1stica determinaci\u00f3n de quitarse la vida en horas de la tarde&hellip;<\/p>\n","protected":false},"author":1,"featured_media":80606,"comment_status":"open","ping_status":"open","sticky":false,"template":"","format":"standard","meta":{"footnotes":""},"categories":[22],"tags":[29426,1629,24537,22342],"class_list":["post-80605","post","type-post","status-publish","format-standard","has-post-thumbnail","hentry","category-policiales","tag-mauro-ezequiel-darvin","tag-once","tag-policia-de-la-ciudad","tag-shopping-abasto"],"_links":{"self":[{"href":"https:\/\/www.elsindical.com.ar\/notas\/wp-json\/wp\/v2\/posts\/80605","targetHints":{"allow":["GET"]}}],"collection":[{"href":"https:\/\/www.elsindical.com.ar\/notas\/wp-json\/wp\/v2\/posts"}],"about":[{"href":"https:\/\/www.elsindical.com.ar\/notas\/wp-json\/wp\/v2\/types\/post"}],"author":[{"embeddable":true,"href":"https:\/\/www.elsindical.com.ar\/notas\/wp-json\/wp\/v2\/users\/1"}],"replies":[{"embeddable":true,"href":"https:\/\/www.elsindical.com.ar\/notas\/wp-json\/wp\/v2\/comments?post=80605"}],"version-history":[{"count":1,"href":"https:\/\/www.elsindical.com.ar\/notas\/wp-json\/wp\/v2\/posts\/80605\/revisions"}],"predecessor-version":[{"id":80610,"href":"https:\/\/www.elsindical.com.ar\/notas\/wp-json\/wp\/v2\/posts\/80605\/revisions\/80610"}],"wp:featuredmedia":[{"embeddable":true,"href":"https:\/\/www.elsindical.com.ar\/notas\/wp-json\/wp\/v2\/media\/80606"}],"wp:attachment":[{"href":"https:\/\/www.elsindical.com.ar\/notas\/wp-json\/wp\/v2\/media?parent=80605"}],"wp:term":[{"taxonomy":"category","embeddable":true,"href":"https:\/\/www.elsindical.com.ar\/notas\/wp-json\/wp\/v2\/categories?post=80605"},{"taxonomy":"post_tag","embeddable":true,"href":"https:\/\/www.elsindical.com.ar\/notas\/wp-json\/wp\/v2\/tags?post=80605"}],"curies":[{"name":"wp","href":"https:\/\/api.w.org\/{rel}","templated":true}]}}