{"id":80582,"date":"2018-08-17T15:07:32","date_gmt":"2018-08-17T18:07:32","guid":{"rendered":"http:\/\/www.elsindical.com.ar\/notas\/?p=80582"},"modified":"2018-08-17T15:07:32","modified_gmt":"2018-08-17T18:07:32","slug":"florencio-varela-la-policia-federal-detuvo-a-un-hombre-acusado-por-abusar-de-una-menor-en-el-tren","status":"publish","type":"post","link":"https:\/\/www.elsindical.com.ar\/notas\/florencio-varela-la-policia-federal-detuvo-a-un-hombre-acusado-por-abusar-de-una-menor-en-el-tren\/","title":{"rendered":"Florencio Varela: La Polic\u00eda Federal detuvo a un hombre acusado por abusar de una menor en el tren"},"content":{"rendered":"<p><a href=\"http:\/\/www.elsindical.com.ar\/notas\/var\/www\/html\/notas\/wp-content\/uploads\/2018\/08\/detenido-F-Varela-abusador.jpg\"><img loading=\"lazy\" decoding=\"async\" class=\"alignnone size-medium wp-image-80583\" src=\"http:\/\/www.elsindical.com.ar\/notas\/var\/www\/html\/notas\/wp-content\/uploads\/2018\/08\/detenido-F-Varela-abusador-225x300.jpg\" alt=\"\" width=\"225\" height=\"300\" srcset=\"https:\/\/www.elsindical.com.ar\/notas\/var\/www\/html\/notas\/wp-content\/uploads\/2018\/08\/detenido-F-Varela-abusador-225x300.jpg 225w, https:\/\/www.elsindical.com.ar\/notas\/var\/www\/html\/notas\/wp-content\/uploads\/2018\/08\/detenido-F-Varela-abusador.jpg 515w\" sizes=\"auto, (max-width: 225px) 100vw, 225px\" \/><\/a>El d\u00eda de ayer, a las 13.30 hs., dos Sargentos de la Polic\u00eda Federal Argentina que prestan servicio de seguridad en el Ferrocarril Roca se encontraban recorriendo el sector de los andenes en la localidad de Bosques, en el partido bonaerense de Florencio Varela, cuando observaron a una menor que bajaba del tren vestida con uniforme escolar que se mostraba angustiada y les solicit\u00f3 ayuda al personal policial debido a que un hombre hab\u00eda abusado de ella mientras viajaba desde Constituci\u00f3n.<\/p>\n<p>La primera reacci\u00f3n de los efectivos fue tranquilizar a la menor, quien les detall\u00f3 lo sucedido y brind\u00f3 una descripci\u00f3n del hombre que la hab\u00eda atacado sexualmente. El personal de la fuerza que conduce N\u00e9stor Roncaglia, cumpliendo con el protocolo dictado por el Ministerio de Seguridad de la Naci\u00f3n que conduce Patricia Bullrich, realiz\u00f3 un recorrido por los andenes hasta identificar al agresor, quien fue detenido inmediatamente.<\/p>\n<p>El hombre, de nacionalidad argentina de 63 a\u00f1os de edad, fue trasladado a la Comisar\u00eda 4 de Bosques para continuar con las actuaciones correspondientes.<\/p>\n<p>Interviene en la causa la UFI 8 del Departamento Judicial de Quilmes a cargo de la Dra. Rosana Meyer.<\/p>\n<p>&nbsp;<\/p>\n<p>Fuente: Prensa Polic\u00eda Federal Argentina<\/p>\n","protected":false},"excerpt":{"rendered":"<p>El d\u00eda de ayer, a las 13.30 hs., dos Sargentos de la Polic\u00eda Federal Argentina que prestan servicio de seguridad en el Ferrocarril Roca se encontraban recorriendo el sector de los andenes en la localidad de Bosques, en el partido bonaerense de Florencio Varela, cuando observaron a una menor que bajaba del tren vestida con&hellip;<\/p>\n","protected":false},"author":1,"featured_media":80583,"comment_status":"open","ping_status":"open","sticky":false,"template":"","format":"standard","meta":{"footnotes":""},"categories":[22],"tags":[342,2337,1307,223,698],"class_list":["post-80582","post","type-post","status-publish","format-standard","has-post-thumbnail","hentry","category-policiales","tag-abuso","tag-bosques","tag-florencio-varela","tag-menor","tag-pfa"],"_links":{"self":[{"href":"https:\/\/www.elsindical.com.ar\/notas\/wp-json\/wp\/v2\/posts\/80582","targetHints":{"allow":["GET"]}}],"collection":[{"href":"https:\/\/www.elsindical.com.ar\/notas\/wp-json\/wp\/v2\/posts"}],"about":[{"href":"https:\/\/www.elsindical.com.ar\/notas\/wp-json\/wp\/v2\/types\/post"}],"author":[{"embeddable":true,"href":"https:\/\/www.elsindical.com.ar\/notas\/wp-json\/wp\/v2\/users\/1"}],"replies":[{"embeddable":true,"href":"https:\/\/www.elsindical.com.ar\/notas\/wp-json\/wp\/v2\/comments?post=80582"}],"version-history":[{"count":1,"href":"https:\/\/www.elsindical.com.ar\/notas\/wp-json\/wp\/v2\/posts\/80582\/revisions"}],"predecessor-version":[{"id":80584,"href":"https:\/\/www.elsindical.com.ar\/notas\/wp-json\/wp\/v2\/posts\/80582\/revisions\/80584"}],"wp:featuredmedia":[{"embeddable":true,"href":"https:\/\/www.elsindical.com.ar\/notas\/wp-json\/wp\/v2\/media\/80583"}],"wp:attachment":[{"href":"https:\/\/www.elsindical.com.ar\/notas\/wp-json\/wp\/v2\/media?parent=80582"}],"wp:term":[{"taxonomy":"category","embeddable":true,"href":"https:\/\/www.elsindical.com.ar\/notas\/wp-json\/wp\/v2\/categories?post=80582"},{"taxonomy":"post_tag","embeddable":true,"href":"https:\/\/www.elsindical.com.ar\/notas\/wp-json\/wp\/v2\/tags?post=80582"}],"curies":[{"name":"wp","href":"https:\/\/api.w.org\/{rel}","templated":true}]}}