{"id":805,"date":"2009-10-02T16:26:19","date_gmt":"2009-10-02T19:26:19","guid":{"rendered":"http:\/\/www.elsindical.com.ar\/notas\/?p=805"},"modified":"2009-10-02T16:26:19","modified_gmt":"2009-10-02T19:26:19","slug":"quien-es-lopez-matheu-y-el-rol-del-ministerio-de-trabajo-en-el-conflicto-de-kraft","status":"publish","type":"post","link":"https:\/\/www.elsindical.com.ar\/notas\/quien-es-lopez-matheu-y-el-rol-del-ministerio-de-trabajo-en-el-conflicto-de-kraft\/","title":{"rendered":"Qui\u00e9n es L\u00f3pez Matheu y el rol del Ministerio de Trabajo en el conflicto de Kraft"},"content":{"rendered":"<p><span style=\"font-family: Verdana, Arial, Helvetica, sans-serif; color: #000033; font-size: xx-small;\"><span style=\"font-family: Trebuchet MS, Verdana, Arial, Helvetica, sans-serif; font-size: x-small;\"><\/p>\n<p align=\"justify\">El director de Asuntos Corporativos y Gubernamentales de Kraft Foods Cono Sur desde el a\u00f1o 2006, y vocero de la empresa en el presente conflicto, tiene una historia de promover despidos masivos y el descabezamiento de la organizaci\u00f3n sindical de base (comisiones internas y cuerpos de delegados). El ejecutivo se desempe\u00f1\u00f3 durante 10 a\u00f1os en el Grupo Clar\u00edn, donde fue gerente de Asuntos Institucionales. All\u00ed us\u00f3 en dos oportunidades, la misma metodolog\u00eda que lleva adelante ahora en Kraft.<\/p>\n<p align=\"justify\">En noviembre de 2000 cuando el diario Clar\u00edn despidi\u00f3 a 113 trabajadores, incluyendo a todos los miembros de la Comisi\u00f3n Interna. En 2004 el Grupo despidi\u00f3 a 119 trabajadores de Artes Gr\u00e1ficas Rioplatenses, entre los cuales nuevamente se encontraba toda la Comisi\u00f3n Interna. Aunque luego reincorpor\u00f3 a 48, dej\u00f3 en la calle a los delegados e impidi\u00f3 el funcionamiento de la organizaci\u00f3n gremial de base.<\/p>\n<p align=\"justify\">En ambos casos, reprimi\u00f3 el reclamo de los trabajadores como en Kraft, utilizando a la Gendarmer\u00eda en la puerta de cada establecimiento. Tambi\u00e9n film\u00f3 a los trabajadores en las asambleas. Su pr\u00e1ctica es persecutoria, ilegal, antisindical y violatoria de la inmunidad gremial.<\/p>\n<p align=\"justify\">Hoy, en el conflicto con los trabajadores de Kraft, L\u00f3pez Matheu miente sobre los hechos ocurridos ante la pandemia de gripe A, presenta supuestas declaraciones de trabajadoras que no tienen ning\u00fan valor jur\u00eddico con el \u00fanico fin de influir en la opini\u00f3n p\u00fablica, filma las asambleas, discrimina a los delegados y trabajadores que quieren defender sus derechos.<\/p>\n<p align=\"justify\">Una prueba de estos m\u00e9todos es que la mayor\u00eda de los despedidos y suspendidos pertenecen al turno noche y otra parte al turno ma\u00f1ana, mientras que el supuesto delito que presentan como causal de despido, seg\u00fan la solicitada publicada por Kraft Foods en los diarios el 27 de septiembre, fue una marcha que se produjo en el turno de la tarde.<\/p>\n<p align=\"justify\">La empresa viol\u00f3 sistem\u00e1ticamente las resoluciones del Ministerio de Trabajo.<\/p>\n<p align=\"justify\">La primera vez, cuando se dict\u00f3 la conciliaci\u00f3n obligatoria con todos los despedidos en sus puestos de trabajo, y la empresa los envi\u00f3 a un \u00abquincho\u00bb alejado de la planta, para discriminarlos y tratarlos como si fueran delincuentes, cuesti\u00f3n que origin\u00f3 el paro de actividades de los 2700 trabajadores.<\/p>\n<p align=\"justify\">La segunda ocasi\u00f3n fue el rechazo a la intimaci\u00f3n al pago de la quincena adeudada a los trabajadores que hab\u00edan asistido en sus horarios habituales todos los d\u00edas que dur\u00f3 el conflicto.<\/p>\n<p align=\"justify\">El Ministerio de Trabajo de la Naci\u00f3n se neg\u00f3 a utilizar el \u00abpoder de polic\u00eda\u00bb que le otorga la ley para obligar a la empresa a acatar sus resoluciones. Por el contrario, los gobiernos nacional y provincial cedieron a los pedidos de las entidades empresariales y la Embajada de Estados Unidos, disponiendo de la Polic\u00eda Bonaerense para llevar adelante el brutal desalojo del viernes 25 de septiembre, luego del cual la empresa funcion\u00f3 como un verdadero campo de concentraci\u00f3n.<\/p>\n<p align=\"justify\">La tercera ocasi\u00f3n ha sido durante estos d\u00edas, cuando la empresa rechaz\u00f3 la intimaci\u00f3n del Ministerio de Trabajo para que permitan el ingreso de los delegados injustamente suspendidos a retornar a sus tareas gremiales, como condici\u00f3n m\u00ednima para iniciar una negociaci\u00f3n sobre el conjunto de los despedidos y suspendidos.<\/p>\n<p align=\"justify\">Por el contrario, la empresa aprovecha la presencia de la Polic\u00eda al interior de la plata para pretender imponer un nuevo \u00abreglamento de trabajo\u00bb restringiendo los tiempos para ir al ba\u00f1o, comer, etc., obligando a solicitar permiso de los jefes, tratando a los trabajadores como si estuvieran en una c\u00e1rcel. \u00bfEs esta la \u00abnormalizaci\u00f3n\u00bb que \u00abconstataron\u00bb los veedores del Ministerio de Trabajo?<\/p>\n<p align=\"justify\">Como parte de los organismos de derechos humanos que hemos acompa\u00f1ado a los trabajadores (incluyendo al Premio Novel de la Paz, Adolfo P\u00e9rez Esquivel), siendo parte del extendido sentir de una amplia mayor\u00eda del pueblo argentino que ve la prepotencia patronal y repudia la represi\u00f3n, exigimos que se respeten los derechos de los trabajadores reincorporando a los delegados y a todos los despedidos.<\/p>\n<p align=\"justify\">Comprometemos nuestro m\u00e1s firme apoyo para todas las medidas de lucha que decidan adoptar para defender esta justa causa, que ya es una causa nacional.<\/p>\n<p align=\"justify\">Victoria Moyano hija de desaparecidos restituida por Abuelas de Plaza de Mayo<\/p>\n<p align=\"justify\">Jorge Sobrado (Ex Detenido Desaparecido)<\/p>\n<p align=\"justify\">Dr Edgardo Moyano<\/p>\n<p align=\"justify\">Dr Ruben Tripi<\/p>\n<p style=\"text-align: justify;\">Centro de Profesionales por los Derechos Humanos CeProDH Zona Norte del Gran Buenos Aires<\/p>\n<p><\/span><\/span><\/p>\n","protected":false},"excerpt":{"rendered":"<p>El director de Asuntos Corporativos y Gubernamentales de Kraft Foods Cono Sur desde el a\u00f1o 2006, y vocero de la empresa en el presente conflicto, tiene una historia de promover despidos masivos y el descabezamiento de la organizaci\u00f3n sindical de base (comisiones internas y cuerpos de delegados). El ejecutivo se desempe\u00f1\u00f3 durante 10 a\u00f1os en&hellip;<\/p>\n","protected":false},"author":1,"featured_media":0,"comment_status":"open","ping_status":"open","sticky":false,"template":"","format":"standard","meta":{"footnotes":""},"categories":[21],"tags":[70,53,470,124,469,257,125],"class_list":["post-805","post","type-post","status-publish","format-standard","hentry","category-opinion","tag-clarin","tag-despidos","tag-espionaje","tag-kraft-food","tag-lopez-matheu","tag-ministerio-de-trabajo","tag-trabajadores"],"_links":{"self":[{"href":"https:\/\/www.elsindical.com.ar\/notas\/wp-json\/wp\/v2\/posts\/805","targetHints":{"allow":["GET"]}}],"collection":[{"href":"https:\/\/www.elsindical.com.ar\/notas\/wp-json\/wp\/v2\/posts"}],"about":[{"href":"https:\/\/www.elsindical.com.ar\/notas\/wp-json\/wp\/v2\/types\/post"}],"author":[{"embeddable":true,"href":"https:\/\/www.elsindical.com.ar\/notas\/wp-json\/wp\/v2\/users\/1"}],"replies":[{"embeddable":true,"href":"https:\/\/www.elsindical.com.ar\/notas\/wp-json\/wp\/v2\/comments?post=805"}],"version-history":[{"count":2,"href":"https:\/\/www.elsindical.com.ar\/notas\/wp-json\/wp\/v2\/posts\/805\/revisions"}],"predecessor-version":[{"id":807,"href":"https:\/\/www.elsindical.com.ar\/notas\/wp-json\/wp\/v2\/posts\/805\/revisions\/807"}],"wp:attachment":[{"href":"https:\/\/www.elsindical.com.ar\/notas\/wp-json\/wp\/v2\/media?parent=805"}],"wp:term":[{"taxonomy":"category","embeddable":true,"href":"https:\/\/www.elsindical.com.ar\/notas\/wp-json\/wp\/v2\/categories?post=805"},{"taxonomy":"post_tag","embeddable":true,"href":"https:\/\/www.elsindical.com.ar\/notas\/wp-json\/wp\/v2\/tags?post=805"}],"curies":[{"name":"wp","href":"https:\/\/api.w.org\/{rel}","templated":true}]}}