{"id":80490,"date":"2018-08-14T15:28:27","date_gmt":"2018-08-14T18:28:27","guid":{"rendered":"http:\/\/www.elsindical.com.ar\/notas\/?p=80490"},"modified":"2018-08-14T15:28:27","modified_gmt":"2018-08-14T18:28:27","slug":"maria-eugenia-vidal-gasta-millones-en-mentiras","status":"publish","type":"post","link":"https:\/\/www.elsindical.com.ar\/notas\/maria-eugenia-vidal-gasta-millones-en-mentiras\/","title":{"rendered":"Mar\u00eda Eugenia Vidal gasta millones en mentiras"},"content":{"rendered":"<p><a href=\"http:\/\/www.elsindical.com.ar\/notas\/var\/www\/html\/notas\/wp-content\/uploads\/2018\/08\/38975591_10215513804734515_4134123090047139840_o.jpg\"><img loading=\"lazy\" decoding=\"async\" class=\"alignnone size-medium wp-image-80495\" src=\"http:\/\/www.elsindical.com.ar\/notas\/var\/www\/html\/notas\/wp-content\/uploads\/2018\/08\/38975591_10215513804734515_4134123090047139840_o-300x225.jpg\" alt=\"\" width=\"300\" height=\"225\" srcset=\"https:\/\/www.elsindical.com.ar\/notas\/var\/www\/html\/notas\/wp-content\/uploads\/2018\/08\/38975591_10215513804734515_4134123090047139840_o-300x225.jpg 300w, https:\/\/www.elsindical.com.ar\/notas\/var\/www\/html\/notas\/wp-content\/uploads\/2018\/08\/38975591_10215513804734515_4134123090047139840_o-768x576.jpg 768w, https:\/\/www.elsindical.com.ar\/notas\/var\/www\/html\/notas\/wp-content\/uploads\/2018\/08\/38975591_10215513804734515_4134123090047139840_o-1024x768.jpg 1024w, https:\/\/www.elsindical.com.ar\/notas\/var\/www\/html\/notas\/wp-content\/uploads\/2018\/08\/38975591_10215513804734515_4134123090047139840_o-400x300.jpg 400w, https:\/\/www.elsindical.com.ar\/notas\/var\/www\/html\/notas\/wp-content\/uploads\/2018\/08\/38975591_10215513804734515_4134123090047139840_o.jpg 2048w\" sizes=\"auto, (max-width: 300px) 100vw, 300px\" \/><\/a>\u00a0 \u00a0La gobernaci\u00f3n lleva gastados cientos de millones en publicidad que paga pauta mediante en los medios y un gasto tambi\u00e9n millonario en la prensa propia, m\u00e1s que nunca inundan las redes sociales con videos de supuestas mejoras en los hospitales p\u00fablicos exagerando lo hecho ya que varios de los hospitales que se mencionan poseen una p\u00e9sima atenci\u00f3n, falta de m\u00e9dicos y un estado edilicio deplorable, lo mismo ocurre con la supuesta lucha a la inseguridad.<\/p>\n<p>Es sabido que casi todos los pol\u00edticos mienten, con lo cual resulta muy grave que esas mentiras se difundan a un costo millonario, a la fecha la promesa de saturar la Provincia de Buenos Aires de efectivos policiales para realizar operativos sorpresa, la contrataci\u00f3n millonaria de una firma de origen chino de la que curiosamente nadie habla no estar\u00edan dando resultados positivos, los muertos a diario por la inseguridad siguen sin descender, se est\u00e1 en un record absoluto de muertes diarias y han aumentado el n\u00famero de violaciones y abusos sexuales, donde no hay discriminaci\u00f3n por sexo o edad.<\/p>\n<p>El video promocionado sobre las mejoras en las guardias de los hospitales es una mentira, las guardias por tomar un ejemplo cercano de los Hospitales Fiorito, Presidente Per\u00f3n y Wilde son un claro ejemplo de que la realidad es muy diferente de lo que el video obviamente editado nos muestra.<\/p>\n<p>Ya no son los medios habituales los que reciben millones para ocultar denuncias e informaci\u00f3n de los ciudadanos y se transformaron en una pizarra de publicidad, sino que como CAMBIEMOS es muy cool, ahora las empresas como Facebook, Twitter, Instagram y algunos blog reciben sumas millonarias o aportes injustificados por el escaso tr\u00e1fico en Internet.<\/p>\n<p>En un pa\u00eds con una grave crisis econ\u00f3mica, estos pol\u00edticos que ven\u00edan a ser un cambio despilfarran el dinero en difundir mentiras, pedirles a los pol\u00edticos que no mientan es ser de m\u00ednima ingenuo, pero s\u00ed podemos pedirles que dejen de gastar millones en imagen y los utilicen en seguridad y salud que si lo piensan es la mejor publicidad de una buena o mala gesti\u00f3n.<\/p>\n<p>&nbsp;<\/p>\n<p>Por Marcelo Ricardo Hawrylciw<\/p>\n<p><a href=\"http:\/\/www.elsindical.com.ar\/notas\/var\/www\/html\/notas\/wp-content\/uploads\/2018\/08\/guardia-Hospital-Per\u00f3n-1.jpg\"><img loading=\"lazy\" decoding=\"async\" class=\"alignnone size-medium wp-image-80494\" src=\"http:\/\/www.elsindical.com.ar\/notas\/var\/www\/html\/notas\/wp-content\/uploads\/2018\/08\/guardia-Hospital-Per\u00f3n-1-225x300.jpg\" alt=\"\" width=\"225\" height=\"300\" srcset=\"https:\/\/www.elsindical.com.ar\/notas\/var\/www\/html\/notas\/wp-content\/uploads\/2018\/08\/guardia-Hospital-Per\u00f3n-1-225x300.jpg 225w, https:\/\/www.elsindical.com.ar\/notas\/var\/www\/html\/notas\/wp-content\/uploads\/2018\/08\/guardia-Hospital-Per\u00f3n-1.jpg 738w\" sizes=\"auto, (max-width: 225px) 100vw, 225px\" \/><\/a> <a href=\"http:\/\/www.elsindical.com.ar\/notas\/var\/www\/html\/notas\/wp-content\/uploads\/2018\/08\/ascensor-Hospital-Per\u00f3n.jpg\"><img loading=\"lazy\" decoding=\"async\" class=\"alignnone size-medium wp-image-80493\" src=\"http:\/\/www.elsindical.com.ar\/notas\/var\/www\/html\/notas\/wp-content\/uploads\/2018\/08\/ascensor-Hospital-Per\u00f3n-225x300.jpg\" alt=\"\" width=\"225\" height=\"300\" srcset=\"https:\/\/www.elsindical.com.ar\/notas\/var\/www\/html\/notas\/wp-content\/uploads\/2018\/08\/ascensor-Hospital-Per\u00f3n-225x300.jpg 225w, https:\/\/www.elsindical.com.ar\/notas\/var\/www\/html\/notas\/wp-content\/uploads\/2018\/08\/ascensor-Hospital-Per\u00f3n.jpg 738w\" sizes=\"auto, (max-width: 225px) 100vw, 225px\" \/><\/a> <a href=\"http:\/\/www.elsindical.com.ar\/notas\/var\/www\/html\/notas\/wp-content\/uploads\/2018\/08\/sin-manguera-o-matafuegos-Hospital-Per\u00f3n.jpg\"><img loading=\"lazy\" decoding=\"async\" class=\"alignnone size-medium wp-image-80492\" src=\"http:\/\/www.elsindical.com.ar\/notas\/var\/www\/html\/notas\/wp-content\/uploads\/2018\/08\/sin-manguera-o-matafuegos-Hospital-Per\u00f3n-225x300.jpg\" alt=\"\" width=\"225\" height=\"300\" srcset=\"https:\/\/www.elsindical.com.ar\/notas\/var\/www\/html\/notas\/wp-content\/uploads\/2018\/08\/sin-manguera-o-matafuegos-Hospital-Per\u00f3n-225x300.jpg 225w, https:\/\/www.elsindical.com.ar\/notas\/var\/www\/html\/notas\/wp-content\/uploads\/2018\/08\/sin-manguera-o-matafuegos-Hospital-Per\u00f3n.jpg 738w\" sizes=\"auto, (max-width: 225px) 100vw, 225px\" \/><\/a> <a href=\"http:\/\/www.elsindical.com.ar\/notas\/var\/www\/html\/notas\/wp-content\/uploads\/2018\/08\/guardia-Hospital-Per\u00f3n.jpg\"><img loading=\"lazy\" decoding=\"async\" class=\"alignnone size-medium wp-image-80491\" src=\"http:\/\/www.elsindical.com.ar\/notas\/var\/www\/html\/notas\/wp-content\/uploads\/2018\/08\/guardia-Hospital-Per\u00f3n-300x225.jpg\" alt=\"\" width=\"300\" height=\"225\" srcset=\"https:\/\/www.elsindical.com.ar\/notas\/var\/www\/html\/notas\/wp-content\/uploads\/2018\/08\/guardia-Hospital-Per\u00f3n-300x225.jpg 300w, https:\/\/www.elsindical.com.ar\/notas\/var\/www\/html\/notas\/wp-content\/uploads\/2018\/08\/guardia-Hospital-Per\u00f3n-400x300.jpg 400w, https:\/\/www.elsindical.com.ar\/notas\/var\/www\/html\/notas\/wp-content\/uploads\/2018\/08\/guardia-Hospital-Per\u00f3n.jpg 738w\" sizes=\"auto, (max-width: 300px) 100vw, 300px\" \/><\/a><\/p>\n","protected":false},"excerpt":{"rendered":"<p>\u00a0 \u00a0La gobernaci\u00f3n lleva gastados cientos de millones en publicidad que paga pauta mediante en los medios y un gasto tambi\u00e9n millonario en la prensa propia, m\u00e1s que nunca inundan las redes sociales con videos de supuestas mejoras en los hospitales p\u00fablicos exagerando lo hecho ya que varios de los hospitales que se mencionan poseen&hellip;<\/p>\n","protected":false},"author":1,"featured_media":80495,"comment_status":"open","ping_status":"open","sticky":false,"template":"","format":"standard","meta":{"footnotes":""},"categories":[10],"tags":[22169,7265,563,1819,3305,18114,2134,22031,613],"class_list":["post-80490","post","type-post","status-publish","format-standard","has-post-thumbnail","hentry","category-editorial","tag-cambiemos","tag-maria-eugenia-vidal","tag-medios","tag-mentiras","tag-millones","tag-pauta","tag-publicidad","tag-salud","tag-seguridad"],"_links":{"self":[{"href":"https:\/\/www.elsindical.com.ar\/notas\/wp-json\/wp\/v2\/posts\/80490","targetHints":{"allow":["GET"]}}],"collection":[{"href":"https:\/\/www.elsindical.com.ar\/notas\/wp-json\/wp\/v2\/posts"}],"about":[{"href":"https:\/\/www.elsindical.com.ar\/notas\/wp-json\/wp\/v2\/types\/post"}],"author":[{"embeddable":true,"href":"https:\/\/www.elsindical.com.ar\/notas\/wp-json\/wp\/v2\/users\/1"}],"replies":[{"embeddable":true,"href":"https:\/\/www.elsindical.com.ar\/notas\/wp-json\/wp\/v2\/comments?post=80490"}],"version-history":[{"count":1,"href":"https:\/\/www.elsindical.com.ar\/notas\/wp-json\/wp\/v2\/posts\/80490\/revisions"}],"predecessor-version":[{"id":80496,"href":"https:\/\/www.elsindical.com.ar\/notas\/wp-json\/wp\/v2\/posts\/80490\/revisions\/80496"}],"wp:featuredmedia":[{"embeddable":true,"href":"https:\/\/www.elsindical.com.ar\/notas\/wp-json\/wp\/v2\/media\/80495"}],"wp:attachment":[{"href":"https:\/\/www.elsindical.com.ar\/notas\/wp-json\/wp\/v2\/media?parent=80490"}],"wp:term":[{"taxonomy":"category","embeddable":true,"href":"https:\/\/www.elsindical.com.ar\/notas\/wp-json\/wp\/v2\/categories?post=80490"},{"taxonomy":"post_tag","embeddable":true,"href":"https:\/\/www.elsindical.com.ar\/notas\/wp-json\/wp\/v2\/tags?post=80490"}],"curies":[{"name":"wp","href":"https:\/\/api.w.org\/{rel}","templated":true}]}}