{"id":80475,"date":"2018-08-13T18:37:24","date_gmt":"2018-08-13T21:37:24","guid":{"rendered":"http:\/\/www.elsindical.com.ar\/notas\/?p=80475"},"modified":"2018-08-13T18:37:24","modified_gmt":"2018-08-13T21:37:24","slug":"las-flores-secuestran-372-kilos-de-cocaina-hay-tres-detenidos","status":"publish","type":"post","link":"https:\/\/www.elsindical.com.ar\/notas\/las-flores-secuestran-372-kilos-de-cocaina-hay-tres-detenidos\/","title":{"rendered":"Las Flores: Secuestran 372 kilos de coca\u00edna, hay tres detenidos"},"content":{"rendered":"<p><em>\u00a0<a href=\"http:\/\/www.elsindical.com.ar\/notas\/var\/www\/html\/notas\/wp-content\/uploads\/2018\/08\/drogas-en-Las-Flores-1.jpg\"><img loading=\"lazy\" decoding=\"async\" class=\"alignnone size-medium wp-image-80477\" src=\"http:\/\/www.elsindical.com.ar\/notas\/var\/www\/html\/notas\/wp-content\/uploads\/2018\/08\/drogas-en-Las-Flores-1-300x169.jpg\" alt=\"\" width=\"300\" height=\"169\" srcset=\"https:\/\/www.elsindical.com.ar\/notas\/var\/www\/html\/notas\/wp-content\/uploads\/2018\/08\/drogas-en-Las-Flores-1-300x169.jpg 300w, https:\/\/www.elsindical.com.ar\/notas\/var\/www\/html\/notas\/wp-content\/uploads\/2018\/08\/drogas-en-Las-Flores-1-768x432.jpg 768w, https:\/\/www.elsindical.com.ar\/notas\/var\/www\/html\/notas\/wp-content\/uploads\/2018\/08\/drogas-en-Las-Flores-1-500x281.jpg 500w, https:\/\/www.elsindical.com.ar\/notas\/var\/www\/html\/notas\/wp-content\/uploads\/2018\/08\/drogas-en-Las-Flores-1-460x260.jpg 460w, https:\/\/www.elsindical.com.ar\/notas\/var\/www\/html\/notas\/wp-content\/uploads\/2018\/08\/drogas-en-Las-Flores-1.jpg 970w\" sizes=\"auto, (max-width: 300px) 100vw, 300px\" \/><\/a> \u00a0Esa cantidad de droga y tres detenidos fue el resultado de este operativo denominado realizado por la Polic\u00eda de la Provincia de Buenos Aires en la citada localidad.<\/em><\/p>\n<p>El procedimiento estuvo a cargo de efectivos pertenecientes al Comando de Patrullas Rural, con la colaboraci\u00f3n del Destacamento de Rosas, quienes apresaron a los tres implicados y secuestraron aproximadamente 372 kilos de la droga, en la localidad bonaerense de Las Flores, en el marco de un operativo denominada \u00abBandera Blanca\u00bb.<\/p>\n<p>Terminado el procedimiento, el ministro de Seguridad de la provincia de Buenos Aires, <strong>Cristian Ritondo<\/strong> resalt\u00f3 \u201cel trabajo profesional\u201d de los efectivos a cargo del operativo y asegur\u00f3 que: <em>\u00abactuaron con un entero compromiso en la lucha contra el narcotr\u00e1fico y lograron desbaratar a esta banda criminal\u00bb<\/em>.<\/p>\n<p>El secuestro de la coca\u00edna fue el resultado de una operaci\u00f3n de vigilancia que se mont\u00f3 en los caminos rurales al l\u00edmite del mencionado partido y que permiti\u00f3 interceptar a una camioneta Fiat Toro en las inmediaciones de un establecimiento conocido como La Castorina.<\/p>\n<p>Inmediatamente los oficiales iniciaron una persecuci\u00f3n y lograron detener a tres sujetos que se daban a la fuga cruzando los campos a pie.<\/p>\n<p>Luego, se dirigieron a un galp\u00f3n y al requisar el lugar dieron con la camioneta, en la cual el personal policial encontr\u00f3 once bultos con la droga. Tambi\u00e9n se incautaron diez mil pesos y mil d\u00f3lares en efectivo. Los detenidos son dos argentinos y un ciudadano boliviano.<\/p>\n<p>La droga vendr\u00eda de Bolivia y tiene el sello de un reloj t\u00edpico de los carteles que marcan los panes como c\u00f3digo de tr\u00e1fico. Puede ser de quien la elabor\u00f3 o hacia qui\u00e9n va, pero nada tiene que ver con su pureza o con la concentraci\u00f3n de alcaloide.<\/p>\n<p>Cabe destacar, que la bandera blanca hallada en el veh\u00edculo era utilizada por los sujetos como modalidad de identificaci\u00f3n del mismo para que una avioneta arroje la droga desde el aire sin necesidad de aterrizar.<\/p>\n<p><a href=\"http:\/\/www.elsindical.com.ar\/notas\/var\/www\/html\/notas\/wp-content\/uploads\/2018\/08\/drogas-en-Las-Flores-2.jpg\"><img loading=\"lazy\" decoding=\"async\" class=\"alignnone size-medium wp-image-80476\" src=\"http:\/\/www.elsindical.com.ar\/notas\/var\/www\/html\/notas\/wp-content\/uploads\/2018\/08\/drogas-en-Las-Flores-2-300x169.jpg\" alt=\"\" width=\"300\" height=\"169\" srcset=\"https:\/\/www.elsindical.com.ar\/notas\/var\/www\/html\/notas\/wp-content\/uploads\/2018\/08\/drogas-en-Las-Flores-2-300x169.jpg 300w, https:\/\/www.elsindical.com.ar\/notas\/var\/www\/html\/notas\/wp-content\/uploads\/2018\/08\/drogas-en-Las-Flores-2-768x432.jpg 768w, https:\/\/www.elsindical.com.ar\/notas\/var\/www\/html\/notas\/wp-content\/uploads\/2018\/08\/drogas-en-Las-Flores-2-500x281.jpg 500w, https:\/\/www.elsindical.com.ar\/notas\/var\/www\/html\/notas\/wp-content\/uploads\/2018\/08\/drogas-en-Las-Flores-2-460x260.jpg 460w, https:\/\/www.elsindical.com.ar\/notas\/var\/www\/html\/notas\/wp-content\/uploads\/2018\/08\/drogas-en-Las-Flores-2.jpg 970w\" sizes=\"auto, (max-width: 300px) 100vw, 300px\" \/><\/a><br \/>\n<iframe loading=\"lazy\" src=\"https:\/\/www.youtube.com\/embed\/ZZkc-WF0TZA\" width=\"580\" height=\"420\" frameborder=\"0\" allowfullscreen=\"allowfullscreen\"><span data-mce-type=\"bookmark\" style=\"display: inline-block; width: 0px; overflow: hidden; line-height: 0;\" class=\"mce_SELRES_start\">\ufeff<\/span><\/iframe><\/p>\n","protected":false},"excerpt":{"rendered":"<p>\u00a0 \u00a0Esa cantidad de droga y tres detenidos fue el resultado de este operativo denominado realizado por la Polic\u00eda de la Provincia de Buenos Aires en la citada localidad. El procedimiento estuvo a cargo de efectivos pertenecientes al Comando de Patrullas Rural, con la colaboraci\u00f3n del Destacamento de Rosas, quienes apresaron a los tres implicados&hellip;<\/p>\n","protected":false},"author":1,"featured_media":80477,"comment_status":"open","ping_status":"open","sticky":false,"template":"","format":"standard","meta":{"footnotes":""},"categories":[22],"tags":[43,382,29397,12338,204],"class_list":["post-80475","post","type-post","status-publish","format-standard","has-post-thumbnail","hentry","category-policiales","tag-cocaina","tag-drogas","tag-la-castorina","tag-las-flores","tag-narcotrafico"],"_links":{"self":[{"href":"https:\/\/www.elsindical.com.ar\/notas\/wp-json\/wp\/v2\/posts\/80475","targetHints":{"allow":["GET"]}}],"collection":[{"href":"https:\/\/www.elsindical.com.ar\/notas\/wp-json\/wp\/v2\/posts"}],"about":[{"href":"https:\/\/www.elsindical.com.ar\/notas\/wp-json\/wp\/v2\/types\/post"}],"author":[{"embeddable":true,"href":"https:\/\/www.elsindical.com.ar\/notas\/wp-json\/wp\/v2\/users\/1"}],"replies":[{"embeddable":true,"href":"https:\/\/www.elsindical.com.ar\/notas\/wp-json\/wp\/v2\/comments?post=80475"}],"version-history":[{"count":1,"href":"https:\/\/www.elsindical.com.ar\/notas\/wp-json\/wp\/v2\/posts\/80475\/revisions"}],"predecessor-version":[{"id":80478,"href":"https:\/\/www.elsindical.com.ar\/notas\/wp-json\/wp\/v2\/posts\/80475\/revisions\/80478"}],"wp:featuredmedia":[{"embeddable":true,"href":"https:\/\/www.elsindical.com.ar\/notas\/wp-json\/wp\/v2\/media\/80477"}],"wp:attachment":[{"href":"https:\/\/www.elsindical.com.ar\/notas\/wp-json\/wp\/v2\/media?parent=80475"}],"wp:term":[{"taxonomy":"category","embeddable":true,"href":"https:\/\/www.elsindical.com.ar\/notas\/wp-json\/wp\/v2\/categories?post=80475"},{"taxonomy":"post_tag","embeddable":true,"href":"https:\/\/www.elsindical.com.ar\/notas\/wp-json\/wp\/v2\/tags?post=80475"}],"curies":[{"name":"wp","href":"https:\/\/api.w.org\/{rel}","templated":true}]}}