{"id":80463,"date":"2018-08-13T11:42:35","date_gmt":"2018-08-13T14:42:35","guid":{"rendered":"http:\/\/www.elsindical.com.ar\/notas\/?p=80463"},"modified":"2018-08-13T11:42:35","modified_gmt":"2018-08-13T14:42:35","slug":"funcionario-de-vidal-se-despega-de-la-quiebra-y-esta-de-snow-travel","status":"publish","type":"post","link":"https:\/\/www.elsindical.com.ar\/notas\/funcionario-de-vidal-se-despega-de-la-quiebra-y-esta-de-snow-travel\/","title":{"rendered":"Funcionario de Vidal se despega de la quiebra y esta de Snow Travel"},"content":{"rendered":"<p><em>\u00a0 \u00a0<a href=\"http:\/\/www.elsindical.com.ar\/notas\/var\/www\/html\/notas\/wp-content\/uploads\/2018\/08\/Hern\u00e1n-Lewin-estafa-estudiantes.jpg\"><img loading=\"lazy\" decoding=\"async\" class=\"alignnone size-medium wp-image-80464\" src=\"http:\/\/www.elsindical.com.ar\/notas\/var\/www\/html\/notas\/wp-content\/uploads\/2018\/08\/Hern\u00e1n-Lewin-estafa-estudiantes-300x174.jpg\" alt=\"\" width=\"300\" height=\"174\" srcset=\"https:\/\/www.elsindical.com.ar\/notas\/var\/www\/html\/notas\/wp-content\/uploads\/2018\/08\/Hern\u00e1n-Lewin-estafa-estudiantes-300x174.jpg 300w, https:\/\/www.elsindical.com.ar\/notas\/var\/www\/html\/notas\/wp-content\/uploads\/2018\/08\/Hern\u00e1n-Lewin-estafa-estudiantes-768x445.jpg 768w, https:\/\/www.elsindical.com.ar\/notas\/var\/www\/html\/notas\/wp-content\/uploads\/2018\/08\/Hern\u00e1n-Lewin-estafa-estudiantes-1024x594.jpg 1024w, https:\/\/www.elsindical.com.ar\/notas\/var\/www\/html\/notas\/wp-content\/uploads\/2018\/08\/Hern\u00e1n-Lewin-estafa-estudiantes-500x290.jpg 500w, https:\/\/www.elsindical.com.ar\/notas\/var\/www\/html\/notas\/wp-content\/uploads\/2018\/08\/Hern\u00e1n-Lewin-estafa-estudiantes.jpg 1500w\" sizes=\"auto, (max-width: 300px) 100vw, 300px\" \/><\/a> El ex presidente del club Temperley, Hern\u00e1n Lewin, es el due\u00f1o de Snow Travel. En julio del a\u00f1o pasado fue nombrado subsecretario de Innovaci\u00f3n y Experiencia Ciudadana.<\/em><\/p>\n<p>La noticia por el esc\u00e1ndalo por la quiebra de la empresa de turismo estudiantil, <strong>Snow Travel<\/strong>, que puede dejar sin viaje de egresados a m\u00e1s de 15 mil alumnos, sacudi\u00f3 durante el fin de semana en el seno del gobierno de la Provincia.<\/p>\n<p>Sucede que el fundador de la firma,<strong> Hern\u00e1n Lewin<\/strong> (m\u00e1s conocido por ser ex presidente del club Temperley) fue nombrado, en julio de 2017, como <em><strong>subsecretario de Innovaci\u00f3n y Experiencia Ciudadana<\/strong><\/em>, bajo el padrinazgo de Joaqu\u00edn de la Torre, ministro de Gobierno bonaerense.<\/p>\n<p>Lewin, public\u00f3 en <em>Facebook<\/em> un extenso mensaje de descargo. Aclara que en 2011 vendi\u00f3 su parte pero reconoce que segu\u00eda vinculado a la empresa.<\/p>\n<p>\u00abYo fui due\u00f1o fundador de la Empresa desde el a\u00f1o 2003, tambi\u00e9n ocup\u00e9 durante 2 a\u00f1os el cargo de Director. En Diciembre del a\u00f1o 2011, tome la decisi\u00f3n de dar un paso al costado y cambiar de rumbo en mi vida y vend\u00ed mi parte de la Empresa y me desvincul\u00e9 por completo. En esa \u00e9poca, despu\u00e9s de algunos meses de descanso tom\u00e9 la Presidencia del Club Temperley\u00bb<\/p>\n<p>\u00abHace 2 a\u00f1os, los actuales due\u00f1os me pidieron colaboraci\u00f3n con el personal de venta y sum\u00e9 mi trabajo en forma part time sin participaci\u00f3n en la direcci\u00f3n o administraci\u00f3n de la sociedad\u00bb.<\/p>\n","protected":false},"excerpt":{"rendered":"<p>\u00a0 \u00a0 El ex presidente del club Temperley, Hern\u00e1n Lewin, es el due\u00f1o de Snow Travel. En julio del a\u00f1o pasado fue nombrado subsecretario de Innovaci\u00f3n y Experiencia Ciudadana. La noticia por el esc\u00e1ndalo por la quiebra de la empresa de turismo estudiantil, Snow Travel, que puede dejar sin viaje de egresados a m\u00e1s de&hellip;<\/p>\n","protected":false},"author":1,"featured_media":80464,"comment_status":"open","ping_status":"open","sticky":false,"template":"","format":"standard","meta":{"footnotes":""},"categories":[13],"tags":[16361,7265,29389],"class_list":["post-80463","post","type-post","status-publish","format-standard","has-post-thumbnail","hentry","category-politica","tag-hernan-lewin","tag-maria-eugenia-vidal","tag-snow-travel"],"_links":{"self":[{"href":"https:\/\/www.elsindical.com.ar\/notas\/wp-json\/wp\/v2\/posts\/80463","targetHints":{"allow":["GET"]}}],"collection":[{"href":"https:\/\/www.elsindical.com.ar\/notas\/wp-json\/wp\/v2\/posts"}],"about":[{"href":"https:\/\/www.elsindical.com.ar\/notas\/wp-json\/wp\/v2\/types\/post"}],"author":[{"embeddable":true,"href":"https:\/\/www.elsindical.com.ar\/notas\/wp-json\/wp\/v2\/users\/1"}],"replies":[{"embeddable":true,"href":"https:\/\/www.elsindical.com.ar\/notas\/wp-json\/wp\/v2\/comments?post=80463"}],"version-history":[{"count":1,"href":"https:\/\/www.elsindical.com.ar\/notas\/wp-json\/wp\/v2\/posts\/80463\/revisions"}],"predecessor-version":[{"id":80465,"href":"https:\/\/www.elsindical.com.ar\/notas\/wp-json\/wp\/v2\/posts\/80463\/revisions\/80465"}],"wp:featuredmedia":[{"embeddable":true,"href":"https:\/\/www.elsindical.com.ar\/notas\/wp-json\/wp\/v2\/media\/80464"}],"wp:attachment":[{"href":"https:\/\/www.elsindical.com.ar\/notas\/wp-json\/wp\/v2\/media?parent=80463"}],"wp:term":[{"taxonomy":"category","embeddable":true,"href":"https:\/\/www.elsindical.com.ar\/notas\/wp-json\/wp\/v2\/categories?post=80463"},{"taxonomy":"post_tag","embeddable":true,"href":"https:\/\/www.elsindical.com.ar\/notas\/wp-json\/wp\/v2\/tags?post=80463"}],"curies":[{"name":"wp","href":"https:\/\/api.w.org\/{rel}","templated":true}]}}