{"id":80460,"date":"2018-08-13T11:38:36","date_gmt":"2018-08-13T14:38:36","guid":{"rendered":"http:\/\/www.elsindical.com.ar\/notas\/?p=80460"},"modified":"2018-08-13T11:38:36","modified_gmt":"2018-08-13T14:38:36","slug":"cta-autonoma-capital-la-eleccion-de-una-conduccion-en-retroceso","status":"publish","type":"post","link":"https:\/\/www.elsindical.com.ar\/notas\/cta-autonoma-capital-la-eleccion-de-una-conduccion-en-retroceso\/","title":{"rendered":"CTA Aut\u00f3noma Capital: La elecci\u00f3n de una conducci\u00f3n en retroceso"},"content":{"rendered":"<p><a href=\"http:\/\/www.elsindical.com.ar\/notas\/var\/www\/html\/notas\/wp-content\/uploads\/2018\/08\/elecciones-CTA.jpg\"><img loading=\"lazy\" decoding=\"async\" class=\"alignnone size-medium wp-image-80461\" src=\"http:\/\/www.elsindical.com.ar\/notas\/var\/www\/html\/notas\/wp-content\/uploads\/2018\/08\/elecciones-CTA-300x169.jpg\" alt=\"\" width=\"300\" height=\"169\" srcset=\"https:\/\/www.elsindical.com.ar\/notas\/var\/www\/html\/notas\/wp-content\/uploads\/2018\/08\/elecciones-CTA-300x169.jpg 300w, https:\/\/www.elsindical.com.ar\/notas\/var\/www\/html\/notas\/wp-content\/uploads\/2018\/08\/elecciones-CTA.jpg 460w\" sizes=\"auto, (max-width: 300px) 100vw, 300px\" \/><\/a> \u00a0En una elecci\u00f3n vaciada, en la que la conducci\u00f3n se neg\u00f3 a cambiar la fecha que coincid\u00eda con la votaci\u00f3n del proyecto de aborto legal, la Multicolor sac\u00f3 un 90% y 92% en las urnas de Ademys y AGD y gan\u00f3 en los sectores de ATE Garrahan, Hacienda, Acumar-Vivienda, Dir Gral de Protecci\u00f3n del Trabajo, Incaa y Educaci\u00f3n de la Naci\u00f3n. En el Ministerio de Trabajo no hubo urna en sede porque Triaca dio asueto.<\/p>\n<p>Los que administran la franquicia de la CTA-Aut\u00f3noma en Capital y dicen ser \u201cla central que crece en la Ciudad\u201d, s\u00f3lo pudieron exhibir su debilidad, empezando por el hecho de que la participaci\u00f3n fue de un escaso 10% del padr\u00f3n.<\/p>\n<p>Pero lo m\u00e1s importante es que qued\u00f3 en evidencia que gremios enteros que agrupan grandes concentraciones de trabajadores de la ciudad no participaron ni por asomo de la elecci\u00f3n y, por ende, son completamente ajenas a la CTA-A. Hablamos de telef\u00f3nicos, subte, judiciales, aeron\u00e1uticos, alimentaci\u00f3n, portuarios, recolectores de residuos y la lista sigue etc. Los 104 votos del Sindicato Bancario, con un 25% para la Multicolor, muestra la marginalidad absoluta de ese sindicato paralelo, en la ciudad que tiene la mayor concentraci\u00f3n de bancarios del pa\u00eds. Lo mismo vale para el Sindicato Gastron\u00f3mico donde, seg\u00fan sus propios guarismos en una urna sin fiscales opositores, habr\u00edan votado 140 personas, todas a la Lista 1.<\/p>\n<p>La pol\u00edtica de fundar sindicatos paralelos, caracter\u00edstica de la CTA, escondi\u00f3 el planteo de fondo de no buscar un enfrentamiento con la burocracia sindical, sino de crear nuevas burocracias que vayan conviviendo con las ya existentes. Por el contrario, la CSC-PO desarroll\u00f3 en los sindicatos realmente existentes agrupaciones opositoras, que van creciendo en la pelea contra la burocracia, como en judiciales, alimentaci\u00f3n, telef\u00f3nicos, subte, costureros, municipales, etc. Los sindicatos que s\u00ed tuvieron un desarrollo, como Ademys y AGD, lo hicieron con la pol\u00edtica contraria a la CTA-A, bas\u00e1ndose en asambleas generales y convocando a planes de lucha reales frente al inmovilismo de los otros sindicatos del sector.<\/p>\n<p>En el caso de ATE, el retroceso de la Verde en los \u00faltimos a\u00f1os fue arrasador. La Verde-Blanca logr\u00f3 arrebatarles la conducci\u00f3n de la seccional en 2015 y la di\u00e1spora entre distintas facciones de la Verde crece d\u00eda a d\u00eda. En los sectores donde m\u00e1s votos sacaron, como Pensiones o el Moyano, estamos en presencia de dirigentes que son kirchneristas confesos, por un lado, o simples patoteros, que nada tiene que envidiarle a la burocracia de Sutecba, por el otro.<\/p>\n<p>A nivel de votos, la conducci\u00f3n se alz\u00f3 con 10.642, frente a 1.582 de la oposici\u00f3n que obtuvo un<\/p>\n<p>15%. Estos resultados, en el marco de una elecci\u00f3n montada sobre padrones inflados mediante la afiliaci\u00f3n directa y donde la oposici\u00f3n no pudo fiscalizar la mayor parte de las urnas por estar abocada a la convocatoria de la movilizaci\u00f3n por el aborto. A esto se suma que los docentes universitarios ni siquiera hab\u00edan iniciado las clases por los paros y que Ademys estaba en el medio de un paro de 48 hs.<\/p>\n<p>Un 30% de los votos de la Lista 1 fueron aportados por comedores populares y bachilleratos populares vinculados a la conducci\u00f3n de la CTA-Capital.<\/p>\n<p>En ATE, m\u00e1s all\u00e1 de las urnas ganadas por la oposici\u00f3n, hubo importantes votaciones de la oposici\u00f3n a destacar.<\/p>\n<p>Los 84 votos en el INTI (30%), muestra que la patronal fracas\u00f3 en su intento de borrar al clasismo del mapa y que se mantiene una pujante agrupaci\u00f3n opositora.<\/p>\n<p>En el Garrahan, el actual Secretario General de ATE, Gustavo Lerer del PCO (Partido de la Causa Obrera), llam\u00f3 a votar en blanco, en lo que es el colmo del sectarismo. La elecci\u00f3n termin\u00f3 91 votos a la multicolor y 39 en blanco, mostrando el aislamiento al que lo est\u00e1 conduciendo su pol\u00edtica.<\/p>\n<p>Hubo importantes votaciones a la multicolor que superaron el 30% de los votos en Enacom, Ministerio de Defensa, Salud, Cultura, Hospital Milstein, CNEA e INDEC.<\/p>\n<p>En el caso del Sindicato de Vigiladores, donde el secretario gremial fue parte de la multicolor, la elecci\u00f3n sali\u00f3 49 para la lista 1 contra 27 para la lista 6.<\/p>\n<p>Con la Coordinadora Sindical Clasista-PO seguiremos construyendo agrupamientos clasistas en todos los sindicatos y desarrollando el planteo que agitamos en la elecci\u00f3n, un congreso de delegados con mandato de asamblea de las CTAs y todos los sindicatos, para poner en pie un plan de lucha contra el ajuste de Macri, los gobernadores y el FMI.<\/p>\n<p>&nbsp;<\/p>\n<p><span class=\"autor\">Por Nicol\u00e1s Rossell\u00f3<\/span><\/p>\n<p>Prensa Obrera<\/p>\n","protected":false},"excerpt":{"rendered":"<p>\u00a0En una elecci\u00f3n vaciada, en la que la conducci\u00f3n se neg\u00f3 a cambiar la fecha que coincid\u00eda con la votaci\u00f3n del proyecto de aborto legal, la Multicolor sac\u00f3 un 90% y 92% en las urnas de Ademys y AGD y gan\u00f3 en los sectores de ATE Garrahan, Hacienda, Acumar-Vivienda, Dir Gral de Protecci\u00f3n del Trabajo,&hellip;<\/p>\n","protected":false},"author":1,"featured_media":80461,"comment_status":"open","ping_status":"open","sticky":false,"template":"","format":"standard","meta":{"footnotes":""},"categories":[16],"tags":[11486,184,244,28761],"class_list":["post-80460","post","type-post","status-publish","format-standard","has-post-thumbnail","hentry","category-gremiales","tag-agd","tag-cta","tag-elecciones","tag-prensa-obrera"],"_links":{"self":[{"href":"https:\/\/www.elsindical.com.ar\/notas\/wp-json\/wp\/v2\/posts\/80460","targetHints":{"allow":["GET"]}}],"collection":[{"href":"https:\/\/www.elsindical.com.ar\/notas\/wp-json\/wp\/v2\/posts"}],"about":[{"href":"https:\/\/www.elsindical.com.ar\/notas\/wp-json\/wp\/v2\/types\/post"}],"author":[{"embeddable":true,"href":"https:\/\/www.elsindical.com.ar\/notas\/wp-json\/wp\/v2\/users\/1"}],"replies":[{"embeddable":true,"href":"https:\/\/www.elsindical.com.ar\/notas\/wp-json\/wp\/v2\/comments?post=80460"}],"version-history":[{"count":1,"href":"https:\/\/www.elsindical.com.ar\/notas\/wp-json\/wp\/v2\/posts\/80460\/revisions"}],"predecessor-version":[{"id":80462,"href":"https:\/\/www.elsindical.com.ar\/notas\/wp-json\/wp\/v2\/posts\/80460\/revisions\/80462"}],"wp:featuredmedia":[{"embeddable":true,"href":"https:\/\/www.elsindical.com.ar\/notas\/wp-json\/wp\/v2\/media\/80461"}],"wp:attachment":[{"href":"https:\/\/www.elsindical.com.ar\/notas\/wp-json\/wp\/v2\/media?parent=80460"}],"wp:term":[{"taxonomy":"category","embeddable":true,"href":"https:\/\/www.elsindical.com.ar\/notas\/wp-json\/wp\/v2\/categories?post=80460"},{"taxonomy":"post_tag","embeddable":true,"href":"https:\/\/www.elsindical.com.ar\/notas\/wp-json\/wp\/v2\/tags?post=80460"}],"curies":[{"name":"wp","href":"https:\/\/api.w.org\/{rel}","templated":true}]}}