{"id":80456,"date":"2018-08-13T10:50:44","date_gmt":"2018-08-13T13:50:44","guid":{"rendered":"http:\/\/www.elsindical.com.ar\/notas\/?p=80456"},"modified":"2018-08-13T10:50:44","modified_gmt":"2018-08-13T13:50:44","slug":"%e2%99%ac-flogging-molly-por-primera-vez-en-argentina%e2%9a%a1","status":"publish","type":"post","link":"https:\/\/www.elsindical.com.ar\/notas\/%e2%99%ac-flogging-molly-por-primera-vez-en-argentina%e2%9a%a1\/","title":{"rendered":"\u266c Flogging Molly por primera vez en Argentina\u26a1"},"content":{"rendered":"<p dir=\"ltr\"><a href=\"http:\/\/www.elsindical.com.ar\/notas\/var\/www\/html\/notas\/wp-content\/uploads\/2018\/08\/flogging-molly-600-x-300.jpg\"><img loading=\"lazy\" decoding=\"async\" class=\"alignnone size-medium wp-image-80458\" src=\"http:\/\/www.elsindical.com.ar\/notas\/var\/www\/html\/notas\/wp-content\/uploads\/2018\/08\/flogging-molly-600-x-300-300x150.jpg\" alt=\"\" width=\"300\" height=\"150\" srcset=\"https:\/\/www.elsindical.com.ar\/notas\/var\/www\/html\/notas\/wp-content\/uploads\/2018\/08\/flogging-molly-600-x-300-300x150.jpg 300w, https:\/\/www.elsindical.com.ar\/notas\/var\/www\/html\/notas\/wp-content\/uploads\/2018\/08\/flogging-molly-600-x-300-500x250.jpg 500w, https:\/\/www.elsindical.com.ar\/notas\/var\/www\/html\/notas\/wp-content\/uploads\/2018\/08\/flogging-molly-600-x-300.jpg 660w\" sizes=\"auto, (max-width: 300px) 100vw, 300px\" \/><\/a>Flogging Molly llega, por primera vez a Buenos Aires para repasar toda su carrera y presentar su reciente disco: \u00a0\u00abLife is Good\u00bb La banda de m\u00fasica celta \u00a0trae nuevo disco, repleto de conciencia social y pol\u00edtica. En \u00abLife is Good\u00bb pueden verse sus ra\u00edces Irlandesas y las influencias de Punk, Folk y Pop. Sus letras dejan entrever el car\u00e1cter fuerte y atemporal de sus canciones que, al mismo tiempo, se adaptan a las problem\u00e1ticas sociales actuales.<br \/>\n\u00abLife is Good\u00bb se convierte as\u00ed en un llamado de atenci\u00f3n \u00a0para aquellos que han quedado relegados y afectados por las decisiones pol\u00edticas y tambi\u00e9n sirve, simplemente, para despertarlos con un grito: el tiempo es HOY.<\/p>\n<p dir=\"ltr\">El cantante y letrista, Dave King, dice que principalmente, con respecto al gobierno, hay que actuar y no quedarse dormido y m\u00e1s cuando se tratan de decisiones que afectan al pueblo, el mismo pueblo deber\u00eda influir en esas desiciones.<\/p>\n<div>\n<div>Flogging Molly<\/div>\n<div><\/div>\n<\/div>\n<div>\n<div>Con 20 a\u00f1os de banda los Flogging Molly llegan \u00a0por primera vez a Buenos Aires presentando su sexto \u00e1lbum de estudio. El Encuentro ser\u00e1 el Martes 9 de Octubre en Palermo Club, Borges 2450.<\/div>\n<\/div>\n<div><\/div>\n<div class=\"eddie-wrapper\"><a title=\"Este enlace externo se abrir\u00e1 en una nueva ventana\" href=\"http:\/\/trk.news.rockyreggae.com\/pl\/c?t=XgkRy9K3epOnkYR8uqgnlzKkvv1NElBXJHCiXpzYEPrFat8sY2CvWNne-zHTQWK6F2F9IIEJaqob%0A0JTc3y-Vtr3JZgVOk29rVRf1B-GQrtU%3D\" target=\"_blank\" rel=\"noopener\">Ticket<\/a><\/div>\n","protected":false},"excerpt":{"rendered":"<p>Flogging Molly llega, por primera vez a Buenos Aires para repasar toda su carrera y presentar su reciente disco: \u00a0\u00abLife is Good\u00bb La banda de m\u00fasica celta \u00a0trae nuevo disco, repleto de conciencia social y pol\u00edtica. En \u00abLife is Good\u00bb pueden verse sus ra\u00edces Irlandesas y las influencias de Punk, Folk y Pop. Sus letras&hellip;<\/p>\n","protected":false},"author":1,"featured_media":80458,"comment_status":"open","ping_status":"open","sticky":false,"template":"","format":"standard","meta":{"footnotes":""},"categories":[15],"tags":[127,29388,21283],"class_list":["post-80456","post","type-post","status-publish","format-standard","has-post-thumbnail","hentry","category-espectaculos","tag-argentina","tag-flogging-molly","tag-palermo-club"],"_links":{"self":[{"href":"https:\/\/www.elsindical.com.ar\/notas\/wp-json\/wp\/v2\/posts\/80456","targetHints":{"allow":["GET"]}}],"collection":[{"href":"https:\/\/www.elsindical.com.ar\/notas\/wp-json\/wp\/v2\/posts"}],"about":[{"href":"https:\/\/www.elsindical.com.ar\/notas\/wp-json\/wp\/v2\/types\/post"}],"author":[{"embeddable":true,"href":"https:\/\/www.elsindical.com.ar\/notas\/wp-json\/wp\/v2\/users\/1"}],"replies":[{"embeddable":true,"href":"https:\/\/www.elsindical.com.ar\/notas\/wp-json\/wp\/v2\/comments?post=80456"}],"version-history":[{"count":1,"href":"https:\/\/www.elsindical.com.ar\/notas\/wp-json\/wp\/v2\/posts\/80456\/revisions"}],"predecessor-version":[{"id":80459,"href":"https:\/\/www.elsindical.com.ar\/notas\/wp-json\/wp\/v2\/posts\/80456\/revisions\/80459"}],"wp:featuredmedia":[{"embeddable":true,"href":"https:\/\/www.elsindical.com.ar\/notas\/wp-json\/wp\/v2\/media\/80458"}],"wp:attachment":[{"href":"https:\/\/www.elsindical.com.ar\/notas\/wp-json\/wp\/v2\/media?parent=80456"}],"wp:term":[{"taxonomy":"category","embeddable":true,"href":"https:\/\/www.elsindical.com.ar\/notas\/wp-json\/wp\/v2\/categories?post=80456"},{"taxonomy":"post_tag","embeddable":true,"href":"https:\/\/www.elsindical.com.ar\/notas\/wp-json\/wp\/v2\/tags?post=80456"}],"curies":[{"name":"wp","href":"https:\/\/api.w.org\/{rel}","templated":true}]}}