{"id":80453,"date":"2018-08-13T10:47:13","date_gmt":"2018-08-13T13:47:13","guid":{"rendered":"http:\/\/www.elsindical.com.ar\/notas\/?p=80453"},"modified":"2018-08-13T10:47:13","modified_gmt":"2018-08-13T13:47:13","slug":"despues-del-desalojo-la-feria-de-once-en-graves-problemas-la-promesa-no-llega","status":"publish","type":"post","link":"https:\/\/www.elsindical.com.ar\/notas\/despues-del-desalojo-la-feria-de-once-en-graves-problemas-la-promesa-no-llega\/","title":{"rendered":"Despues del Desalojo: LA FERIA DE ONCE EN GRAVES PROBLEMAS, LA PROMESA NO LLEGA&#8230;"},"content":{"rendered":"<p><strong><a href=\"http:\/\/www.elsindical.com.ar\/notas\/var\/www\/html\/notas\/wp-content\/uploads\/2018\/08\/feria-de-Once.jpg\"><img loading=\"lazy\" decoding=\"async\" class=\"alignnone size-medium wp-image-80454\" src=\"http:\/\/www.elsindical.com.ar\/notas\/var\/www\/html\/notas\/wp-content\/uploads\/2018\/08\/feria-de-Once-300x189.jpg\" alt=\"\" width=\"300\" height=\"189\" srcset=\"https:\/\/www.elsindical.com.ar\/notas\/var\/www\/html\/notas\/wp-content\/uploads\/2018\/08\/feria-de-Once-300x189.jpg 300w, https:\/\/www.elsindical.com.ar\/notas\/var\/www\/html\/notas\/wp-content\/uploads\/2018\/08\/feria-de-Once-768x483.jpg 768w, https:\/\/www.elsindical.com.ar\/notas\/var\/www\/html\/notas\/wp-content\/uploads\/2018\/08\/feria-de-Once-1024x644.jpg 1024w, https:\/\/www.elsindical.com.ar\/notas\/var\/www\/html\/notas\/wp-content\/uploads\/2018\/08\/feria-de-Once-477x300.jpg 477w, https:\/\/www.elsindical.com.ar\/notas\/var\/www\/html\/notas\/wp-content\/uploads\/2018\/08\/feria-de-Once.jpg 1112w\" sizes=\"auto, (max-width: 300px) 100vw, 300px\" \/><\/a>Desde\u00a0el\u00a02010 VAMOS\u00a0por el\u00a010<br \/>\n10% del presupuesto nacional para las ONGs y los movimientos sociales<\/strong><\/p>\n<p><strong>SOCINCE\u00a0te invita a ver un video:<\/strong><\/p>\n<p><strong>MUCHA PROMESA Y POCA REALIDAD, UNA FERIA QUE NO ARRANCA EN ONCE <\/strong><\/p>\n<p>FERIA DEL ONCE, Centro Comercial LA RIOJA 70 que a\u00fan no termina de arrancar familias en serias dificultades LA AYUDA PROMETIDA NO LLEGA Desalojados de la calle insegura a un galp\u00f3n \u00abcomercial\u00bb sin seguro. Visita coordinada con Margarita P\u00e9rez una integrante de la Feria +54 11 6019 8721. Agosto de 2018 en la Ciudad Aut\u00f3noma de Buenos Aires. Por Paola Bravo, Fernando Ojeda para SOCINCE -Agencia de Noticias para las Am\u00e9ricas- \u00a0<a href=\"https:\/\/youtu.be\/vsZUGFJCQk8\">https:\/\/youtu.be\/vsZUGFJCQk8<\/a><\/p>\n<p><strong>SIC-SOCINCE &#8211; <\/strong><strong>Agencia de Noticias para las Am\u00e9ricas<\/strong><\/p>\n<p>\u201cDesde el 2010, Vamos por el 10\u201d<\/p>\n<p>+54 9 11\u00a04868 4088<\/p>\n<p>Paola Bravo\u00a0&#8211; Fernando Ojeda<\/p>\n<p>Ciudad Aut\u00f3noma de Buenos Aires<\/p>\n<p><iframe loading=\"lazy\" src=\"https:\/\/www.youtube.com\/embed\/vsZUGFJCQk8\" width=\"580\" height=\"420\" frameborder=\"0\" allowfullscreen=\"allowfullscreen\"><span data-mce-type=\"bookmark\" style=\"display: inline-block; width: 0px; overflow: hidden; line-height: 0;\" class=\"mce_SELRES_start\">\ufeff<\/span><\/iframe><\/p>\n","protected":false},"excerpt":{"rendered":"<p>Desde\u00a0el\u00a02010 VAMOS\u00a0por el\u00a010 10% del presupuesto nacional para las ONGs y los movimientos sociales SOCINCE\u00a0te invita a ver un video: MUCHA PROMESA Y POCA REALIDAD, UNA FERIA QUE NO ARRANCA EN ONCE FERIA DEL ONCE, Centro Comercial LA RIOJA 70 que a\u00fan no termina de arrancar familias en serias dificultades LA AYUDA PROMETIDA NO LLEGA&hellip;<\/p>\n","protected":false},"author":1,"featured_media":80454,"comment_status":"open","ping_status":"open","sticky":false,"template":"","format":"standard","meta":{"footnotes":""},"categories":[25],"tags":[199,1291,868,1629,1043],"class_list":["post-80453","post","type-post","status-publish","format-standard","has-post-thumbnail","hentry","category-sociedad","tag-desalojo","tag-familias","tag-feria","tag-once","tag-ong"],"_links":{"self":[{"href":"https:\/\/www.elsindical.com.ar\/notas\/wp-json\/wp\/v2\/posts\/80453","targetHints":{"allow":["GET"]}}],"collection":[{"href":"https:\/\/www.elsindical.com.ar\/notas\/wp-json\/wp\/v2\/posts"}],"about":[{"href":"https:\/\/www.elsindical.com.ar\/notas\/wp-json\/wp\/v2\/types\/post"}],"author":[{"embeddable":true,"href":"https:\/\/www.elsindical.com.ar\/notas\/wp-json\/wp\/v2\/users\/1"}],"replies":[{"embeddable":true,"href":"https:\/\/www.elsindical.com.ar\/notas\/wp-json\/wp\/v2\/comments?post=80453"}],"version-history":[{"count":1,"href":"https:\/\/www.elsindical.com.ar\/notas\/wp-json\/wp\/v2\/posts\/80453\/revisions"}],"predecessor-version":[{"id":80455,"href":"https:\/\/www.elsindical.com.ar\/notas\/wp-json\/wp\/v2\/posts\/80453\/revisions\/80455"}],"wp:featuredmedia":[{"embeddable":true,"href":"https:\/\/www.elsindical.com.ar\/notas\/wp-json\/wp\/v2\/media\/80454"}],"wp:attachment":[{"href":"https:\/\/www.elsindical.com.ar\/notas\/wp-json\/wp\/v2\/media?parent=80453"}],"wp:term":[{"taxonomy":"category","embeddable":true,"href":"https:\/\/www.elsindical.com.ar\/notas\/wp-json\/wp\/v2\/categories?post=80453"},{"taxonomy":"post_tag","embeddable":true,"href":"https:\/\/www.elsindical.com.ar\/notas\/wp-json\/wp\/v2\/tags?post=80453"}],"curies":[{"name":"wp","href":"https:\/\/api.w.org\/{rel}","templated":true}]}}