{"id":80415,"date":"2018-08-11T21:13:26","date_gmt":"2018-08-12T00:13:26","guid":{"rendered":"http:\/\/www.elsindical.com.ar\/notas\/?p=80415"},"modified":"2018-08-11T21:13:26","modified_gmt":"2018-08-12T00:13:26","slug":"maria-laura-garibaldi-figureti","status":"publish","type":"post","link":"https:\/\/www.elsindical.com.ar\/notas\/maria-laura-garibaldi-figureti\/","title":{"rendered":"Mar\u00eda Laura Garibaldi, \u00abfigureti\u00bb &#8230;"},"content":{"rendered":"<p><a href=\"http:\/\/www.elsindical.com.ar\/notas\/var\/www\/html\/notas\/wp-content\/uploads\/2018\/08\/Mar\u00eda-Laura-Garibaldi-defensor\u00eda.jpg\"><img loading=\"lazy\" decoding=\"async\" class=\"alignnone size-medium wp-image-80416\" src=\"http:\/\/www.elsindical.com.ar\/notas\/var\/www\/html\/notas\/wp-content\/uploads\/2018\/08\/Mar\u00eda-Laura-Garibaldi-defensor\u00eda-300x169.jpg\" alt=\"\" width=\"300\" height=\"169\" srcset=\"https:\/\/www.elsindical.com.ar\/notas\/var\/www\/html\/notas\/wp-content\/uploads\/2018\/08\/Mar\u00eda-Laura-Garibaldi-defensor\u00eda-300x169.jpg 300w, https:\/\/www.elsindical.com.ar\/notas\/var\/www\/html\/notas\/wp-content\/uploads\/2018\/08\/Mar\u00eda-Laura-Garibaldi-defensor\u00eda-500x282.jpg 500w, https:\/\/www.elsindical.com.ar\/notas\/var\/www\/html\/notas\/wp-content\/uploads\/2018\/08\/Mar\u00eda-Laura-Garibaldi-defensor\u00eda-460x260.jpg 460w, https:\/\/www.elsindical.com.ar\/notas\/var\/www\/html\/notas\/wp-content\/uploads\/2018\/08\/Mar\u00eda-Laura-Garibaldi-defensor\u00eda.jpg 512w\" sizes=\"auto, (max-width: 300px) 100vw, 300px\" \/><\/a> \u00a0Una vez m\u00e1s la supuesta Defensora del Pueblo de Avellaneda, Mar\u00eda Laura Garibaldi, es noticia por la pauta que paga a algunos medios de Avellaneda, obvio aquellos que no cuestionan nada de lo olvidable que es su gesti\u00f3n y su poca afici\u00f3n al trabajo en beneficio de los vecinos.<\/p>\n<p>Asesorada por un ex empleado de Clar\u00edn, los comunicados de la Defensor\u00eda adem\u00e1s de ser irrelevantes, no muestran otra cosa que la incapacidad como defensora y a contrario sensu, su enorme capacidad de vender humo, siempre colg\u00e1ndose de las circunstancias.<\/p>\n<p>Como no pod\u00eda ser de otra forma, una vez m\u00e1s difunden informaci\u00f3n a los vecinos sobre la empresa EDESUR y el ENRE, que cada vez se vuelve m\u00e1s burocr\u00e1tico, lejos de que la defensor\u00eda iniciara un formal reclamo por los reiterados cortes y perjuicios, Garibaldi va por lo m\u00e1s f\u00e1cil, menos comprometido y de paso hace circular su cara en los medios.<\/p>\n<p>A continuaci\u00f3n la gu\u00eda de tr\u00e1mites del ENRE difundida por la Defensor\u00eda:<\/p>\n<p>La Defensor\u00eda del Pueblo de Avellaneda advierte sobre nuevo procedimiento del ENRE ante cortes de luz<\/p>\n<p>La Defensora del Pueblo de Avellaneda, Mar\u00eda Laura Garibaldi, inform\u00f3 que el ENRE estableci\u00f3 un nuevo procedimiento para los cortes reiterados y los cortes programados.<\/p>\n<p>La Defensora de Avellaneda Dra. Mar\u00eda Laura Garibaldi, pone en conocimiento de la comunidad que el ENRE ha establecido un nuevo procedimiento para los cortes reiterados y los cortes programados.<\/p>\n<div class=\"text_exposed_show\">\n<p>El procedimiento establece que cuando en un mes calendario, el usuario sufra una interrupci\u00f3n del suministro cuya duraci\u00f3n haya sido mayor o igual a TREINTA Y SEIS HORAS (36hs) o HAYA SUFRIDO LA CONCURRENCIA DE CUATRO (4) o m\u00e1s interrupciones y la distribuidora (empresa de servicios) no le hubiera brindado ante su primer reclamo , una soluci\u00f3n o informaci\u00f3n adecuada a dicho problema, podr\u00e1 efectuar la denuncia ante el ENTE NACIONAL REGULADOR DE LA ELECTRICIDAD ENRE, debiendo acompa\u00f1ar necesariamente los n\u00fameros de reclamos que le hubiera dado la distribuidora a cada aviso de interrupci\u00f3n de suministro que el usuario formulara.<\/p>\n<p>\u2013 El ENRE proceder\u00e1 a registrar tal denuncia, asignar\u00e1 un n\u00famero de reclamo y notificar\u00e1 de manera inmediata a la distribuidora.<\/p>\n<p>\u2013 La Distribuidora, al recibir la notificaci\u00f3n del ENRE, le asignar\u00e1 un n\u00famero de reclamo el que deber\u00e1 ser resuelto en el plazo de 15 DIAS h\u00e1biles administrativos, a partir del \u00faltimo d\u00eda h\u00e1bil del mes siguiente al cierre de cada per\u00edodo a que corresponden los datos informados.<\/p>\n<p>\u2013 Verificada la procedencia del reclamo y vencido el plazo establecido, la distribuidora, EMPRESA DE SERVICIO, acreditar\u00e1 en forma autom\u00e1tica una bonificaci\u00f3n de DOS MIL KILOVATIOS HORA (2.000 kwh) conforme lo dispuesto en el CONTRATO DE CONCESION ante cada ocurrencia de los eventos descriptos.<\/p>\n<p>\u2013 Transcurridos los 15 d\u00edas h\u00e1biles administrativos, de no recibir la bonificaci\u00f3n correspondiente o no resultare satisfactoria la resoluci\u00f3n, podr\u00e1 solicitar al ENRE la apertura de un expediente de reclamo POR CORTES REITERADOS o PROBLEMAS POR FALTA DE SUMINISTRO, el cual ser\u00e1 tramitado por el Departamento Atenci\u00f3n a Usuario, cuya consulta puede hacerse en la p\u00e1gina web: <a href=\"http:\/\/www.argentina.gob.ar\/enre\" target=\"_blank\" rel=\"noopener nofollow\" data-ft=\"{&quot;tn&quot;:&quot;-U&quot;}\" data-lynx-mode=\"asynclazy\" data-lynx-uri=\"https:\/\/l.facebook.com\/l.php?u=http%3A%2F%2Fwww.argentina.gob.ar%2Fenre&amp;h=AT2bONYR32rO2dBpXafGpFIEHYI9zI1kwKTA372Hm3bQlFgkzuytdF7cYzxVmd0zt5USUmTNJzlohodvL1Pd0FHmL-SEy-IdKr6X7ZxYHUjdhX8BbEp29VfFNk_EY8NBfG7lUrWrjOolAm_F0sG_LIg\">www.argentina.gob.ar\/enre<\/a><\/p>\n<p>\u2013 Sin perjuicio de lo detallado se hace saber que las interrupciones que no se encuentren contempladas dentro de este procedimiento, ser\u00e1n evaluadas en el expediente de calidad de servicio semestral, en las que tambi\u00e9n se ha instrumentado su pago autom\u00e1tico por parte de la distribuidora.<\/p>\n<p>Para mayor informaci\u00f3n y asesoramiento comunicarse de lunes a viernes de 8 a 14 hs a los tel\u00e9fonos 4222-8226 \/ 5227-7110 o ac\u00e9rcate personalmente a Levalle 355 P.B Avellaneda.<\/p>\n<p>La Ciudad<\/p>\n<\/div>\n","protected":false},"excerpt":{"rendered":"<p>\u00a0Una vez m\u00e1s la supuesta Defensora del Pueblo de Avellaneda, Mar\u00eda Laura Garibaldi, es noticia por la pauta que paga a algunos medios de Avellaneda, obvio aquellos que no cuestionan nada de lo olvidable que es su gesti\u00f3n y su poca afici\u00f3n al trabajo en beneficio de los vecinos. Asesorada por un ex empleado de&hellip;<\/p>\n","protected":false},"author":1,"featured_media":80416,"comment_status":"open","ping_status":"open","sticky":false,"template":"","format":"standard","meta":{"footnotes":""},"categories":[10],"tags":[18600,374,3764,24640,563,18114],"class_list":["post-80415","post","type-post","status-publish","format-standard","has-post-thumbnail","hentry","category-editorial","tag-defensoria-del-pueblo-de-avellaneda","tag-edesur","tag-enre","tag-maria-laura-garibaldi","tag-medios","tag-pauta"],"_links":{"self":[{"href":"https:\/\/www.elsindical.com.ar\/notas\/wp-json\/wp\/v2\/posts\/80415","targetHints":{"allow":["GET"]}}],"collection":[{"href":"https:\/\/www.elsindical.com.ar\/notas\/wp-json\/wp\/v2\/posts"}],"about":[{"href":"https:\/\/www.elsindical.com.ar\/notas\/wp-json\/wp\/v2\/types\/post"}],"author":[{"embeddable":true,"href":"https:\/\/www.elsindical.com.ar\/notas\/wp-json\/wp\/v2\/users\/1"}],"replies":[{"embeddable":true,"href":"https:\/\/www.elsindical.com.ar\/notas\/wp-json\/wp\/v2\/comments?post=80415"}],"version-history":[{"count":1,"href":"https:\/\/www.elsindical.com.ar\/notas\/wp-json\/wp\/v2\/posts\/80415\/revisions"}],"predecessor-version":[{"id":80417,"href":"https:\/\/www.elsindical.com.ar\/notas\/wp-json\/wp\/v2\/posts\/80415\/revisions\/80417"}],"wp:featuredmedia":[{"embeddable":true,"href":"https:\/\/www.elsindical.com.ar\/notas\/wp-json\/wp\/v2\/media\/80416"}],"wp:attachment":[{"href":"https:\/\/www.elsindical.com.ar\/notas\/wp-json\/wp\/v2\/media?parent=80415"}],"wp:term":[{"taxonomy":"category","embeddable":true,"href":"https:\/\/www.elsindical.com.ar\/notas\/wp-json\/wp\/v2\/categories?post=80415"},{"taxonomy":"post_tag","embeddable":true,"href":"https:\/\/www.elsindical.com.ar\/notas\/wp-json\/wp\/v2\/tags?post=80415"}],"curies":[{"name":"wp","href":"https:\/\/api.w.org\/{rel}","templated":true}]}}