{"id":80412,"date":"2018-08-11T19:23:57","date_gmt":"2018-08-11T22:23:57","guid":{"rendered":"http:\/\/www.elsindical.com.ar\/notas\/?p=80412"},"modified":"2018-08-11T19:23:57","modified_gmt":"2018-08-11T22:23:57","slug":"los-ultimos-2-anos-en-el-pais-se-vendieron-20-millones-de-cajas-de-clonazepam","status":"publish","type":"post","link":"https:\/\/www.elsindical.com.ar\/notas\/los-ultimos-2-anos-en-el-pais-se-vendieron-20-millones-de-cajas-de-clonazepam\/","title":{"rendered":"Los \u00faltimos 2 a\u00f1os en el pa\u00eds, se vendieron 20 millones de cajas de clonazepam"},"content":{"rendered":"<p><em><span class=\"text description col-xs-8 col-lg-9\">\u00a0<a href=\"http:\/\/www.elsindical.com.ar\/notas\/var\/www\/html\/notas\/wp-content\/uploads\/2018\/08\/clonazepam.jpg\"><img loading=\"lazy\" decoding=\"async\" class=\"alignnone size-medium wp-image-80413\" src=\"http:\/\/www.elsindical.com.ar\/notas\/var\/www\/html\/notas\/wp-content\/uploads\/2018\/08\/clonazepam-300x169.jpg\" alt=\"\" width=\"300\" height=\"169\" srcset=\"https:\/\/www.elsindical.com.ar\/notas\/var\/www\/html\/notas\/wp-content\/uploads\/2018\/08\/clonazepam-300x169.jpg 300w, https:\/\/www.elsindical.com.ar\/notas\/var\/www\/html\/notas\/wp-content\/uploads\/2018\/08\/clonazepam-768x432.jpg 768w, https:\/\/www.elsindical.com.ar\/notas\/var\/www\/html\/notas\/wp-content\/uploads\/2018\/08\/clonazepam-1024x576.jpg 1024w, https:\/\/www.elsindical.com.ar\/notas\/var\/www\/html\/notas\/wp-content\/uploads\/2018\/08\/clonazepam-500x281.jpg 500w, https:\/\/www.elsindical.com.ar\/notas\/var\/www\/html\/notas\/wp-content\/uploads\/2018\/08\/clonazepam-460x260.jpg 460w, https:\/\/www.elsindical.com.ar\/notas\/var\/www\/html\/notas\/wp-content\/uploads\/2018\/08\/clonazepam.jpg 1170w\" sizes=\"auto, (max-width: 300px) 100vw, 300px\" \/><\/a> \u00a0Datos de la Confederaci\u00f3n Farmac\u00e9utica Argentina (COFA), que tambi\u00e9n inform\u00f3 que aument\u00f3 un 111% el consumo de antidepresivos. Mientras tanto, preocupa la automedicaci\u00f3n y la prescripci\u00f3n en exceso.<\/span><\/em><\/p>\n<p>Se dio a conocer el resultado del Estudio Argentino de Epidemiolog\u00eda en Salud Mental que inform\u00f3 que <strong>uno de cada tres argentinos sufrir\u00e1 alg\u00fan tipo de trastorno de la salud mental<\/strong> a lo largo de su vida y que los trastornos de la ansiedad, que alcanzan al 16% de la poblaci\u00f3n, son los m\u00e1s frecuentes en nuestro pa\u00eds.<\/p>\n<p>El estudio fue realizado por la <strong>Asociaci\u00f3n de Psiquiatras Argentinos, la Facultad de Medicina de la Universidad de Buenos Aires<\/strong> y la Universidad de Harvard y fue difundido por la publicaci\u00f3n cient\u00edfica Social Psychiatry and Psychiatric Epidemiology.<\/p>\n<p>La investigaci\u00f3n tambi\u00e9n <strong>revela un incremento del uso de psicof\u00e1rmacos<\/strong> como los antidepresivos cuyo consumo creci\u00f3 un 111% en 13 a\u00f1os (de 2004 a 2016) del grupo farmacol\u00f3gico de los \u00abantiepil\u00e9pticos\u00bb (un 141%).<\/p>\n<p>Se debe destacar el clonazepam. <strong>Desde junio de 2016 a mayo de 2018, se vendieron 20 millones de unidades<\/strong> (cajas) del principio activo del clonazepam, de 13 laboratorios diferentes, en todas sus dosis y presentaciones.<\/p>\n<p>La coordinadora del Observatorio de Salud, Medicamentos y Sociedad de la COFA habla sobre el tema: \u00abEl clonazepam es un antiepil\u00e9ptico, pero <strong>se usa m\u00e1s como tranquilizante<\/strong>, para los ataques de p\u00e1nico y como inductor del sue\u00f1o. Es una benzodiacepina y, como tal, tiene acci\u00f3n sedante y ansiol\u00edtica. A expensas del clonazepam, aument\u00f3 tambi\u00e9n el consumo de antiepil\u00e9pticos. Es importante, sin embargo, que se use por per\u00edodos breves, aunque la experiencia como farmac\u00e9utica me indica que hay gente que hace 20 a\u00f1os que est\u00e1 medicada con la misma benzodiacepina\u00bb.<\/p>\n<p>Los <strong>riesgos de consumirlo no pueden pasar desapercibido<\/strong>: \u00abUno de los efectos es la p\u00e9rdida de la memoria. Si lo damos a un anciano durante un tiempo largo, esto hace que recuerde menos. Por otro lado, no debe ser abandonado repentinamente porque puede provocar s\u00edndrome de abstinencia\u00bb.<\/p>\n<p>Marcelo Cetkovich, jefe del Departamento de Psiquiatr\u00eda de INECO, explica porque <strong>aument\u00f3 su consumo<\/strong>: \u00abEs factible que la mayor parte de su abuso sea por el boca a boca, no hay que olvidar su eficacia para controlar la ansiedad y las preocupaciones. Tal vez el alto nivel de incertidumbre medioambiental que hay un nuestro pa\u00eds influye. Por otro lado, puede tener que ver el hecho que los m\u00e9dicos, cuando hacen la indicaci\u00f3n en una situaci\u00f3n puntual (ante un accidente, por ejemplo), no sean lo suficientemente enf\u00e1ticos para explicar que el medicamento debe ser utilizado durante un tiempo acotado\u00bb.<\/p>\n<p>Sobre<strong> los riesgos de consumirlo,<\/strong> dice: \u00abMas all\u00e1 del impacto que esto puede tener a la hora de realizar actividades que requieren toda nuestra lucidez como manejar u operar m\u00e1quinas, el mayor riesgo es la adicci\u00f3n. Hay una adicci\u00f3n m\u00e1s leve que consiste en simplemente no poder dejar de tomar el medicamento en una dosis fija. Hay otra variante m\u00e1s severa, en la cual se desarrolla tolerancia y dependencia y la persona necesita subir la dosis para lograr el mismo efecto\u00bb.<\/p>\n<p>Eduardo Keegan, profesor de Psicoterapia de la Universidad de Buenos Aires (UBA), tambi\u00e9n fue <strong>consultado por el consumo de clonazepam en sus pacientes<\/strong>: \u00abAtiendo muchos trastornos de ansiedad -dice el especialista-. La mayor\u00eda de los pacientes que vienen a la consulta ya toman clonazepam. En muchos casos, se los dio un m\u00e9dico cl\u00ednico. Si lo han tomado por un tiempo prolongado, es muy dif\u00edcil de sacar, porque lo que genera muchas veces es una dependencia psicol\u00f3gica\u00bb.<\/p>\n<p><strong>\u00bfPor qu\u00e9 se volvi\u00f3 popular el consumo?<\/strong>, Keegan se\u00f1ala: \u00abEl clonazepam funciona en pocos minutos entonces produce un efecto que se llama refuerzo negativo. Vos remov\u00e9s una experiencia negativa. Y si vos tom\u00e1s un analg\u00e9sico y act\u00faa en velocidad es m\u00e1s probable que lo vuelvas a tomar. Si se usa como parte de la estrategia del tratamiento, est\u00e1 perfecto. El problema es que, en manos de gente inexperta, se convierte en un factor de mantenimiento del trastorno de ansiedad porque los pacientes lo pueden tomar durante mucho tiempo\u00bb.<\/p>\n<p><strong>Trastornos como la ansiedad y la depresi\u00f3n son tratables<\/strong> y la medicaci\u00f3n, bien administrada y con supervisi\u00f3n profesional, puede servir como parte del tratamiento. Tambi\u00e9n es importante recordar que la pastilla no debe ser el atajo o la soluci\u00f3n en s\u00ed misma, sino un mero componente de la estrategia para tratar lo que subyace. Esa procesi\u00f3n \u00edntima y muchas veces dolorosa que siempre, inequ\u00edvocamente, va por dentro.<\/p>\n","protected":false},"excerpt":{"rendered":"<p>\u00a0 \u00a0Datos de la Confederaci\u00f3n Farmac\u00e9utica Argentina (COFA), que tambi\u00e9n inform\u00f3 que aument\u00f3 un 111% el consumo de antidepresivos. Mientras tanto, preocupa la automedicaci\u00f3n y la prescripci\u00f3n en exceso. Se dio a conocer el resultado del Estudio Argentino de Epidemiolog\u00eda en Salud Mental que inform\u00f3 que uno de cada tres argentinos sufrir\u00e1 alg\u00fan tipo de&hellip;<\/p>\n","protected":false},"author":1,"featured_media":80413,"comment_status":"open","ping_status":"open","sticky":false,"template":"","format":"standard","meta":{"footnotes":""},"categories":[23],"tags":[29381,8611,44],"class_list":["post-80412","post","type-post","status-publish","format-standard","has-post-thumbnail","hentry","category-salud","tag-clonazepan","tag-cofa","tag-medicamentos"],"_links":{"self":[{"href":"https:\/\/www.elsindical.com.ar\/notas\/wp-json\/wp\/v2\/posts\/80412","targetHints":{"allow":["GET"]}}],"collection":[{"href":"https:\/\/www.elsindical.com.ar\/notas\/wp-json\/wp\/v2\/posts"}],"about":[{"href":"https:\/\/www.elsindical.com.ar\/notas\/wp-json\/wp\/v2\/types\/post"}],"author":[{"embeddable":true,"href":"https:\/\/www.elsindical.com.ar\/notas\/wp-json\/wp\/v2\/users\/1"}],"replies":[{"embeddable":true,"href":"https:\/\/www.elsindical.com.ar\/notas\/wp-json\/wp\/v2\/comments?post=80412"}],"version-history":[{"count":1,"href":"https:\/\/www.elsindical.com.ar\/notas\/wp-json\/wp\/v2\/posts\/80412\/revisions"}],"predecessor-version":[{"id":80414,"href":"https:\/\/www.elsindical.com.ar\/notas\/wp-json\/wp\/v2\/posts\/80412\/revisions\/80414"}],"wp:featuredmedia":[{"embeddable":true,"href":"https:\/\/www.elsindical.com.ar\/notas\/wp-json\/wp\/v2\/media\/80413"}],"wp:attachment":[{"href":"https:\/\/www.elsindical.com.ar\/notas\/wp-json\/wp\/v2\/media?parent=80412"}],"wp:term":[{"taxonomy":"category","embeddable":true,"href":"https:\/\/www.elsindical.com.ar\/notas\/wp-json\/wp\/v2\/categories?post=80412"},{"taxonomy":"post_tag","embeddable":true,"href":"https:\/\/www.elsindical.com.ar\/notas\/wp-json\/wp\/v2\/tags?post=80412"}],"curies":[{"name":"wp","href":"https:\/\/api.w.org\/{rel}","templated":true}]}}