{"id":80408,"date":"2018-08-11T14:32:44","date_gmt":"2018-08-11T17:32:44","guid":{"rendered":"http:\/\/www.elsindical.com.ar\/notas\/?p=80408"},"modified":"2018-08-11T14:32:44","modified_gmt":"2018-08-11T17:32:44","slug":"todos-por-stefi","status":"publish","type":"post","link":"https:\/\/www.elsindical.com.ar\/notas\/todos-por-stefi\/","title":{"rendered":"Todos por Stefi"},"content":{"rendered":"<p><em>\u00a0<a href=\"http:\/\/www.elsindical.com.ar\/notas\/var\/www\/html\/notas\/wp-content\/uploads\/2018\/08\/WhatsApp-Image-2018-08-09-at-17.29.38.jpeg\"><img loading=\"lazy\" decoding=\"async\" class=\"alignnone size-medium wp-image-80409\" src=\"http:\/\/www.elsindical.com.ar\/notas\/var\/www\/html\/notas\/wp-content\/uploads\/2018\/08\/WhatsApp-Image-2018-08-09-at-17.29.38-177x300.jpeg\" alt=\"\" width=\"177\" height=\"300\" srcset=\"https:\/\/www.elsindical.com.ar\/notas\/var\/www\/html\/notas\/wp-content\/uploads\/2018\/08\/WhatsApp-Image-2018-08-09-at-17.29.38-177x300.jpeg 177w, https:\/\/www.elsindical.com.ar\/notas\/var\/www\/html\/notas\/wp-content\/uploads\/2018\/08\/WhatsApp-Image-2018-08-09-at-17.29.38.jpeg 446w\" sizes=\"auto, (max-width: 177px) 100vw, 177px\" \/><\/a> Stefan\u00eda Tarulla Zottola tiene cinco a\u00f1os, padece c\u00e1ncer y necesita de la ayuda de todos.<\/em><\/p>\n<p>Toda la familia se vio obligada a trasladarse a Miami para realizarle un tratamiento, el cual es costoso.<\/p>\n<p>La ni\u00f1a asiste a salita de 5 en el Colegio Baldomero Fern\u00e1ndez Moreno de Liniers, y las docentes del establecimiento llevan al hombro la campa\u00f1a Todos por Stefi, que ha sido promocionada r\u00e1pidamente y con gran participaci\u00f3n de famosos.<\/p>\n<p>La familia est\u00e1 recibiendo mucha ayuda gracias a varios eventos que se fueron organizando, como ferias del plato, choriceadas, quiniela, recitales, sorteos,\u00a0\u00a0y las diferentes urnas que se pueden ver en los locales de la zona.<\/p>\n<p>Esta historia de Stefi comenz\u00f3 el 22 de febrero cuando ingresaron a la Cl\u00ednica Los Arcos de Capital porque la ni\u00f1a sufr\u00eda de fuertes dolores de cabeza y espalda desde hac\u00eda 9 d\u00edas, tras realizarle estudios sus padres se encontraron con el peor diagn\u00f3stico: tres tumores malignos diseminados por toda la columna vertebral, t\u00e9cnicamente: TUMOR MALIGNO DE ALTO GRADO CON DIFERENCIACI\u00d3N GLIAL EXTENSA\/GLIOMA DE ALTO GRADO.<\/p>\n<p><b><strong>Datos de la cuenta bancaria:<\/strong><\/b><\/p>\n<p>BANCO ICBC<\/p>\n<p>CBU 01505405\/01000113428716<\/p>\n<p>CUIL 20-28077829-0<\/p>\n<p>Caja De Ahorro $ 0540\/01113428\/71<\/p>\n<p>ZOTTOLA EMILIANO G.<\/p>\n<p><b><strong>Contacto:<\/strong><\/b><\/p>\n<p>Padre:Emiliano Zottola (54) 11-3682-1799<\/p>\n<p>Mail:\u00a0<a href=\"mailto:emilianozottola@hotmail.com\">emilianozottola@hotmail.com<\/a><\/p>\n","protected":false},"excerpt":{"rendered":"<p>\u00a0 Stefan\u00eda Tarulla Zottola tiene cinco a\u00f1os, padece c\u00e1ncer y necesita de la ayuda de todos. Toda la familia se vio obligada a trasladarse a Miami para realizarle un tratamiento, el cual es costoso. La ni\u00f1a asiste a salita de 5 en el Colegio Baldomero Fern\u00e1ndez Moreno de Liniers, y las docentes del establecimiento llevan&hellip;<\/p>\n","protected":false},"author":1,"featured_media":80409,"comment_status":"open","ping_status":"open","sticky":false,"template":"","format":"standard","meta":{"footnotes":""},"categories":[26],"tags":[3094,1104,4758,29380,4089],"class_list":["post-80408","post","type-post","status-publish","format-standard","has-post-thumbnail","hentry","category-solidaridad","tag-miami","tag-nena","tag-solidaridad-2","tag-stefania-tarulla-zottola","tag-tumor"],"_links":{"self":[{"href":"https:\/\/www.elsindical.com.ar\/notas\/wp-json\/wp\/v2\/posts\/80408","targetHints":{"allow":["GET"]}}],"collection":[{"href":"https:\/\/www.elsindical.com.ar\/notas\/wp-json\/wp\/v2\/posts"}],"about":[{"href":"https:\/\/www.elsindical.com.ar\/notas\/wp-json\/wp\/v2\/types\/post"}],"author":[{"embeddable":true,"href":"https:\/\/www.elsindical.com.ar\/notas\/wp-json\/wp\/v2\/users\/1"}],"replies":[{"embeddable":true,"href":"https:\/\/www.elsindical.com.ar\/notas\/wp-json\/wp\/v2\/comments?post=80408"}],"version-history":[{"count":1,"href":"https:\/\/www.elsindical.com.ar\/notas\/wp-json\/wp\/v2\/posts\/80408\/revisions"}],"predecessor-version":[{"id":80411,"href":"https:\/\/www.elsindical.com.ar\/notas\/wp-json\/wp\/v2\/posts\/80408\/revisions\/80411"}],"wp:featuredmedia":[{"embeddable":true,"href":"https:\/\/www.elsindical.com.ar\/notas\/wp-json\/wp\/v2\/media\/80409"}],"wp:attachment":[{"href":"https:\/\/www.elsindical.com.ar\/notas\/wp-json\/wp\/v2\/media?parent=80408"}],"wp:term":[{"taxonomy":"category","embeddable":true,"href":"https:\/\/www.elsindical.com.ar\/notas\/wp-json\/wp\/v2\/categories?post=80408"},{"taxonomy":"post_tag","embeddable":true,"href":"https:\/\/www.elsindical.com.ar\/notas\/wp-json\/wp\/v2\/tags?post=80408"}],"curies":[{"name":"wp","href":"https:\/\/api.w.org\/{rel}","templated":true}]}}