{"id":80338,"date":"2018-08-08T20:18:03","date_gmt":"2018-08-08T23:18:03","guid":{"rendered":"http:\/\/www.elsindical.com.ar\/notas\/?p=80338"},"modified":"2018-08-08T20:18:03","modified_gmt":"2018-08-08T23:18:03","slug":"ruben-gracia-y-daniel-ferro-dos-carroneros-oportunistas","status":"publish","type":"post","link":"https:\/\/www.elsindical.com.ar\/notas\/ruben-gracia-y-daniel-ferro-dos-carroneros-oportunistas\/","title":{"rendered":"Rub\u00e9n Grac\u00eda y Daniel Ferro, dos carro\u00f1eros oportunistas"},"content":{"rendered":"<p><a href=\"http:\/\/www.elsindical.com.ar\/notas\/var\/www\/html\/notas\/wp-content\/uploads\/2018\/08\/31271246_2097177927173795_5899857838481604608_n.jpg\"><img loading=\"lazy\" decoding=\"async\" class=\"alignnone size-medium wp-image-80339\" src=\"http:\/\/www.elsindical.com.ar\/notas\/var\/www\/html\/notas\/wp-content\/uploads\/2018\/08\/31271246_2097177927173795_5899857838481604608_n-300x225.jpg\" alt=\"\" width=\"300\" height=\"225\" srcset=\"https:\/\/www.elsindical.com.ar\/notas\/var\/www\/html\/notas\/wp-content\/uploads\/2018\/08\/31271246_2097177927173795_5899857838481604608_n-300x225.jpg 300w, https:\/\/www.elsindical.com.ar\/notas\/var\/www\/html\/notas\/wp-content\/uploads\/2018\/08\/31271246_2097177927173795_5899857838481604608_n-768x576.jpg 768w, https:\/\/www.elsindical.com.ar\/notas\/var\/www\/html\/notas\/wp-content\/uploads\/2018\/08\/31271246_2097177927173795_5899857838481604608_n-400x300.jpg 400w, https:\/\/www.elsindical.com.ar\/notas\/var\/www\/html\/notas\/wp-content\/uploads\/2018\/08\/31271246_2097177927173795_5899857838481604608_n.jpg 960w\" sizes=\"auto, (max-width: 300px) 100vw, 300px\" \/><\/a>\u00a0 \u00a0Rub\u00e9n Garc\u00eda, ya bastante mayor para seguir llam\u00e1ndolo \u00abCholito\u00bb y Daniel Ferro, vuelven a mostrar una vez m\u00e1s que ante la falta de argumentos todo viene bien para figurar en alg\u00fan medio con pauta y que les sirva para sus propios intereses, algo que ambos vienen haciendo hace muchos a\u00f1os y les permite llevar vida de ricos.<\/p>\n<p>Si realmente los trabajadores municipales votaran por representantes sindicales verdaderos seguramente estos personajes se deber\u00edan dedicar a disfrutar la que \u00abganaron\u00bb y nunca pudieron justificar, pero si existe una muestra contundente de la calidad de persona, esa es las declaraciones que ambos hicieron con respecto a la tragedia de la Escuela EE N\u00b0 49, que la costara la vida a la vicedirectora Sandra Calamano y al auxiliar Rub\u00e9n Rodr\u00edguez, mientras todas las criticas efectuadas apuntaban a una responsabilidad de la gobernaci\u00f3n, los dos carro\u00f1eros, eligieron usar ese hecho para criticar al intendente de Avellaneda Jorge Ferraresi, tirando un salvavidas medi\u00e1tico a Mar\u00eda Eugenia Vidal.<\/p>\n<p>Durante muchos a\u00f1os, Ferraresi y estos impresentables del sindicalismo disfrutaron de acuerdos y beneficios, no hab\u00eda reclamos por mejoras para los trabajadores municipales y la prioridad de ambos era construir una estructura mayor dentro del sindicalismo, lo que garantiza no solo poder, sino sustento econ\u00f3mico, as\u00ed se llega al absurdo de que algunos seudo defensores de los trabajadores sean dirigentes en un sindicato, federaci\u00f3n, obra social y hasta consejos, la suma de cargos es tambi\u00e9n la suma de viajes, de vi\u00e1ticos y de sueldos, todo suma.<\/p>\n<p>La verdadera pelea de estos personajes disfrazados de representantes sindicales, que no tienen idea de lo que pasa el trabajador en ninguno de los sentidos, ni en lo econ\u00f3mico donde a ning\u00fan trabajador municipal le alcanzar\u00eda el sueldo para viajar todos los fines de semana a Mar del Plata con el gasto que ello implica tal como lo hace Ferro, ni vivir una c\u00f3moda vida de lujos como Garc\u00eda.<\/p>\n<p>Alguna vez, estar\u00eda bueno que estos dos, m\u00e1s Hern\u00e1n Doval que lo tienen como siempre un poco tapado para que no meta la pata, expliquen sus patrimonios, pero principalmente expliquen y rindan cuentas del manejo del STMA por ejemplo, donde algunos dirigentes que hasta hace un par de a\u00f1os se mov\u00edan con la SUBE y ahora se toman vacaciones en el exterior a pesar del precio del d\u00f3lar.<\/p>\n<p>&nbsp;<\/p>\n<p>Por Marcelo Ricardo Hawrylciw<\/p>\n<p>&nbsp;<\/p>\n","protected":false},"excerpt":{"rendered":"<p>\u00a0 \u00a0Rub\u00e9n Garc\u00eda, ya bastante mayor para seguir llam\u00e1ndolo \u00abCholito\u00bb y Daniel Ferro, vuelven a mostrar una vez m\u00e1s que ante la falta de argumentos todo viene bien para figurar en alg\u00fan medio con pauta y que les sirva para sus propios intereses, algo que ambos vienen haciendo hace muchos a\u00f1os y les permite llevar&hellip;<\/p>\n","protected":false},"author":1,"featured_media":80339,"comment_status":"open","ping_status":"open","sticky":false,"template":"","format":"standard","meta":{"footnotes":""},"categories":[10],"tags":[461,23792,22020,2111,5488,1062,3142,5411,3141],"class_list":["post-80338","post","type-post","status-publish","format-standard","has-post-thumbnail","hentry","category-editorial","tag-avellaneda","tag-daniel-ferro","tag-denuncias","tag-fesimubo","tag-intendencia","tag-jorge-ferraresi","tag-ruben-garcia","tag-sindicalismo","tag-stma"],"_links":{"self":[{"href":"https:\/\/www.elsindical.com.ar\/notas\/wp-json\/wp\/v2\/posts\/80338","targetHints":{"allow":["GET"]}}],"collection":[{"href":"https:\/\/www.elsindical.com.ar\/notas\/wp-json\/wp\/v2\/posts"}],"about":[{"href":"https:\/\/www.elsindical.com.ar\/notas\/wp-json\/wp\/v2\/types\/post"}],"author":[{"embeddable":true,"href":"https:\/\/www.elsindical.com.ar\/notas\/wp-json\/wp\/v2\/users\/1"}],"replies":[{"embeddable":true,"href":"https:\/\/www.elsindical.com.ar\/notas\/wp-json\/wp\/v2\/comments?post=80338"}],"version-history":[{"count":1,"href":"https:\/\/www.elsindical.com.ar\/notas\/wp-json\/wp\/v2\/posts\/80338\/revisions"}],"predecessor-version":[{"id":80340,"href":"https:\/\/www.elsindical.com.ar\/notas\/wp-json\/wp\/v2\/posts\/80338\/revisions\/80340"}],"wp:featuredmedia":[{"embeddable":true,"href":"https:\/\/www.elsindical.com.ar\/notas\/wp-json\/wp\/v2\/media\/80339"}],"wp:attachment":[{"href":"https:\/\/www.elsindical.com.ar\/notas\/wp-json\/wp\/v2\/media?parent=80338"}],"wp:term":[{"taxonomy":"category","embeddable":true,"href":"https:\/\/www.elsindical.com.ar\/notas\/wp-json\/wp\/v2\/categories?post=80338"},{"taxonomy":"post_tag","embeddable":true,"href":"https:\/\/www.elsindical.com.ar\/notas\/wp-json\/wp\/v2\/tags?post=80338"}],"curies":[{"name":"wp","href":"https:\/\/api.w.org\/{rel}","templated":true}]}}