{"id":80336,"date":"2018-08-08T16:42:35","date_gmt":"2018-08-08T19:42:35","guid":{"rendered":"http:\/\/www.elsindical.com.ar\/notas\/?p=80336"},"modified":"2018-08-08T16:42:35","modified_gmt":"2018-08-08T19:42:35","slug":"el-bcra-admite-que-cayeron-los-creditos-hipotecarios","status":"publish","type":"post","link":"https:\/\/www.elsindical.com.ar\/notas\/el-bcra-admite-que-cayeron-los-creditos-hipotecarios\/","title":{"rendered":"El BCRA admite que cayeron los cr\u00e9ditos hipotecarios"},"content":{"rendered":"<p><em>\u00a0 <a href=\"http:\/\/www.elsindical.com.ar\/notas\/var\/www\/html\/notas\/wp-content\/uploads\/2010\/08\/BCRA-frente.jpg\"><img loading=\"lazy\" decoding=\"async\" class=\"alignnone size-full wp-image-8354\" src=\"http:\/\/www.elsindical.com.ar\/notas\/var\/www\/html\/notas\/wp-content\/uploads\/2010\/08\/BCRA-frente.jpg\" alt=\"\" width=\"283\" height=\"189\" \/><\/a>En julio, los pr\u00e9stamos en moneda extranjera cayeron 1,6 por ciento. En moneda local, 0.9.<\/em><\/p>\n<p>Los cr\u00e9ditos hipotecarios \u201cdejaron de crecer en t\u00e9rminos reales y ajustados por estacionalidad tras dieciocho meses\u201d por la devaluaci\u00f3n del peso, seg\u00fan datos publicados por el Banco Central.<\/p>\n<p>El informe monetario mensual subray\u00f3 que \u201cel total de pr\u00e9stamos, pesos y moneda extranjera, registr\u00f3 un descenso de 1,6%, con una variaci\u00f3n interanual de 21,9%\u201d. Por su parte, en el segmento en moneda local, los pr\u00e9stamos retrocedieron 0,9% en julio, con ca\u00eddas en casi todas las l\u00edneas de cr\u00e9dito.<\/p>\n<p>\u201cLos pr\u00e9stamos en pesos otorgados mediante adelantos fueron los \u00fanicos que mostraron un aumento en el mes al considerar los saldos en t\u00e9rminos reales y ajustados por estacionalidad, ya que crecieron 0,8%\u201d, puntualiz\u00f3.<\/p>\n<p>Se\u00f1al\u00f3 que en cuanto a los pr\u00e9stamos con garant\u00eda real, \u201ctras la depreciaci\u00f3n del peso respecto del d\u00f3lar de los \u00faltimos meses, los hipotecarios dejaron de crecer en t\u00e9rminos reales y ajustados por estacionalidad tras dieciocho meses\u201d.<\/p>\n<p>\u201cNo obstante, en t\u00e9rminos nominales, mostraron un crecimiento mensual de 2,7%, con una variaci\u00f3n interanual de m\u00e1s de 150%\u201d, aclar\u00f3, y subray\u00f3 que \u201cel financiamiento en UVA sigui\u00f3 representando alrededor del 90% de los pr\u00e9stamos a personas f\u00edsicas, observ\u00e1ndose en los \u00faltimos meses una fuerte disminuci\u00f3n en los montos otorgados, que pasaron de un promedio diario de $700 millones en abril a $230 millones en julio\u201d.<\/p>\n<p>La autoridad monetaria sostuvo que \u201clos pr\u00e9stamos con garant\u00eda prendaria disminuyeron en julio 2% en t\u00e9rminos reales y ajustados por estacionalidad, mientras que en t\u00e9rminos nominales se mantuvieron respecto del mes previo\u201d. \u201cSu variaci\u00f3n interanual se desaceler\u00f3 alrededor de 5% hasta ubicarse en 42,9%\u201d, evalu\u00f3.<\/p>\n","protected":false},"excerpt":{"rendered":"<p>\u00a0 En julio, los pr\u00e9stamos en moneda extranjera cayeron 1,6 por ciento. En moneda local, 0.9. Los cr\u00e9ditos hipotecarios \u201cdejaron de crecer en t\u00e9rminos reales y ajustados por estacionalidad tras dieciocho meses\u201d por la devaluaci\u00f3n del peso, seg\u00fan datos publicados por el Banco Central. El informe monetario mensual subray\u00f3 que \u201cel total de pr\u00e9stamos, pesos&hellip;<\/p>\n","protected":false},"author":1,"featured_media":8354,"comment_status":"open","ping_status":"open","sticky":false,"template":"","format":"standard","meta":{"footnotes":""},"categories":[9],"tags":[1489,6093,15994,22023],"class_list":["post-80336","post","type-post","status-publish","format-standard","has-post-thumbnail","hentry","category-economia","tag-bcra","tag-creditos-hipotecarios","tag-devaluacion","tag-economia"],"_links":{"self":[{"href":"https:\/\/www.elsindical.com.ar\/notas\/wp-json\/wp\/v2\/posts\/80336","targetHints":{"allow":["GET"]}}],"collection":[{"href":"https:\/\/www.elsindical.com.ar\/notas\/wp-json\/wp\/v2\/posts"}],"about":[{"href":"https:\/\/www.elsindical.com.ar\/notas\/wp-json\/wp\/v2\/types\/post"}],"author":[{"embeddable":true,"href":"https:\/\/www.elsindical.com.ar\/notas\/wp-json\/wp\/v2\/users\/1"}],"replies":[{"embeddable":true,"href":"https:\/\/www.elsindical.com.ar\/notas\/wp-json\/wp\/v2\/comments?post=80336"}],"version-history":[{"count":1,"href":"https:\/\/www.elsindical.com.ar\/notas\/wp-json\/wp\/v2\/posts\/80336\/revisions"}],"predecessor-version":[{"id":80337,"href":"https:\/\/www.elsindical.com.ar\/notas\/wp-json\/wp\/v2\/posts\/80336\/revisions\/80337"}],"wp:featuredmedia":[{"embeddable":true,"href":"https:\/\/www.elsindical.com.ar\/notas\/wp-json\/wp\/v2\/media\/8354"}],"wp:attachment":[{"href":"https:\/\/www.elsindical.com.ar\/notas\/wp-json\/wp\/v2\/media?parent=80336"}],"wp:term":[{"taxonomy":"category","embeddable":true,"href":"https:\/\/www.elsindical.com.ar\/notas\/wp-json\/wp\/v2\/categories?post=80336"},{"taxonomy":"post_tag","embeddable":true,"href":"https:\/\/www.elsindical.com.ar\/notas\/wp-json\/wp\/v2\/tags?post=80336"}],"curies":[{"name":"wp","href":"https:\/\/api.w.org\/{rel}","templated":true}]}}