{"id":80297,"date":"2018-08-06T14:37:16","date_gmt":"2018-08-06T17:37:16","guid":{"rendered":"http:\/\/www.elsindical.com.ar\/notas\/?p=80297"},"modified":"2018-08-06T14:37:16","modified_gmt":"2018-08-06T17:37:16","slug":"los-mails-internos-de-isolux-empresa-que-admitio-pagar-coimas-esta-obra-es-un-puto-desastre","status":"publish","type":"post","link":"https:\/\/www.elsindical.com.ar\/notas\/los-mails-internos-de-isolux-empresa-que-admitio-pagar-coimas-esta-obra-es-un-puto-desastre\/","title":{"rendered":"Los mails internos de Isolux, empresa que admiti\u00f3 pagar coimas: \u00abEsta obra es un puto desastre\u00bb"},"content":{"rendered":"<p><span class=\"text description col-xs-8 col-lg-9\"><em><a href=\"http:\/\/www.elsindical.com.ar\/notas\/var\/www\/html\/notas\/wp-content\/uploads\/2018\/08\/Isolux.jpg\"><img loading=\"lazy\" decoding=\"async\" class=\"alignnone size-medium wp-image-80299\" src=\"http:\/\/www.elsindical.com.ar\/notas\/var\/www\/html\/notas\/wp-content\/uploads\/2018\/08\/Isolux-300x201.jpg\" alt=\"\" width=\"300\" height=\"201\" srcset=\"https:\/\/www.elsindical.com.ar\/notas\/var\/www\/html\/notas\/wp-content\/uploads\/2018\/08\/Isolux-300x201.jpg 300w, https:\/\/www.elsindical.com.ar\/notas\/var\/www\/html\/notas\/wp-content\/uploads\/2018\/08\/Isolux-768x516.jpg 768w, https:\/\/www.elsindical.com.ar\/notas\/var\/www\/html\/notas\/wp-content\/uploads\/2018\/08\/Isolux-447x300.jpg 447w, https:\/\/www.elsindical.com.ar\/notas\/var\/www\/html\/notas\/wp-content\/uploads\/2018\/08\/Isolux.jpg 980w\" sizes=\"auto, (max-width: 300px) 100vw, 300px\" \/><\/a>\u00a0 La empresa reconoci\u00f3 en Espa\u00f1a que pag\u00f3 coimas en Argentina. En la investigaci\u00f3n interna, publicada por el diario espa\u00f1ol El Confidencial, aparecen los nombres de un hijo de Julio de Vido, Berni, Kicillof, y se explica c\u00f3mo era el esquema de sobreprecios.<\/em> <\/span><\/p>\n<p>\u00ab<strong>No se me escapa que la obra era un puto desastre\u2026<\/strong> Es una bomba de tiempo que, si estalla, se carga a la compa\u00f1\u00eda a nivel mundial\u00bb. La frase sali\u00f3 de un mail interno entre empleados de<strong> Isolux<\/strong>, la empresa espa\u00f1ola que reconoci\u00f3 el a\u00f1o pasado que pag\u00f3 coimas en Argentina.<\/p>\n<p><strong>Juan Carlos de Goycoechea<\/strong> se entreg\u00f3 y pidi\u00f3 declarar como arrepentido. Hab\u00eda trabajado hasta febrero de 2017 en la firma espa\u00f1ola, cuando lo echaron en medio de acusaciones cruzadas.<\/p>\n<p>Los directivos concluyeron que<strong> la firma pag\u00f3 coimas a funcionarios del Ministerio de Planificaci\u00f3n<\/strong> en torno a la construcci\u00f3n de la central termoel\u00e9ctrica de R\u00edo Turbio. Los mails internos (publicados por El Confidencial) mencionan a un hijo del ex ministro Julio De Vido y el informe identifica como lobistas de dos empresas a los ex funcionarios Axel Kicillof y Sergio Berni.<\/p>\n<p>Un <strong>empleado cont\u00f3 c\u00f3mo era el sistema de sobornos<\/strong> e involucr\u00f3 directamente a Juan Carlos de Goycoechea, a quien acus\u00f3 de crear una empresa llamada GVA, a la que identifica como \u00abuna fachada montada\u00bb para pagar coimas al Ministerio de Planificaci\u00f3n Federal vinculadas a la construcci\u00f3n de la central el\u00e9ctrica de R\u00edo Turbio.<\/p>\n<p>Se pagaron sobreprecios a algunos subcontratistas, como las empresas Mi SA y Rafa SA, seg\u00fan la denuncia.<\/p>\n<p>La empresa <strong>reconoci\u00f3 en su informe que \u00abse detectaron muchos contratos que corresponden a compromisos pol\u00edticos\u00bb.<\/strong> El dossier incluye un listado de esas compa\u00f1\u00edas. Al menos algunas habr\u00edan sido parte del esquema de sobreprecios. Ah\u00ed aparecen dos nombres hasta hoy insospechados en materia de corrupci\u00f3n: el ex ministro de Econom\u00eda, Axel Kicillof, y el secretario de Seguridad, Sergio Berni.<\/p>\n<p>Kicillof era, seg\u00fan el informe, el contacto con la empresa \u00abCookins\u00bb, que estaba a cargo del catering de la obra. Berni, en tanto, figura como \u00abviceministro interior\u00bb (fue viceministro de Desarrollo Social) y habr\u00eda sido quien aport\u00f3 el nombre de la firma \u00abLog\u00edstica integral\u00bb, que se encarg\u00f3 del transporte de personal y la log\u00edstica.<\/p>\n<p>El 22 de octubre de 2015, los trabajadores nucleados en ATE, en el medio de un paro, desalojaron a \u00abPato\u00bb y a toda la maquinaria de Ji SA, y exigieron la recesi\u00f3n de los millonarios contratos con la empresa, a la que acusaron de desviar fondos hacia el poder pol\u00edtico. Ji SA, en los papeles, aparece como una firma de los dos hermanos Ivovich. La crearon en mayo de 2006 para construir obras de ingenier\u00eda civil.<\/p>\n<p>El v\u00ednculo de Isolux con los gobiernos kirchneristas es mucho mayor. En efecto, Isolux hab\u00eda sido designada para hacer el famoso tren bala anunciado por N\u00e9stor Kirchner el 26 de abril de 2006. Dos a\u00f1os despu\u00e9s, la firma gan\u00f3 una licitaci\u00f3n para realizar la obra en un consorcio que inclu\u00eda a Iecsa, en ese momento de \u00c1ngelo Calcaterra; Emepa, de Gabriel Romero; y la francesa Alstom (a trav\u00e9s de tres filiales locales).<\/p>\n<p>Seg\u00fan el llamado a indagatoria del juez Claudio Bonadio, <strong>De Goycoechea orden\u00f3 realizar pagos de Isolux a Baratta <\/strong>por primera vez el 19 de junio de 2008. Hubo sobornos de hasta seis millones de d\u00f3lares con cierta regularidad hasta 2010.<\/p>\n<p>En 2013, se retomaron las operaciones. Ese a\u00f1o hay una revelaci\u00f3n que se destaca, porque aparece el nombre de la ex presidente Cristina Kirchner, quien habr\u00eda ordenado que uno de los bolsos sea entregado en la Jefatura de Gabinete.<\/p>\n<p>El <strong>nombre del CEO de Isolux vuelve a figurar en los cuadernos en 2015<\/strong>. El \u00faltimo pago de Isolux en el que particip\u00f3 el chofer Centeno habr\u00eda sido el 6 de octubre, poco antes de las elecciones que gan\u00f3 Mauricio Macri, cuando se entregaron 250 mil d\u00f3lares a Nelson Lazarte, el desconocido empleado de mesa de entrada que se convirti\u00f3 en mano derecha de Baratta.<\/p>\n<p><a href=\"http:\/\/www.elsindical.com.ar\/notas\/var\/www\/html\/notas\/wp-content\/uploads\/2018\/08\/mail-interno-Isolux.jpg\"><img loading=\"lazy\" decoding=\"async\" class=\"alignnone size-medium wp-image-80298\" src=\"http:\/\/www.elsindical.com.ar\/notas\/var\/www\/html\/notas\/wp-content\/uploads\/2018\/08\/mail-interno-Isolux-300x211.jpg\" alt=\"\" width=\"300\" height=\"211\" srcset=\"https:\/\/www.elsindical.com.ar\/notas\/var\/www\/html\/notas\/wp-content\/uploads\/2018\/08\/mail-interno-Isolux-300x211.jpg 300w, https:\/\/www.elsindical.com.ar\/notas\/var\/www\/html\/notas\/wp-content\/uploads\/2018\/08\/mail-interno-Isolux-426x300.jpg 426w, https:\/\/www.elsindical.com.ar\/notas\/var\/www\/html\/notas\/wp-content\/uploads\/2018\/08\/mail-interno-Isolux.jpg 639w\" sizes=\"auto, (max-width: 300px) 100vw, 300px\" \/><\/a><\/p>\n","protected":false},"excerpt":{"rendered":"<p>\u00a0 La empresa reconoci\u00f3 en Espa\u00f1a que pag\u00f3 coimas en Argentina. En la investigaci\u00f3n interna, publicada por el diario espa\u00f1ol El Confidencial, aparecen los nombres de un hijo de Julio de Vido, Berni, Kicillof, y se explica c\u00f3mo era el esquema de sobreprecios. \u00abNo se me escapa que la obra era un puto desastre\u2026 Es&hellip;<\/p>\n","protected":false},"author":1,"featured_media":80299,"comment_status":"open","ping_status":"open","sticky":false,"template":"","format":"standard","meta":{"footnotes":""},"categories":[28],"tags":[13462,622,29353,29352,679],"class_list":["post-80297","post","type-post","status-publish","format-standard","has-post-thumbnail","hentry","category-empresariales","tag-campanas","tag-coimas","tag-isolux","tag-juan-carlos-de-goycochea","tag-kirchnerismo"],"_links":{"self":[{"href":"https:\/\/www.elsindical.com.ar\/notas\/wp-json\/wp\/v2\/posts\/80297","targetHints":{"allow":["GET"]}}],"collection":[{"href":"https:\/\/www.elsindical.com.ar\/notas\/wp-json\/wp\/v2\/posts"}],"about":[{"href":"https:\/\/www.elsindical.com.ar\/notas\/wp-json\/wp\/v2\/types\/post"}],"author":[{"embeddable":true,"href":"https:\/\/www.elsindical.com.ar\/notas\/wp-json\/wp\/v2\/users\/1"}],"replies":[{"embeddable":true,"href":"https:\/\/www.elsindical.com.ar\/notas\/wp-json\/wp\/v2\/comments?post=80297"}],"version-history":[{"count":1,"href":"https:\/\/www.elsindical.com.ar\/notas\/wp-json\/wp\/v2\/posts\/80297\/revisions"}],"predecessor-version":[{"id":80300,"href":"https:\/\/www.elsindical.com.ar\/notas\/wp-json\/wp\/v2\/posts\/80297\/revisions\/80300"}],"wp:featuredmedia":[{"embeddable":true,"href":"https:\/\/www.elsindical.com.ar\/notas\/wp-json\/wp\/v2\/media\/80299"}],"wp:attachment":[{"href":"https:\/\/www.elsindical.com.ar\/notas\/wp-json\/wp\/v2\/media?parent=80297"}],"wp:term":[{"taxonomy":"category","embeddable":true,"href":"https:\/\/www.elsindical.com.ar\/notas\/wp-json\/wp\/v2\/categories?post=80297"},{"taxonomy":"post_tag","embeddable":true,"href":"https:\/\/www.elsindical.com.ar\/notas\/wp-json\/wp\/v2\/tags?post=80297"}],"curies":[{"name":"wp","href":"https:\/\/api.w.org\/{rel}","templated":true}]}}