{"id":80292,"date":"2018-08-06T14:17:52","date_gmt":"2018-08-06T17:17:52","guid":{"rendered":"http:\/\/www.elsindical.com.ar\/notas\/?p=80292"},"modified":"2018-08-06T14:17:52","modified_gmt":"2018-08-06T17:17:52","slug":"al-igual-que-ypf-shell-aumento-la-nafta","status":"publish","type":"post","link":"https:\/\/www.elsindical.com.ar\/notas\/al-igual-que-ypf-shell-aumento-la-nafta\/","title":{"rendered":"Al igual que YPF, Shell aument\u00f3 la nafta"},"content":{"rendered":"<p><em><a href=\"http:\/\/www.elsindical.com.ar\/notas\/var\/www\/html\/notas\/wp-content\/uploads\/2018\/04\/estaci\u00f3n-de-Shell.jpg\"><img loading=\"lazy\" decoding=\"async\" class=\"alignnone size-medium wp-image-77768\" src=\"http:\/\/www.elsindical.com.ar\/notas\/var\/www\/html\/notas\/wp-content\/uploads\/2018\/04\/estaci\u00f3n-de-Shell-300x168.jpg\" alt=\"\" width=\"300\" height=\"168\" srcset=\"https:\/\/www.elsindical.com.ar\/notas\/var\/www\/html\/notas\/wp-content\/uploads\/2018\/04\/estaci\u00f3n-de-Shell-300x168.jpg 300w, https:\/\/www.elsindical.com.ar\/notas\/var\/www\/html\/notas\/wp-content\/uploads\/2018\/04\/estaci\u00f3n-de-Shell-500x281.jpg 500w, https:\/\/www.elsindical.com.ar\/notas\/var\/www\/html\/notas\/wp-content\/uploads\/2018\/04\/estaci\u00f3n-de-Shell.jpg 620w\" sizes=\"auto, (max-width: 300px) 100vw, 300px\" \/><\/a>\u00a0 \u00a0 El precio de los combustibles volvi\u00f3 a subir un 5,6 por ciento.<\/em><\/p>\n<p>Al ihual que YPF, petrolera que aument\u00f3 los precios de los combustibles durante el \u00faltimo fin de semana, Shell aplic\u00f3 este lunes\u00a0un incremento del 5,6%.<\/p>\n<p>De esta manera, la firma inform\u00f3 que el litro de nafta F\u00f3rmula Shell\u00a0Super\u00a0tiene un valor de 30,28 pesos (4,5% de aumento), mientras que Shell V-Power\u00a0costar\u00e1 36,95 pesos (5,6%),\u00a0 Shell V-Power Diesel 32,73 pesos (5,6%) y Shell Formula Diesel, a 27,26 pesos (subi\u00f3 un 5,6 %).<br \/>\nEn comparaci\u00f3n con YPF, en Capital,\u00a0el litro de nafta s\u00faper vale 29,37 pesos y premium 35,37 pesos. Cabe destacar que en el resto del pa\u00eds, los valores son superiores y tambi\u00e9n sufrir\u00e1n el aumento.<\/p>\n<p>Los citados precios ya est\u00e1n vigentes desde las 00:00 de esta jornada.<\/p>\n<p>Por \u00faltimo y seg\u00fan comunic\u00f3 la citada petrolera: <em>\u00abLos precios detallados lo son los valores de referencia en el \u00e1mbito de la Ciudad de Buenos Aires. El incremento en todo el pa\u00eds es del 5 %, aproximadamente\u00bb.<\/em><\/p>\n","protected":false},"excerpt":{"rendered":"<p>\u00a0 \u00a0 El precio de los combustibles volvi\u00f3 a subir un 5,6 por ciento. Al ihual que YPF, petrolera que aument\u00f3 los precios de los combustibles durante el \u00faltimo fin de semana, Shell aplic\u00f3 este lunes\u00a0un incremento del 5,6%. De esta manera, la firma inform\u00f3 que el litro de nafta F\u00f3rmula Shell\u00a0Super\u00a0tiene un valor de&hellip;<\/p>\n","protected":false},"author":1,"featured_media":77768,"comment_status":"open","ping_status":"open","sticky":false,"template":"","format":"standard","meta":{"footnotes":""},"categories":[9],"tags":[357,7585,9944,621],"class_list":["post-80292","post","type-post","status-publish","format-standard","has-post-thumbnail","hentry","category-economia","tag-aumento","tag-combustibles","tag-shell","tag-ypf"],"_links":{"self":[{"href":"https:\/\/www.elsindical.com.ar\/notas\/wp-json\/wp\/v2\/posts\/80292","targetHints":{"allow":["GET"]}}],"collection":[{"href":"https:\/\/www.elsindical.com.ar\/notas\/wp-json\/wp\/v2\/posts"}],"about":[{"href":"https:\/\/www.elsindical.com.ar\/notas\/wp-json\/wp\/v2\/types\/post"}],"author":[{"embeddable":true,"href":"https:\/\/www.elsindical.com.ar\/notas\/wp-json\/wp\/v2\/users\/1"}],"replies":[{"embeddable":true,"href":"https:\/\/www.elsindical.com.ar\/notas\/wp-json\/wp\/v2\/comments?post=80292"}],"version-history":[{"count":1,"href":"https:\/\/www.elsindical.com.ar\/notas\/wp-json\/wp\/v2\/posts\/80292\/revisions"}],"predecessor-version":[{"id":80293,"href":"https:\/\/www.elsindical.com.ar\/notas\/wp-json\/wp\/v2\/posts\/80292\/revisions\/80293"}],"wp:featuredmedia":[{"embeddable":true,"href":"https:\/\/www.elsindical.com.ar\/notas\/wp-json\/wp\/v2\/media\/77768"}],"wp:attachment":[{"href":"https:\/\/www.elsindical.com.ar\/notas\/wp-json\/wp\/v2\/media?parent=80292"}],"wp:term":[{"taxonomy":"category","embeddable":true,"href":"https:\/\/www.elsindical.com.ar\/notas\/wp-json\/wp\/v2\/categories?post=80292"},{"taxonomy":"post_tag","embeddable":true,"href":"https:\/\/www.elsindical.com.ar\/notas\/wp-json\/wp\/v2\/tags?post=80292"}],"curies":[{"name":"wp","href":"https:\/\/api.w.org\/{rel}","templated":true}]}}