{"id":80283,"date":"2018-08-06T01:39:10","date_gmt":"2018-08-06T04:39:10","guid":{"rendered":"http:\/\/www.elsindical.com.ar\/notas\/?p=80283"},"modified":"2018-08-06T01:39:10","modified_gmt":"2018-08-06T04:39:10","slug":"santa-fe-acribillan-a-testigo-que-declaro-contra-la-banda-narco-los-monos","status":"publish","type":"post","link":"https:\/\/www.elsindical.com.ar\/notas\/santa-fe-acribillan-a-testigo-que-declaro-contra-la-banda-narco-los-monos\/","title":{"rendered":"Santa Fe: Acribillan a testigo que declar\u00f3 contra la banda narco Los Monos"},"content":{"rendered":"<p><a href=\"http:\/\/www.elsindical.com.ar\/notas\/var\/www\/html\/notas\/wp-content\/uploads\/2018\/08\/casa-acribillado-en-Rosario.jpg\"><img loading=\"lazy\" decoding=\"async\" class=\"alignnone size-medium wp-image-80284\" src=\"http:\/\/www.elsindical.com.ar\/notas\/var\/www\/html\/notas\/wp-content\/uploads\/2018\/08\/casa-acribillado-en-Rosario-300x169.jpg\" alt=\"\" width=\"300\" height=\"169\" srcset=\"https:\/\/www.elsindical.com.ar\/notas\/var\/www\/html\/notas\/wp-content\/uploads\/2018\/08\/casa-acribillado-en-Rosario-300x169.jpg 300w, https:\/\/www.elsindical.com.ar\/notas\/var\/www\/html\/notas\/wp-content\/uploads\/2018\/08\/casa-acribillado-en-Rosario-768x432.jpg 768w, https:\/\/www.elsindical.com.ar\/notas\/var\/www\/html\/notas\/wp-content\/uploads\/2018\/08\/casa-acribillado-en-Rosario-500x281.jpg 500w, https:\/\/www.elsindical.com.ar\/notas\/var\/www\/html\/notas\/wp-content\/uploads\/2018\/08\/casa-acribillado-en-Rosario-460x260.jpg 460w, https:\/\/www.elsindical.com.ar\/notas\/var\/www\/html\/notas\/wp-content\/uploads\/2018\/08\/casa-acribillado-en-Rosario.jpg 970w\" sizes=\"auto, (max-width: 300px) 100vw, 300px\" \/><\/a>Ocurri\u00f3 en Rosario, cuando dos hombres en moto lo ejecutaron de cinco balazos. La v\u00edctima tiene 37 a\u00f1os y al momento del ataque estaba hablando con un amigo.<\/p>\n<p>A diparo limpio. El pasado s\u00e1bado a primera hora fue baleado el Centro de Justicia Penal de Rosario, pero por la noche ocurri\u00f3 un hecho de sangre que alarm\u00f3 y preocup\u00f3 a toda la ciudad santafesina. Un hombre de 37 a\u00f1os fue asesinado a quemarropa de cinco tiros en el pecho.<\/p>\n<p>La v\u00edctima hab\u00eda sido llevada por la fuerza p\u00fablica desde la provincia de Chaco para declarar en diciembre pasado como uno de los testigos contra la banda de Los Monos. Ese d\u00eda, el hombre se desdijo de lo que hab\u00eda declarado en junio de 2013. Pasadas las 22 del s\u00e1bado dos desconocidos en moto asesinaron de cinco disparos en el pecho a un hombre de 37 a\u00f1os cuando estaba en la puerta de su vivienda de Barra al 2300. La v\u00edctima fue identificada como <strong>Diego Germ\u00e1n Romero<\/strong>.<\/p>\n<p>En el lugar qued\u00f3 un amigo, que indic\u00f3 que estaban charlando en la puerta de la casa cuando pasaron dos sujetos en moto, a quienes no pudo reconocer. Personal de la Divisi\u00f3n Homicidios de la Polic\u00eda de Investigaciones recolect\u00f3 en el lugar seis vainas servidas, en la zona jurisdicci\u00f3n de la comisar\u00eda 32\u00aa. Romero viv\u00eda con su madre, y los pesquisas se\u00f1alaron que cuando preguntaron si ten\u00eda problemas con alguien que pueda desencadenar el brutal ataque, sus familiares y allegados contaron ofuscados que Romero hab\u00eda sido testigo del juicio llevado a cabo contra la banda de Los Monos.<\/p>\n<p>En 2013, Romero cont\u00f3 ante el juez <strong>Juan Carlos Vienna<\/strong> -titular por ese tiempo del Juzgado de Instrucci\u00f3n 4\u00aa- que Mariano \u201cGordo\u201d Salom\u00f3n lo contact\u00f3 de parte de <strong>Ram\u00f3n Machuca<\/strong> y <strong>Ariel Guille Cantero<\/strong> para que trabajara en un b\u00fanker de Lima y 27 de Febrero. El acuerdo era doce horas al d\u00eda por 500 pesos y drogas.<\/p>\n<p><em>\u201cDado que no acept\u00e9, me tiraron en la pierna\u201d<\/em>, qued\u00f3 en el acta que firm\u00f3 en dicha oportunidad y sindic\u00f3 como tirador al asesinado <strong>Norberto \u201cChino\u201d Gonz\u00e1lez<\/strong>. En una de las audiencias de diciembre pasado, Diego Romero fue llevado por personal de la Polic\u00eda de Investigaciones (PDI) que lo busc\u00f3 en el Chaco para que declare. En esa misma jornada del juicio oral, otras dos personas se retractaron.<\/p>\n<p>Romero dijo que no se present\u00f3 porque no ten\u00eda nada que decir y cuando el fiscal <strong>Gonzalo Fern\u00e1ndez Bussy<\/strong> le pregunt\u00f3 por el balazo en el pie cont\u00f3 que fue a comprar drogas y que se hab\u00edan armado problemas por lo que recibi\u00f3 un tiro en el pie.<\/p>\n<p><em>\u201cLo armaron (el ex Jefe de la Divisi\u00f3n Judicial) Cristian Romero, el juez Vienna y el fiscal (de C\u00e1mara Guillermo) Camporini\u201d<\/em>, retruc\u00f3 cuando le mostraron el acta que hab\u00eda firmado en 2013, ante la mirada de la mayor\u00eda de los acusados.<\/p>\n","protected":false},"excerpt":{"rendered":"<p>Ocurri\u00f3 en Rosario, cuando dos hombres en moto lo ejecutaron de cinco balazos. La v\u00edctima tiene 37 a\u00f1os y al momento del ataque estaba hablando con un amigo. A diparo limpio. El pasado s\u00e1bado a primera hora fue baleado el Centro de Justicia Penal de Rosario, pero por la noche ocurri\u00f3 un hecho de sangre&hellip;<\/p>\n","protected":false},"author":1,"featured_media":80284,"comment_status":"open","ping_status":"open","sticky":false,"template":"","format":"standard","meta":{"footnotes":""},"categories":[22],"tags":[13851,10226,19830,2208,609,1188],"class_list":["post-80283","post","type-post","status-publish","format-standard","has-post-thumbnail","hentry","category-policiales","tag-acribillado","tag-banda-narco","tag-los-monos","tag-rosario","tag-santa-fe","tag-testigo"],"_links":{"self":[{"href":"https:\/\/www.elsindical.com.ar\/notas\/wp-json\/wp\/v2\/posts\/80283","targetHints":{"allow":["GET"]}}],"collection":[{"href":"https:\/\/www.elsindical.com.ar\/notas\/wp-json\/wp\/v2\/posts"}],"about":[{"href":"https:\/\/www.elsindical.com.ar\/notas\/wp-json\/wp\/v2\/types\/post"}],"author":[{"embeddable":true,"href":"https:\/\/www.elsindical.com.ar\/notas\/wp-json\/wp\/v2\/users\/1"}],"replies":[{"embeddable":true,"href":"https:\/\/www.elsindical.com.ar\/notas\/wp-json\/wp\/v2\/comments?post=80283"}],"version-history":[{"count":1,"href":"https:\/\/www.elsindical.com.ar\/notas\/wp-json\/wp\/v2\/posts\/80283\/revisions"}],"predecessor-version":[{"id":80285,"href":"https:\/\/www.elsindical.com.ar\/notas\/wp-json\/wp\/v2\/posts\/80283\/revisions\/80285"}],"wp:featuredmedia":[{"embeddable":true,"href":"https:\/\/www.elsindical.com.ar\/notas\/wp-json\/wp\/v2\/media\/80284"}],"wp:attachment":[{"href":"https:\/\/www.elsindical.com.ar\/notas\/wp-json\/wp\/v2\/media?parent=80283"}],"wp:term":[{"taxonomy":"category","embeddable":true,"href":"https:\/\/www.elsindical.com.ar\/notas\/wp-json\/wp\/v2\/categories?post=80283"},{"taxonomy":"post_tag","embeddable":true,"href":"https:\/\/www.elsindical.com.ar\/notas\/wp-json\/wp\/v2\/tags?post=80283"}],"curies":[{"name":"wp","href":"https:\/\/api.w.org\/{rel}","templated":true}]}}