{"id":80237,"date":"2018-08-04T22:31:05","date_gmt":"2018-08-05T01:31:05","guid":{"rendered":"http:\/\/www.elsindical.com.ar\/notas\/?p=80237"},"modified":"2018-08-04T22:31:05","modified_gmt":"2018-08-05T01:31:05","slug":"neuquen-asaltan-a-dos-amigos-modalidad-viuda-negra","status":"publish","type":"post","link":"https:\/\/www.elsindical.com.ar\/notas\/neuquen-asaltan-a-dos-amigos-modalidad-viuda-negra\/","title":{"rendered":"Neuqu\u00e9n: Asaltan a dos amigos, modalidad \u00abviuda negra\u00bb"},"content":{"rendered":"<p><em><a href=\"http:\/\/www.elsindical.com.ar\/notas\/var\/www\/html\/notas\/wp-content\/uploads\/2018\/08\/Cipolletti-Neuqu\u00e9n.jpg\"><img loading=\"lazy\" decoding=\"async\" class=\"alignnone size-medium wp-image-80238\" src=\"http:\/\/www.elsindical.com.ar\/notas\/var\/www\/html\/notas\/wp-content\/uploads\/2018\/08\/Cipolletti-Neuqu\u00e9n-300x169.jpg\" alt=\"\" width=\"300\" height=\"169\" srcset=\"https:\/\/www.elsindical.com.ar\/notas\/var\/www\/html\/notas\/wp-content\/uploads\/2018\/08\/Cipolletti-Neuqu\u00e9n-300x169.jpg 300w, https:\/\/www.elsindical.com.ar\/notas\/var\/www\/html\/notas\/wp-content\/uploads\/2018\/08\/Cipolletti-Neuqu\u00e9n-768x432.jpg 768w, https:\/\/www.elsindical.com.ar\/notas\/var\/www\/html\/notas\/wp-content\/uploads\/2018\/08\/Cipolletti-Neuqu\u00e9n-500x281.jpg 500w, https:\/\/www.elsindical.com.ar\/notas\/var\/www\/html\/notas\/wp-content\/uploads\/2018\/08\/Cipolletti-Neuqu\u00e9n-460x260.jpg 460w, https:\/\/www.elsindical.com.ar\/notas\/var\/www\/html\/notas\/wp-content\/uploads\/2018\/08\/Cipolletti-Neuqu\u00e9n.jpg 970w\" sizes=\"auto, (max-width: 300px) 100vw, 300px\" \/><\/a>\u00a0 El episodio ocurri\u00f3 en la ciudad neuquina de Cipolletti. Las v\u00edctimas conocieron a las mujeres en un local nocturno y las invitaron a un departamento. Al levantarse se hab\u00edan llevado todo.<\/em><\/p>\n<p>Dos hombres fueron desvalijados en la ciudad neuquina de Cipolletti\u00a0luego de participar de una fiesta sexual con dos mujeres que conocieron en un local nocturno.<\/p>\n<p>Las v\u00edctimas conocieron a las j\u00f3venes el jueves y las invitaron al departamento de uno de ellos. Luego de practicar varias posiciones sexuales y tomar alcohol, los sujetos se quedaron dormidos.<\/p>\n<p>En ese momento, las mujeres aprovecharon para sacar todas las pertenencias del inmueble y llev\u00e1rselas en taxi, seg\u00fan indic\u00f3 La Ma\u00f1ana de Neuqu\u00e9n.<\/p>\n<p>La situaci\u00f3n no despert\u00f3 sospecha entre los vecinos porque un joven se estaba mudando del edificio y pensaron que unas bolsas acomodadas en un pasillo pertenec\u00edan a \u00e9l.<\/p>\n<p>La investigaci\u00f3n de lo sucedido qued\u00f3 a cargo de la fiscal\u00eda cipole\u00f1a, la Comisar\u00eda Cuarta y la Brigada de Investigaciones.<\/p>\n<p>Las \u00bb viudas negras\u00bb se llevaron notebooks, tablets, celulares, camperas, ropa de marca y no menos de 3 mil pesos.<\/p>\n","protected":false},"excerpt":{"rendered":"<p>\u00a0 El episodio ocurri\u00f3 en la ciudad neuquina de Cipolletti. Las v\u00edctimas conocieron a las mujeres en un local nocturno y las invitaron a un departamento. Al levantarse se hab\u00edan llevado todo. Dos hombres fueron desvalijados en la ciudad neuquina de Cipolletti\u00a0luego de participar de una fiesta sexual con dos mujeres que conocieron en un&hellip;<\/p>\n","protected":false},"author":1,"featured_media":80238,"comment_status":"open","ping_status":"open","sticky":false,"template":"","format":"standard","meta":{"footnotes":""},"categories":[22],"tags":[5690,1326,116,20800],"class_list":["post-80237","post","type-post","status-publish","format-standard","has-post-thumbnail","hentry","category-policiales","tag-cipolletti","tag-neuquen","tag-robo","tag-viuda-negra"],"_links":{"self":[{"href":"https:\/\/www.elsindical.com.ar\/notas\/wp-json\/wp\/v2\/posts\/80237","targetHints":{"allow":["GET"]}}],"collection":[{"href":"https:\/\/www.elsindical.com.ar\/notas\/wp-json\/wp\/v2\/posts"}],"about":[{"href":"https:\/\/www.elsindical.com.ar\/notas\/wp-json\/wp\/v2\/types\/post"}],"author":[{"embeddable":true,"href":"https:\/\/www.elsindical.com.ar\/notas\/wp-json\/wp\/v2\/users\/1"}],"replies":[{"embeddable":true,"href":"https:\/\/www.elsindical.com.ar\/notas\/wp-json\/wp\/v2\/comments?post=80237"}],"version-history":[{"count":1,"href":"https:\/\/www.elsindical.com.ar\/notas\/wp-json\/wp\/v2\/posts\/80237\/revisions"}],"predecessor-version":[{"id":80239,"href":"https:\/\/www.elsindical.com.ar\/notas\/wp-json\/wp\/v2\/posts\/80237\/revisions\/80239"}],"wp:featuredmedia":[{"embeddable":true,"href":"https:\/\/www.elsindical.com.ar\/notas\/wp-json\/wp\/v2\/media\/80238"}],"wp:attachment":[{"href":"https:\/\/www.elsindical.com.ar\/notas\/wp-json\/wp\/v2\/media?parent=80237"}],"wp:term":[{"taxonomy":"category","embeddable":true,"href":"https:\/\/www.elsindical.com.ar\/notas\/wp-json\/wp\/v2\/categories?post=80237"},{"taxonomy":"post_tag","embeddable":true,"href":"https:\/\/www.elsindical.com.ar\/notas\/wp-json\/wp\/v2\/tags?post=80237"}],"curies":[{"name":"wp","href":"https:\/\/api.w.org\/{rel}","templated":true}]}}