{"id":80176,"date":"2018-07-31T20:16:03","date_gmt":"2018-07-31T23:16:03","guid":{"rendered":"http:\/\/www.elsindical.com.ar\/notas\/?p=80176"},"modified":"2018-07-31T20:16:03","modified_gmt":"2018-07-31T23:16:03","slug":"ines-weinberg-de-roca-defendio-su-pliego-ante-el-senado","status":"publish","type":"post","link":"https:\/\/www.elsindical.com.ar\/notas\/ines-weinberg-de-roca-defendio-su-pliego-ante-el-senado\/","title":{"rendered":"In\u00e9s Weinberg de Roca defendi\u00f3 su pliego ante el Senado"},"content":{"rendered":"<p><em>\u00a0 \u00a0<a href=\"http:\/\/www.elsindical.com.ar\/notas\/var\/www\/html\/notas\/wp-content\/uploads\/2018\/07\/In\u00e9s-Weinberg-de-Roca.jpg\"><img loading=\"lazy\" decoding=\"async\" class=\"alignnone size-medium wp-image-80177\" src=\"http:\/\/www.elsindical.com.ar\/notas\/var\/www\/html\/notas\/wp-content\/uploads\/2018\/07\/In\u00e9s-Weinberg-de-Roca-300x169.jpg\" alt=\"\" width=\"300\" height=\"169\" srcset=\"https:\/\/www.elsindical.com.ar\/notas\/var\/www\/html\/notas\/wp-content\/uploads\/2018\/07\/In\u00e9s-Weinberg-de-Roca-300x169.jpg 300w, https:\/\/www.elsindical.com.ar\/notas\/var\/www\/html\/notas\/wp-content\/uploads\/2018\/07\/In\u00e9s-Weinberg-de-Roca-768x432.jpg 768w, https:\/\/www.elsindical.com.ar\/notas\/var\/www\/html\/notas\/wp-content\/uploads\/2018\/07\/In\u00e9s-Weinberg-de-Roca-500x281.jpg 500w, https:\/\/www.elsindical.com.ar\/notas\/var\/www\/html\/notas\/wp-content\/uploads\/2018\/07\/In\u00e9s-Weinberg-de-Roca-460x260.jpg 460w, https:\/\/www.elsindical.com.ar\/notas\/var\/www\/html\/notas\/wp-content\/uploads\/2018\/07\/In\u00e9s-Weinberg-de-Roca.jpg 970w\" sizes=\"auto, (max-width: 300px) 100vw, 300px\" \/><\/a>La candidata a Procuradora General de la Naci\u00f3n, propuesta por Mauricio Macri, respondi\u00f3 preguntas de los legisladores para que la C\u00e1mara alta decida si avala o no su nombramiento.<\/em><\/p>\n<p>La candidata a procuradora general de la Naci\u00f3n<strong> In\u00e9s Weinberg de Roca<\/strong>\u00a0defendi\u00f3 su nombramiento esta\u00a0tarde ante la Comisi\u00f3n de Acuerdos del Senado en el Sal\u00f3n de las Provincias de la C\u00e1mara alta, en una audiencia presidida por el senador <strong>Rodolfo Urtubey<\/strong> que dur\u00f3 dos horas y media.<\/p>\n<p>Propuesta por el presidente <strong> Mauricio Macri\u00a0<\/strong>para ocupar el cargo que dej\u00f3 vacante en diciembre \u00faltimo <strong>Alejandra Gils\u00a0Carb\u00f3<\/strong>, respondi\u00f3\u00a0preguntas de los legisladores para que decidan si aceptan o rechazan su pliego.<\/p>\n<p>La jueza porte\u00f1a se refiri\u00f3 a su plan de gesti\u00f3n y manifest\u00f3 que quiere realizar un re dise\u00f1o y una re adecuaci\u00f3n de recursos del Ministerio P\u00fablico Fiscal.<\/p>\n<p>Agreg\u00f3:<em> \u00abEs necesario porque la estructura central de la Procuraci\u00f3n est\u00e1 sobre dimensionada y cuenta con 1.792 empleados y funcionarios mientras que las fiscal\u00edas federales de todas las provincias tienen un dotaci\u00f3n de 1.465 agentes\u00bb.<\/em><\/p>\n<p>Tambi\u00e9n indic\u00f3 que de los $ 7.602 millones con los que cuenta el Ministerio, el 98 por ciento se destina al pago de sueldos y s\u00f3lo el resto para la gesti\u00f3n.<\/p>\n<p>Adem\u00e1s, expres\u00f3:<em>\u00a0\u00abFue la familia la que marc\u00f3 mi vocaci\u00f3n por los derechos humanos, especialmente la historia de mi madre, que no ten\u00eda nacionalidad y reci\u00e9n de grande pudo estudiar\u00bb.\u00a0<\/em><\/p>\n<p><i>\u00abMis padres escaparon del Holocausto y de los campos de concentraci\u00f3n. Mi padre lleg\u00f3 a Argentina con un pasaporte alem\u00e1n deportardo y mi madre huy\u00f3 de Berl\u00edn a Praga a los seis a\u00f1os sin documentaci\u00f3n\u00bb<\/i>, relat\u00f3.<\/p>\n<p>En cuanto a su relaci\u00f3n con el presidente, quien la propuso como candidata, manifest\u00f3 que lo conoci\u00f3 en 2009\u00a0en actos protocolares.<\/p>\n","protected":false},"excerpt":{"rendered":"<p>\u00a0 \u00a0La candidata a Procuradora General de la Naci\u00f3n, propuesta por Mauricio Macri, respondi\u00f3 preguntas de los legisladores para que la C\u00e1mara alta decida si avala o no su nombramiento. La candidata a procuradora general de la Naci\u00f3n In\u00e9s Weinberg de Roca\u00a0defendi\u00f3 su nombramiento esta\u00a0tarde ante la Comisi\u00f3n de Acuerdos del Senado en el Sal\u00f3n&hellip;<\/p>\n","protected":false},"author":1,"featured_media":80177,"comment_status":"open","ping_status":"open","sticky":false,"template":"","format":"standard","meta":{"footnotes":""},"categories":[13],"tags":[15272,16288,76,1465,12441],"class_list":["post-80176","post","type-post","status-publish","format-standard","has-post-thumbnail","hentry","category-politica","tag-camara-alta","tag-dra-ines-weinberg-de-roca","tag-mauricio-macri","tag-ministerio-publico-fiscal","tag-procuradora-general-de-la-nacion"],"_links":{"self":[{"href":"https:\/\/www.elsindical.com.ar\/notas\/wp-json\/wp\/v2\/posts\/80176","targetHints":{"allow":["GET"]}}],"collection":[{"href":"https:\/\/www.elsindical.com.ar\/notas\/wp-json\/wp\/v2\/posts"}],"about":[{"href":"https:\/\/www.elsindical.com.ar\/notas\/wp-json\/wp\/v2\/types\/post"}],"author":[{"embeddable":true,"href":"https:\/\/www.elsindical.com.ar\/notas\/wp-json\/wp\/v2\/users\/1"}],"replies":[{"embeddable":true,"href":"https:\/\/www.elsindical.com.ar\/notas\/wp-json\/wp\/v2\/comments?post=80176"}],"version-history":[{"count":1,"href":"https:\/\/www.elsindical.com.ar\/notas\/wp-json\/wp\/v2\/posts\/80176\/revisions"}],"predecessor-version":[{"id":80178,"href":"https:\/\/www.elsindical.com.ar\/notas\/wp-json\/wp\/v2\/posts\/80176\/revisions\/80178"}],"wp:featuredmedia":[{"embeddable":true,"href":"https:\/\/www.elsindical.com.ar\/notas\/wp-json\/wp\/v2\/media\/80177"}],"wp:attachment":[{"href":"https:\/\/www.elsindical.com.ar\/notas\/wp-json\/wp\/v2\/media?parent=80176"}],"wp:term":[{"taxonomy":"category","embeddable":true,"href":"https:\/\/www.elsindical.com.ar\/notas\/wp-json\/wp\/v2\/categories?post=80176"},{"taxonomy":"post_tag","embeddable":true,"href":"https:\/\/www.elsindical.com.ar\/notas\/wp-json\/wp\/v2\/tags?post=80176"}],"curies":[{"name":"wp","href":"https:\/\/api.w.org\/{rel}","templated":true}]}}