{"id":80103,"date":"2018-07-29T15:15:47","date_gmt":"2018-07-29T18:15:47","guid":{"rendered":"http:\/\/www.elsindical.com.ar\/notas\/?p=80103"},"modified":"2018-07-29T15:15:47","modified_gmt":"2018-07-29T18:15:47","slug":"iglesia-convoca-a-marchar-a-la-quinta-presidencial-contra-el-aborto","status":"publish","type":"post","link":"https:\/\/www.elsindical.com.ar\/notas\/iglesia-convoca-a-marchar-a-la-quinta-presidencial-contra-el-aborto\/","title":{"rendered":"Iglesia convoca a marchar a la Quinta Presidencial contra el aborto"},"content":{"rendered":"<p><span class=\"text description col-xs-8 col-lg-9\"><em><a href=\"http:\/\/www.elsindical.com.ar\/notas\/var\/www\/html\/notas\/wp-content\/uploads\/2018\/07\/Iglesia-de-Luj\u00e1n-contra-el-aborto.jpg\"><img loading=\"lazy\" decoding=\"async\" class=\"alignnone size-medium wp-image-80104\" src=\"http:\/\/www.elsindical.com.ar\/notas\/var\/www\/html\/notas\/wp-content\/uploads\/2018\/07\/Iglesia-de-Luj\u00e1n-contra-el-aborto-300x169.jpg\" alt=\"\" width=\"300\" height=\"169\" srcset=\"https:\/\/www.elsindical.com.ar\/notas\/var\/www\/html\/notas\/wp-content\/uploads\/2018\/07\/Iglesia-de-Luj\u00e1n-contra-el-aborto-300x169.jpg 300w, https:\/\/www.elsindical.com.ar\/notas\/var\/www\/html\/notas\/wp-content\/uploads\/2018\/07\/Iglesia-de-Luj\u00e1n-contra-el-aborto-768x434.jpg 768w, https:\/\/www.elsindical.com.ar\/notas\/var\/www\/html\/notas\/wp-content\/uploads\/2018\/07\/Iglesia-de-Luj\u00e1n-contra-el-aborto-500x282.jpg 500w, https:\/\/www.elsindical.com.ar\/notas\/var\/www\/html\/notas\/wp-content\/uploads\/2018\/07\/Iglesia-de-Luj\u00e1n-contra-el-aborto-460x260.jpg 460w, https:\/\/www.elsindical.com.ar\/notas\/var\/www\/html\/notas\/wp-content\/uploads\/2018\/07\/Iglesia-de-Luj\u00e1n-contra-el-aborto.jpg 930w\" sizes=\"auto, (max-width: 300px) 100vw, 300px\" \/><\/a>\u00a0 El Curia redobla la presi\u00f3n contra el Gobierno por la interrupci\u00f3n voluntaria del embarazo, que se debatir\u00e1 el 8 de agosto en el Senado.<\/em> <\/span><\/p>\n<p><strong>Organizaciones que rechazan la legalizaci\u00f3n del aborto<\/strong>, encabezados por Unidad Provida y Marcha por la Vida, convocan a una marcha hacia la Quinta de Olivos el pr\u00f3ximo <strong>lunes 30 de julio a las 19<\/strong>. El objetivo de la movilizaci\u00f3n es pedirle al presidente Mauricio Macri que \u201ccumpla su promesa de cuidar la vida desde la concepci\u00f3n\u201d. La cita es en la esquina de avenida Maip\u00fa y Julio A. Roca, para dirigirse a pie hasta la quinta presidencial.<\/p>\n<p>Ante la exposici\u00f3n en el Senado de la Naci\u00f3n del ministro de Salud Adolfo Rubinstein donde afirm\u00f3 que los funcionarios \u201cse mantendr\u00edan al margen del debate\u201d, y que el presidente de la Naci\u00f3n \u201cno vetar\u00eda la ley\u201d,<strong> organizaciones a favor de la vida quieren \u201cpedirle al gobierno de Mauricio Macri que se abstenga de intervenir en favor<\/strong> del proyecto de ley, a trav\u00e9s de sus ministros en el Senado de la Naci\u00f3n\u201d.<\/p>\n<p>\u201cConvocamos a toda la ciudadan\u00eda que defiende las dos vidas, la de la madre y la del ni\u00f1o, a defender nuestros derechos primordiales y a rechazar este ataque a la vida, a los hijos, a los valores fundamentales y a la familia argentina\u201d, anuncian los organizadores en un comunicado, y agregan: \u201c<strong>El rechazo al aborto es la defensa de los valores humanos fundamentales y esenciales del hombre.<\/strong> Por eso, decimos: \u00a1cuidemos las dos vidas!\u201d.<\/p>\n<p><strong>El presidente del Episcopado, Oscar Ojea,<\/strong> el \u00faltimo 8 de julio en la Bas\u00edlica de Luj\u00e1n fue quien marc\u00f3 el quiebre al exponer en su homil\u00eda la cr\u00edtica m\u00e1s rotunda contra la iniciativa parlamentaria: \u00abSer\u00eda la primera vez que se dictar\u00eda en la Argentina, en tiempos de democracia, una ley que legitime la eliminaci\u00f3n de un ser humano por otro ser humano\u00bb.<\/p>\n<p><strong>Obispos cordobeses fueron m\u00e1s all\u00e1<\/strong> y afirmaron que \u00abuna democracia que no respete toda vida humana se convierte visible o encubiertamente en dictadura de los que ostentan m\u00e1s poder porque cuando no se respeta la vida del m\u00e1s d\u00e9bil la libertad se convierte en ocasi\u00f3n de dominio y arbitrariedad\u00bb.<\/p>\n<p>El proyecto de ley de \u201cInterrupci\u00f3n voluntaria del embarazo\u201d que obtuvo media sanci\u00f3n en la C\u00e1mara de Diputados el pasado 14 de junio, <strong>ser\u00e1 votado por los senadores el mi\u00e9rcoles 8 de agosto.<\/strong> Movimientos provida de todo el pa\u00eds se encuentran organizando diversas movilizaciones, para pedir a los senadores provinciales el rechazo a la ley.<\/p>\n","protected":false},"excerpt":{"rendered":"<p>\u00a0 El Curia redobla la presi\u00f3n contra el Gobierno por la interrupci\u00f3n voluntaria del embarazo, que se debatir\u00e1 el 8 de agosto en el Senado. Organizaciones que rechazan la legalizaci\u00f3n del aborto, encabezados por Unidad Provida y Marcha por la Vida, convocan a una marcha hacia la Quinta de Olivos el pr\u00f3ximo lunes 30 de&hellip;<\/p>\n","protected":false},"author":1,"featured_media":80104,"comment_status":"open","ping_status":"open","sticky":false,"template":"","format":"standard","meta":{"footnotes":""},"categories":[25],"tags":[479,478,29287,76,3774],"class_list":["post-80103","post","type-post","status-publish","format-standard","has-post-thumbnail","hentry","category-sociedad","tag-iglesia","tag-lujan","tag-marcha-contra-el-aborto","tag-mauricio-macri","tag-quinta-de-olivos"],"_links":{"self":[{"href":"https:\/\/www.elsindical.com.ar\/notas\/wp-json\/wp\/v2\/posts\/80103","targetHints":{"allow":["GET"]}}],"collection":[{"href":"https:\/\/www.elsindical.com.ar\/notas\/wp-json\/wp\/v2\/posts"}],"about":[{"href":"https:\/\/www.elsindical.com.ar\/notas\/wp-json\/wp\/v2\/types\/post"}],"author":[{"embeddable":true,"href":"https:\/\/www.elsindical.com.ar\/notas\/wp-json\/wp\/v2\/users\/1"}],"replies":[{"embeddable":true,"href":"https:\/\/www.elsindical.com.ar\/notas\/wp-json\/wp\/v2\/comments?post=80103"}],"version-history":[{"count":1,"href":"https:\/\/www.elsindical.com.ar\/notas\/wp-json\/wp\/v2\/posts\/80103\/revisions"}],"predecessor-version":[{"id":80105,"href":"https:\/\/www.elsindical.com.ar\/notas\/wp-json\/wp\/v2\/posts\/80103\/revisions\/80105"}],"wp:featuredmedia":[{"embeddable":true,"href":"https:\/\/www.elsindical.com.ar\/notas\/wp-json\/wp\/v2\/media\/80104"}],"wp:attachment":[{"href":"https:\/\/www.elsindical.com.ar\/notas\/wp-json\/wp\/v2\/media?parent=80103"}],"wp:term":[{"taxonomy":"category","embeddable":true,"href":"https:\/\/www.elsindical.com.ar\/notas\/wp-json\/wp\/v2\/categories?post=80103"},{"taxonomy":"post_tag","embeddable":true,"href":"https:\/\/www.elsindical.com.ar\/notas\/wp-json\/wp\/v2\/tags?post=80103"}],"curies":[{"name":"wp","href":"https:\/\/api.w.org\/{rel}","templated":true}]}}