{"id":80055,"date":"2018-07-26T16:01:39","date_gmt":"2018-07-26T19:01:39","guid":{"rendered":"http:\/\/www.elsindical.com.ar\/notas\/?p=80055"},"modified":"2018-07-26T16:01:39","modified_gmt":"2018-07-26T19:01:39","slug":"docentes-bonaerenses-anunciaron-un-paro-de-72-horas-desde-el-lunes","status":"publish","type":"post","link":"https:\/\/www.elsindical.com.ar\/notas\/docentes-bonaerenses-anunciaron-un-paro-de-72-horas-desde-el-lunes\/","title":{"rendered":"Docentes bonaerenses anunciaron un paro de 72 horas desde el lunes"},"content":{"rendered":"<p><a href=\"http:\/\/www.elsindical.com.ar\/notas\/var\/www\/html\/notas\/wp-content\/uploads\/2018\/07\/comunicado-de-docentes-bonaerenses.jpg\"><img loading=\"lazy\" decoding=\"async\" class=\"alignnone size-medium wp-image-80056\" src=\"http:\/\/www.elsindical.com.ar\/notas\/var\/www\/html\/notas\/wp-content\/uploads\/2018\/07\/comunicado-de-docentes-bonaerenses-300x169.jpg\" alt=\"\" width=\"300\" height=\"169\" srcset=\"https:\/\/www.elsindical.com.ar\/notas\/var\/www\/html\/notas\/wp-content\/uploads\/2018\/07\/comunicado-de-docentes-bonaerenses-300x169.jpg 300w, https:\/\/www.elsindical.com.ar\/notas\/var\/www\/html\/notas\/wp-content\/uploads\/2018\/07\/comunicado-de-docentes-bonaerenses-768x432.jpg 768w, https:\/\/www.elsindical.com.ar\/notas\/var\/www\/html\/notas\/wp-content\/uploads\/2018\/07\/comunicado-de-docentes-bonaerenses-500x281.jpg 500w, https:\/\/www.elsindical.com.ar\/notas\/var\/www\/html\/notas\/wp-content\/uploads\/2018\/07\/comunicado-de-docentes-bonaerenses-460x260.jpg 460w, https:\/\/www.elsindical.com.ar\/notas\/var\/www\/html\/notas\/wp-content\/uploads\/2018\/07\/comunicado-de-docentes-bonaerenses.jpg 970w\" sizes=\"auto, (max-width: 300px) 100vw, 300px\" \/><\/a> El Frente de Unidad Docente bonaerense no reiniciar\u00e1 las clases tras el per\u00edodo de vacaciones de invierno porque no alcanzaron un acuerdo salarial con el Gobierno.<\/p>\n<p>El Frente de Unidad Docente bonaerense (FUDB) inform\u00f3 este jueves que realizar\u00e1 un paro por 72 horas el pr\u00f3ximo\u00a0lunes, por no haber llegado a un acuerdo por el reclamo salarial con la gesti\u00f3n de <strong>Mar\u00eda Eugenia Vidal<\/strong>.<\/p>\n<p>La medida de fuerza, afectar\u00e1 el reinici\u00f3 del ciclo lectivo tras\u00a0las vacaciones de invierno.<\/p>\n<p>Por su parte, el secretario general de SUTEBA, <strong>Roberto Baradel\u00a0<\/strong>volvi\u00f3 a solicitar un 30% de incremento salarial ligado a la cl\u00e1usula gatillo. <em>\u00abEs una verg\u00fcenza que despu\u00e9s de pr\u00e1cticamente 95 d\u00edas sin convocatoria, hayan convocado por orden judicial, y que la propuesta haya sido del 15 por ciento sabiendo que va a haber una inflaci\u00f3n de entre el 28 y el 32 por ciento. Eso es lo que firm\u00f3 su propio gobierno con el FMI\u00bb dirigentes\u00bb<\/em>, manisfest\u00f3 Baradel.<\/p>\n<p>Al mismo tiempo, un comunicado emitido por los gremios Suteba, FEB Udocba, Sadop y Amet, el Frente Gremial\u00a0se\u00f1ala que: <em>\u00abA pesar de la predisposici\u00f3n y la buena fe de los gremios que integramos el FUDB para continuar dialogando, mediante la solicitud de un cuarto intermedio,\u00a0la nueva convocatoria fue rechazada p\u00fablicamente en reiteradas oportunidades por el Ministro de Trabajo.Esto es una muestra m\u00e1s del desinter\u00e9s de la gobernadora Vidal por destrabar el conflicto\u00bb<\/em>.<\/p>\n<p>Por \u00faltimo, durante una conferencia de prensa\u00a0una vez finalizada\u00a0la reuni\u00f3n, el ministro de Asuntos P\u00fablicos, <strong>Federico Su\u00e1rez<\/strong>, advirti\u00f3 que <em>\u00ablos dirigentes nos manifestaron que iban a esperar una nueva convocatoria para el jueves. Nosotros hoy traijmos una oferta superadora que est\u00e1 por encima del \u00edndice del INDEC. Es mentira que es la misma propuesta. No va a haber una nueva convocatoria en estos d\u00edas. Les propusimos volver a juntarnos en agosto\u00bb<\/em>.<\/p>\n<p><u><strong>El comunicado completo de la FUDB<\/strong><\/u><\/p>\n<p><em>\u00abA pesar de la predisposici\u00f3n y la buena fe de los gremios que integramos el FUDB para continuar dialogando, mediante la solicitud de un cuarto intermedio el lunes 23 del corriente, fue rechazada p\u00fablicamente en reiteradas oportunidades por el Ministro de Trabajo. Esto es una muestra m\u00e1s del desinter\u00e9s de la Gobernadora Vidal por destrabar el conflicto.<\/em><\/p>\n<p><em>Informamos que luego de esperar 94 d\u00edas, mediante dos cautelares, la Justicia oblig\u00f3 al Gobierno a convocar a los Docentes.<\/em><\/p>\n<p><em>En un nuevo simulacro de negociaci\u00f3n paritaria nos presentaron una oferta del 15%, muy lejos de la necesidad del bolsillo de los Docentes.<\/em><\/p>\n<p><em>Por lo tanto, resolvemos PARO DE 72 HS y movilizaci\u00f3n los d\u00edas 30, 31 de julio y 1 de agosto.<\/em><\/p>\n<p><em>\u00bfGobernadora es para usted prioridad la Educaci\u00f3n? Para nosotros S\u00cd.<\/em><\/p>\n<p><em>SEA RESPONSABLE Y GARANTICE LAS CONDICIONES DIGNAS DE ENSE\u00d1AR Y APRENDER\u201d.<\/p>\n<p>FRENTE DE UNIDAD DOCENTE BONAERENSE<br \/>\nAMET | FEB | SADOP | SUTEBA | UDOCBA<\/em><\/p>\n","protected":false},"excerpt":{"rendered":"<p>El Frente de Unidad Docente bonaerense no reiniciar\u00e1 las clases tras el per\u00edodo de vacaciones de invierno porque no alcanzaron un acuerdo salarial con el Gobierno. El Frente de Unidad Docente bonaerense (FUDB) inform\u00f3 este jueves que realizar\u00e1 un paro por 72 horas el pr\u00f3ximo\u00a0lunes, por no haber llegado a un acuerdo por el reclamo&hellip;<\/p>\n","protected":false},"author":1,"featured_media":80056,"comment_status":"open","ping_status":"open","sticky":false,"template":"","format":"standard","meta":{"footnotes":""},"categories":[16],"tags":[4323,1422,28942,7265,7138,778,5204,4475],"class_list":["post-80055","post","type-post","status-publish","format-standard","has-post-thumbnail","hentry","category-gremiales","tag-amet","tag-feb","tag-fudb","tag-maria-eugenia-vidal","tag-roberto-baradel","tag-sadop","tag-suteba","tag-udocba"],"_links":{"self":[{"href":"https:\/\/www.elsindical.com.ar\/notas\/wp-json\/wp\/v2\/posts\/80055","targetHints":{"allow":["GET"]}}],"collection":[{"href":"https:\/\/www.elsindical.com.ar\/notas\/wp-json\/wp\/v2\/posts"}],"about":[{"href":"https:\/\/www.elsindical.com.ar\/notas\/wp-json\/wp\/v2\/types\/post"}],"author":[{"embeddable":true,"href":"https:\/\/www.elsindical.com.ar\/notas\/wp-json\/wp\/v2\/users\/1"}],"replies":[{"embeddable":true,"href":"https:\/\/www.elsindical.com.ar\/notas\/wp-json\/wp\/v2\/comments?post=80055"}],"version-history":[{"count":1,"href":"https:\/\/www.elsindical.com.ar\/notas\/wp-json\/wp\/v2\/posts\/80055\/revisions"}],"predecessor-version":[{"id":80057,"href":"https:\/\/www.elsindical.com.ar\/notas\/wp-json\/wp\/v2\/posts\/80055\/revisions\/80057"}],"wp:featuredmedia":[{"embeddable":true,"href":"https:\/\/www.elsindical.com.ar\/notas\/wp-json\/wp\/v2\/media\/80056"}],"wp:attachment":[{"href":"https:\/\/www.elsindical.com.ar\/notas\/wp-json\/wp\/v2\/media?parent=80055"}],"wp:term":[{"taxonomy":"category","embeddable":true,"href":"https:\/\/www.elsindical.com.ar\/notas\/wp-json\/wp\/v2\/categories?post=80055"},{"taxonomy":"post_tag","embeddable":true,"href":"https:\/\/www.elsindical.com.ar\/notas\/wp-json\/wp\/v2\/tags?post=80055"}],"curies":[{"name":"wp","href":"https:\/\/api.w.org\/{rel}","templated":true}]}}