{"id":79957,"date":"2018-07-21T00:52:31","date_gmt":"2018-07-21T03:52:31","guid":{"rendered":"http:\/\/www.elsindical.com.ar\/notas\/?p=79957"},"modified":"2018-07-21T00:52:31","modified_gmt":"2018-07-21T03:52:31","slug":"efemerides-del-dia-21-de-julio-4","status":"publish","type":"post","link":"https:\/\/www.elsindical.com.ar\/notas\/efemerides-del-dia-21-de-julio-4\/","title":{"rendered":"EFEM\u00c9RIDES: DEL D\u00cdA 21 DE JULIO"},"content":{"rendered":"<p>1798 \u2013 Batalla de las Pir\u00e1mides y toma de El Cairo por las tropas francesas de Napole\u00f3n Bonaparte.<\/p>\n<p>1816 \u2013 El Congreso de Tucum\u00e1n jura solemnemente la independencia de las Provincias Unidas del R\u00edo de la Plata.<\/p>\n<p>1831 \u2013 Un Congreso corona a Leopoldo I como primer rey de B\u00e9lgica.<\/p>\n<p>1847 \u2013 Espa\u00f1a firma un tratado de paz y amistad con el Gobierno boliviano, en el que reconoce la independencia del nuevo pa\u00eds.<\/p>\n<p>1858 \u2013 Nace Mar\u00eda Cristina de Habsburgo, austr\u00edaca, reina de Espa\u00f1a, segunda esposa de Alfonso XII y madre de Alfonso XIII.<\/p>\n<p>1873 \u2013 Jesse James comete el primer robo a un tren.<\/p>\n<p>1899 \u2013 Nace Ernest Hemingway, novelista estadounidense.<\/p>\n<p>1898 \u2013 Espa\u00f1a cede Guam a los Estados Unidos.<\/p>\n<p>1905 \u2013 Nace Miguel Mihura, escritor, dibujante y humorista espa\u00f1ol.<\/p>\n<p>1906 \u2013 Los primeros mandatarios de EE.UU. y M\u00e9xico, Franklin Roosevelt y Porfirio D\u00edaz, respectivamente, consiguen que firmen la paz Guatemala, El Salvador y Honduras.<\/p>\n<p>1911 \u2013 Nace Marshall McLuhan, escritor especialista en medios de comunicaci\u00f3n.<\/p>\n<p>1917 \u2013 Los alemanes lanzan las primeras bombas de gases asfixiantes, durante la I Guerra Mundial.<\/p>\n<p>1928 \u2013 Sublevaci\u00f3n militar en varios estados mexicanos.<\/p>\n<p>1938 \u2013 Se firma en Argentina un tratado de paz entre Bolivia y Paraguay que pone fin a la guerra del Chaco.<\/p>\n<p>1940 \u2013 La URSS se anexa los pa\u00edses b\u00e1lticos.<\/p>\n<p>1941 \u2013 Nace Tina Serrano, actriz argentina.<\/p>\n<p>1946 \u2013 Ahorcan en la Plaza Mayor de La Paz al ex presidente boliviano Gualberto Villarroel.<\/p>\n<p>1946 \u2013 Nace Domingo Felipe Cavallo, pol\u00edtico y economista argentino.<\/p>\n<p>1947 \u2013 Nace Cat Stevens, m\u00fasico brit\u00e1nico.<\/p>\n<p>1948 \u2013 Nace Litto Nebbia, m\u00fasico argentino.<\/p>\n<p>1950 \u2013 Nace Ubaldo Matildo Fillol, arquero del f\u00fatbol argentino.<\/p>\n<p>1952 \u2013 Nace Robin Williams, actor estadounidense.<\/p>\n<p>1954 \u2013 Francia firma en Ginebra el tratado por el cual se retira definitivamente de Indochina, y Vietnam se divide en dos.<\/p>\n<p>1955 \u2013 Nace Marcelo Bielsa, jugador y entrenador de f\u00fatbol argentino.<\/p>\n<p>1955 \u2013 Nace Joaqu\u00edn Gal\u00e1n, cantautor argentino, del d\u00fao Pimpinela.<\/p>\n<p>1956 \u2013 Se re\u00fanen en Panam\u00e1 19 presidentes americanos, que firman una declaraci\u00f3n en favor de la paz y la libertad.<\/p>\n<p>1961 \u2013 En Buenos Aires (Argentina), empieza a emitir el Canal 11 (actual Telef\u00e9).<\/p>\n<p>1964 \u2013 Nace Gustavo Berm\u00fadez, actor argentino.<\/p>\n<p>1965 \u2013 Nace Javier Calamaro, cantante argentino.<\/p>\n<p>1966 \u2013 Nace Gabriel Schultz, conductor de radio y televisi\u00f3n y periodista argentino.<\/p>\n<p>1970 \u2013 Finalizan las obras de la presa de Assu\u00e1n en Egipto, la mayor del mundo hasta la culminaci\u00f3n de la de Itaip\u00fa (Paraguay).<\/p>\n<p>1978 \u2013 Golpe militar en Bolivia: el general Pereda asume la Presidencia.<\/p>\n<p>1981 \u2013 El turco Ali Agca, que intent\u00f3 matar al papa Juan Pablo II, es condenado a cadena perpetua por un jurado de Roma.<\/p>\n<p>1983 \u2013 En la Base Vostok de la Ant\u00e1rtida se alcanza la temperatura m\u00e1s baja registrada por el hombre, \u201389.2\u00b0 celsius.<\/p>\n<p>1988 \u2013 Vuelve a los escenarios el tenor Jos\u00e9 Carreras, tras superar una leucemia tratada en EEUU.<\/p>\n<p>2000 \u2013 Muere Eddie Pequenino, trombonista, cantante y comediante argentino.<\/p>\n<p>2004 \u2013 Muere Edward B. Lewis, bi\u00f3logo estadounidense, premio nobel de fisiolog\u00eda o medicina en 1995.<\/p>\n<p>2007 \u2013 El Burj Khalifa supera al edificio m\u00e1s alto del mundo, el Taipei 101.<\/p>\n<p>2007 \u2013 Sale a la venta la edici\u00f3n inglesa del \u00faltimo volumen de la saga Harry Potter \u2013 Harry Potter y las Reliquias de la Muerte.<\/p>\n<p>2008 \u2013 Detenci\u00f3n de Radovan Karad\u017ei\u0107, expresidente de la Rep\u00fablica Srpska de Bosnia y Herzegovina por cr\u00edmenes de guerra.<\/p>\n<p>2008 \u2013 Muere Mar\u00eda Vaner, actriz argentina.<\/p>\n<p>2011 \u2013 Muere Elliot Handler, empresario estadounidense, creador de la mu\u00f1eca Barbie.\u200b<\/p>\n<p>2013 \u2013 En la corona de B\u00e9lgica abdica el rey Alberto II y le sucede su hijo Felipe.<\/p>\n<p>2017 \u2013 Muere John Heard, actor estadounidense.<\/p>\n","protected":false},"excerpt":{"rendered":"<p>1798 \u2013 Batalla de las Pir\u00e1mides y toma de El Cairo por las tropas francesas de Napole\u00f3n Bonaparte. 1816 \u2013 El Congreso de Tucum\u00e1n jura solemnemente la independencia de las Provincias Unidas del R\u00edo de la Plata. 1831 \u2013 Un Congreso corona a Leopoldo I como primer rey de B\u00e9lgica. 1847 \u2013 Espa\u00f1a firma un&hellip;<\/p>\n","protected":false},"author":1,"featured_media":0,"comment_status":"open","ping_status":"open","sticky":false,"template":"","format":"standard","meta":{"footnotes":""},"categories":[14],"tags":[],"class_list":["post-79957","post","type-post","status-publish","format-standard","hentry","category-efemerides"],"_links":{"self":[{"href":"https:\/\/www.elsindical.com.ar\/notas\/wp-json\/wp\/v2\/posts\/79957","targetHints":{"allow":["GET"]}}],"collection":[{"href":"https:\/\/www.elsindical.com.ar\/notas\/wp-json\/wp\/v2\/posts"}],"about":[{"href":"https:\/\/www.elsindical.com.ar\/notas\/wp-json\/wp\/v2\/types\/post"}],"author":[{"embeddable":true,"href":"https:\/\/www.elsindical.com.ar\/notas\/wp-json\/wp\/v2\/users\/1"}],"replies":[{"embeddable":true,"href":"https:\/\/www.elsindical.com.ar\/notas\/wp-json\/wp\/v2\/comments?post=79957"}],"version-history":[{"count":1,"href":"https:\/\/www.elsindical.com.ar\/notas\/wp-json\/wp\/v2\/posts\/79957\/revisions"}],"predecessor-version":[{"id":79958,"href":"https:\/\/www.elsindical.com.ar\/notas\/wp-json\/wp\/v2\/posts\/79957\/revisions\/79958"}],"wp:attachment":[{"href":"https:\/\/www.elsindical.com.ar\/notas\/wp-json\/wp\/v2\/media?parent=79957"}],"wp:term":[{"taxonomy":"category","embeddable":true,"href":"https:\/\/www.elsindical.com.ar\/notas\/wp-json\/wp\/v2\/categories?post=79957"},{"taxonomy":"post_tag","embeddable":true,"href":"https:\/\/www.elsindical.com.ar\/notas\/wp-json\/wp\/v2\/tags?post=79957"}],"curies":[{"name":"wp","href":"https:\/\/api.w.org\/{rel}","templated":true}]}}