{"id":79949,"date":"2018-07-20T20:24:35","date_gmt":"2018-07-20T23:24:35","guid":{"rendered":"http:\/\/www.elsindical.com.ar\/notas\/?p=79949"},"modified":"2018-07-20T20:24:35","modified_gmt":"2018-07-20T23:24:35","slug":"lomas-de-zamora-cae-peligrosa-banda-de-trapitos-de-la-salada-recaudaban-sumas-millonarias","status":"publish","type":"post","link":"https:\/\/www.elsindical.com.ar\/notas\/lomas-de-zamora-cae-peligrosa-banda-de-trapitos-de-la-salada-recaudaban-sumas-millonarias\/","title":{"rendered":"Lomas de Zamora: Cae peligrosa banda de trapitos de \u00abLa Salada\u00bb, recaudaban sumas millonarias"},"content":{"rendered":"<p><a href=\"http:\/\/www.elsindical.com.ar\/notas\/var\/www\/html\/notas\/wp-content\/uploads\/2018\/07\/iuuio.jpg\"><img loading=\"lazy\" decoding=\"async\" class=\"alignnone size-medium wp-image-79950\" src=\"http:\/\/www.elsindical.com.ar\/notas\/var\/www\/html\/notas\/wp-content\/uploads\/2018\/07\/iuuio-175x300.jpg\" alt=\"\" width=\"175\" height=\"300\" srcset=\"https:\/\/www.elsindical.com.ar\/notas\/var\/www\/html\/notas\/wp-content\/uploads\/2018\/07\/iuuio-175x300.jpg 175w, https:\/\/www.elsindical.com.ar\/notas\/var\/www\/html\/notas\/wp-content\/uploads\/2018\/07\/iuuio.jpg 439w\" sizes=\"auto, (max-width: 175px) 100vw, 175px\" \/><\/a>Una banda de trapitos extorsionadores que\u00a0\u00a0a punta de arma amenazaba a personas en las inmediaciones de las ferias La Salada y Urkupi\u00f1a exigi\u00e9ndoles dinero por estacionar los autos, fue desbaratada en las \u00faltimas horas por la Polic\u00eda de la Provincia de Buenos Aires luego de un\u00a0\u00a0allanamiento que permiti\u00f3 la aprehensi\u00f3n de dos personas y el secuestro de una suma millonaria de dinero, armas de fuego y pastillas de \u00e9xtasis.<\/p>\n<p>El operativo se llev\u00f3 a cabo esta madrugada en un domicilio ubicado en la calle Pergamino al 731 de Ingeniero Budge, donde los efectivos apresaron a dos de los acusados (una mujer y un hombre ambos mayores de edad)\u00a0e incautaron tres armas (pistola calibre 22, 9 mil\u00edmetros y un rev\u00f3lver del 38), cerca de un mill\u00f3n de pesos en efectivo (conseguido a trav\u00e9s de las extorsiones), talonarios de constancia de estacionamientos y pastillas de \u00e9xtasis.<\/p>\n<p>La investigaci\u00f3n comenz\u00f3 poco tiempo atr\u00e1s cuando una pareja que se acerc\u00f3 a las ferias antes mencionadas fue agredida por varios sujetos, entre ellos los detenidos, que a punta de arma y con agresiones verbales\u00a0le\u00a0\u00a0exigieron 150 pesos por el estacionamiento del veh\u00edculo.<\/p>\n<p>Ante esta situaci\u00f3n, la Polic\u00eda junto a la justicia representada por el fiscal Sebasti\u00e1n Scalera de Lomas de Zamora, comenzaron una ardua investigaci\u00f3n que posibilit\u00f3 la individualizaci\u00f3n de los acusados y el consiguiente\u00a0operativo que termin\u00f3 en las respectivas capturas.<\/p>\n<p>Seg\u00fan se supo, cuando la fuerza provincial irrumpi\u00f3 en el domicilio de los sospechosos, uno de los trapitos se resisti\u00f3 a la captura y amenaz\u00f3 con un arma a uno de los uniformados. No obstante, los efectivos lograronreducir al delincuente y dejarlo en calidad de aprehendido.<\/p>\n<p>En el allanamiento participaron oficiales del Destacamento Dock Sud y los Grupo Apoyo Departamental (GAD) de Lan\u00fas, Avellaneda y Lomas de Zamora, bajo la supervisi\u00f3n del Comisario Mayor Javier Carlos Villar a cargo de la Jefatura Departamental de Seguridad Lan\u00fas.<\/p>\n<p>Las dos personas detenidas quedaron a disposici\u00f3n de la justicia.<\/p>\n<p><a href=\"http:\/\/www.elsindical.com.ar\/notas\/var\/www\/html\/notas\/wp-content\/uploads\/2018\/07\/WhatsApp-Image-2018-07-20-at-11.1899.jpg\"><img loading=\"lazy\" decoding=\"async\" class=\"alignnone size-medium wp-image-79951\" src=\"http:\/\/www.elsindical.com.ar\/notas\/var\/www\/html\/notas\/wp-content\/uploads\/2018\/07\/WhatsApp-Image-2018-07-20-at-11.1899-225x300.jpg\" alt=\"\" width=\"225\" height=\"300\" srcset=\"https:\/\/www.elsindical.com.ar\/notas\/var\/www\/html\/notas\/wp-content\/uploads\/2018\/07\/WhatsApp-Image-2018-07-20-at-11.1899-225x300.jpg 225w, https:\/\/www.elsindical.com.ar\/notas\/var\/www\/html\/notas\/wp-content\/uploads\/2018\/07\/WhatsApp-Image-2018-07-20-at-11.1899.jpg 768w\" sizes=\"auto, (max-width: 225px) 100vw, 225px\" \/><\/a> <a href=\"http:\/\/www.elsindical.com.ar\/notas\/var\/www\/html\/notas\/wp-content\/uploads\/2018\/07\/WhatsApp-Image-2018-07-20-at-11.18.jpg\"><img loading=\"lazy\" decoding=\"async\" class=\"alignnone size-medium wp-image-79955\" src=\"http:\/\/www.elsindical.com.ar\/notas\/var\/www\/html\/notas\/wp-content\/uploads\/2018\/07\/WhatsApp-Image-2018-07-20-at-11.18-300x225.jpg\" alt=\"\" width=\"300\" height=\"225\" srcset=\"https:\/\/www.elsindical.com.ar\/notas\/var\/www\/html\/notas\/wp-content\/uploads\/2018\/07\/WhatsApp-Image-2018-07-20-at-11.18-300x225.jpg 300w, https:\/\/www.elsindical.com.ar\/notas\/var\/www\/html\/notas\/wp-content\/uploads\/2018\/07\/WhatsApp-Image-2018-07-20-at-11.18-768x576.jpg 768w, https:\/\/www.elsindical.com.ar\/notas\/var\/www\/html\/notas\/wp-content\/uploads\/2018\/07\/WhatsApp-Image-2018-07-20-at-11.18.jpg 1024w, https:\/\/www.elsindical.com.ar\/notas\/var\/www\/html\/notas\/wp-content\/uploads\/2018\/07\/WhatsApp-Image-2018-07-20-at-11.18-400x300.jpg 400w\" sizes=\"auto, (max-width: 300px) 100vw, 300px\" \/><\/a> <a href=\"http:\/\/www.elsindical.com.ar\/notas\/var\/www\/html\/notas\/wp-content\/uploads\/2018\/07\/WhatsApp-Image-2018-07-20-at-11.18p.jpg\"><img loading=\"lazy\" decoding=\"async\" class=\"alignnone size-medium wp-image-79954\" src=\"http:\/\/www.elsindical.com.ar\/notas\/var\/www\/html\/notas\/wp-content\/uploads\/2018\/07\/WhatsApp-Image-2018-07-20-at-11.18p-225x300.jpg\" alt=\"\" width=\"225\" height=\"300\" srcset=\"https:\/\/www.elsindical.com.ar\/notas\/var\/www\/html\/notas\/wp-content\/uploads\/2018\/07\/WhatsApp-Image-2018-07-20-at-11.18p-225x300.jpg 225w, https:\/\/www.elsindical.com.ar\/notas\/var\/www\/html\/notas\/wp-content\/uploads\/2018\/07\/WhatsApp-Image-2018-07-20-at-11.18p.jpg 768w\" sizes=\"auto, (max-width: 225px) 100vw, 225px\" \/><\/a> <a href=\"http:\/\/www.elsindical.com.ar\/notas\/var\/www\/html\/notas\/wp-content\/uploads\/2018\/07\/WhatsApp-Image-2018-07-20-at-11.18oo.jpg\"><img loading=\"lazy\" decoding=\"async\" class=\"alignnone size-medium wp-image-79953\" src=\"http:\/\/www.elsindical.com.ar\/notas\/var\/www\/html\/notas\/wp-content\/uploads\/2018\/07\/WhatsApp-Image-2018-07-20-at-11.18oo-225x300.jpg\" alt=\"\" width=\"225\" height=\"300\" srcset=\"https:\/\/www.elsindical.com.ar\/notas\/var\/www\/html\/notas\/wp-content\/uploads\/2018\/07\/WhatsApp-Image-2018-07-20-at-11.18oo-225x300.jpg 225w, https:\/\/www.elsindical.com.ar\/notas\/var\/www\/html\/notas\/wp-content\/uploads\/2018\/07\/WhatsApp-Image-2018-07-20-at-11.18oo.jpg 768w\" sizes=\"auto, (max-width: 225px) 100vw, 225px\" \/><\/a> <a href=\"http:\/\/www.elsindical.com.ar\/notas\/var\/www\/html\/notas\/wp-content\/uploads\/2018\/07\/WhatsApp-Image-2018-07-20-at-11.18u.jpg\"><img loading=\"lazy\" decoding=\"async\" class=\"alignnone size-medium wp-image-79952\" src=\"http:\/\/www.elsindical.com.ar\/notas\/var\/www\/html\/notas\/wp-content\/uploads\/2018\/07\/WhatsApp-Image-2018-07-20-at-11.18u-225x300.jpg\" alt=\"\" width=\"225\" height=\"300\" srcset=\"https:\/\/www.elsindical.com.ar\/notas\/var\/www\/html\/notas\/wp-content\/uploads\/2018\/07\/WhatsApp-Image-2018-07-20-at-11.18u-225x300.jpg 225w, https:\/\/www.elsindical.com.ar\/notas\/var\/www\/html\/notas\/wp-content\/uploads\/2018\/07\/WhatsApp-Image-2018-07-20-at-11.18u.jpg 768w\" sizes=\"auto, (max-width: 225px) 100vw, 225px\" \/><\/a><\/p>\n<p><iframe loading=\"lazy\" src=\"https:\/\/www.youtube.com\/embed\/u3bqkfIPKAw\" width=\"580\" height=\"420\" frameborder=\"0\" allowfullscreen=\"allowfullscreen\"><span data-mce-type=\"bookmark\" style=\"display: inline-block; width: 0px; overflow: hidden; line-height: 0;\" class=\"mce_SELRES_start\">\ufeff<\/span><\/iframe><\/p>\n<p><strong>Fuentes: Jefatura Departamental de Seguridad Lan\u00fas<\/strong><\/p>\n<p><strong>\u00a0 \u00a0 \u00a0 \u00a0 \u00a0 \u00a0 \u00a0 \u00a0 Prensa Ministerio de Seguridad de la Provincia de Buenos Aires<\/strong><\/p>\n","protected":false},"excerpt":{"rendered":"<p>Una banda de trapitos extorsionadores que\u00a0\u00a0a punta de arma amenazaba a personas en las inmediaciones de las ferias La Salada y Urkupi\u00f1a exigi\u00e9ndoles dinero por estacionar los autos, fue desbaratada en las \u00faltimas horas por la Polic\u00eda de la Provincia de Buenos Aires luego de un\u00a0\u00a0allanamiento que permiti\u00f3 la aprehensi\u00f3n de dos personas y el&hellip;<\/p>\n","protected":false},"author":1,"featured_media":79950,"comment_status":"open","ping_status":"open","sticky":false,"template":"","format":"standard","meta":{"footnotes":""},"categories":[22],"tags":[138,424,22301,2236,2792,23294,9435],"class_list":["post-79949","post","type-post","status-publish","format-standard","has-post-thumbnail","hentry","category-policiales","tag-allanamiento","tag-armas","tag-comisario-mayor-javier-carlos-villar","tag-extorsion","tag-gad","tag-jefatura-departamental-avellaneda-lanus-lomas","tag-trapitos"],"_links":{"self":[{"href":"https:\/\/www.elsindical.com.ar\/notas\/wp-json\/wp\/v2\/posts\/79949","targetHints":{"allow":["GET"]}}],"collection":[{"href":"https:\/\/www.elsindical.com.ar\/notas\/wp-json\/wp\/v2\/posts"}],"about":[{"href":"https:\/\/www.elsindical.com.ar\/notas\/wp-json\/wp\/v2\/types\/post"}],"author":[{"embeddable":true,"href":"https:\/\/www.elsindical.com.ar\/notas\/wp-json\/wp\/v2\/users\/1"}],"replies":[{"embeddable":true,"href":"https:\/\/www.elsindical.com.ar\/notas\/wp-json\/wp\/v2\/comments?post=79949"}],"version-history":[{"count":1,"href":"https:\/\/www.elsindical.com.ar\/notas\/wp-json\/wp\/v2\/posts\/79949\/revisions"}],"predecessor-version":[{"id":79956,"href":"https:\/\/www.elsindical.com.ar\/notas\/wp-json\/wp\/v2\/posts\/79949\/revisions\/79956"}],"wp:featuredmedia":[{"embeddable":true,"href":"https:\/\/www.elsindical.com.ar\/notas\/wp-json\/wp\/v2\/media\/79950"}],"wp:attachment":[{"href":"https:\/\/www.elsindical.com.ar\/notas\/wp-json\/wp\/v2\/media?parent=79949"}],"wp:term":[{"taxonomy":"category","embeddable":true,"href":"https:\/\/www.elsindical.com.ar\/notas\/wp-json\/wp\/v2\/categories?post=79949"},{"taxonomy":"post_tag","embeddable":true,"href":"https:\/\/www.elsindical.com.ar\/notas\/wp-json\/wp\/v2\/tags?post=79949"}],"curies":[{"name":"wp","href":"https:\/\/api.w.org\/{rel}","templated":true}]}}