{"id":79857,"date":"2018-07-17T08:20:34","date_gmt":"2018-07-17T11:20:34","guid":{"rendered":"http:\/\/www.elsindical.com.ar\/notas\/?p=79857"},"modified":"2018-07-17T08:20:34","modified_gmt":"2018-07-17T11:20:34","slug":"%e2%99%acfiesta-clandestina-presenta-tokyo-ska-paradise-orchestra-en-groove%e2%9a%a1","status":"publish","type":"post","link":"https:\/\/www.elsindical.com.ar\/notas\/%e2%99%acfiesta-clandestina-presenta-tokyo-ska-paradise-orchestra-en-groove%e2%9a%a1\/","title":{"rendered":"\u266c\u00a1Fiesta Clandestina presenta: Tokyo Ska Paradise Orchestra en Groove!\u26a1"},"content":{"rendered":"<table border=\"0\" cellspacing=\"0\" cellpadding=\"0\">\n<tbody>\n<tr>\n<td class=\"stack-column\" valign=\"top\">\n<div align=\"center\">Fiesta Clandestina presenta&#8230;<\/div>\n<\/td>\n<\/tr>\n<\/tbody>\n<\/table>\n<table border=\"0\" cellspacing=\"0\" cellpadding=\"0\">\n<tbody>\n<tr>\n<td class=\"stack-column\" valign=\"top\">\n<div align=\"center\">Tokyo Ska Paradise Orchestra<\/div>\n<\/td>\n<\/tr>\n<\/tbody>\n<\/table>\n<table border=\"0\" cellspacing=\"0\" cellpadding=\"0\">\n<tbody>\n<tr>\n<td class=\"stack-column\" valign=\"top\">\n<div>\n<div>S\u00e1bado 25 de agosto, 23hs.<br \/>\nFIESTA CLANDESTINA EN GROOVE<br \/>\n&gt;&gt; Av. Santa Fe 4389, Palermo &lt;&lt;<br \/>\nJUNTO A DANCING MOOD<\/div>\n<\/div>\n<\/td>\n<\/tr>\n<\/tbody>\n<\/table>\n<table border=\"0\" cellspacing=\"0\" cellpadding=\"0\">\n<tbody>\n<tr class=\"\">\n<td class=\"stack-column\" align=\"center\" valign=\"top\">\n<div class=\"eddie-wrapper\"><a class=\"\" title=\"Este enlace externo se abrir\u00e1 en una nueva ventana\" href=\"http:\/\/trk.news.rockyreggae.com\/pl\/c?t=XgkRy9K3epOFUnbUYVldSaSit0XFyJ1VJHCiXpzYEPrFat8sY2CvWC_i2tmR0tcs-W4_5TL97ku-%0AUE3bz41gq6h5j69-aYAFp3g3Uwnn0tuAVN0oFXIVP_NDnrQuxKWMwGWRBb_1Hnw%3D\" target=\"_blank\" rel=\"noopener\">Anticipadas por Ticketek<\/a><\/div>\n<div class=\"\" align=\"center\"><a title=\"Este enlace externo se abrir\u00e1 en una nueva ventana\" href=\"http:\/\/trk.news.rockyreggae.com\/pl\/c?t=XgkRy9K3epOFUnbUYVldSaSit0XFyJ1VJHCiXpzYEPrFat8sY2CvWC_i2tmR0tcs-W4_5TL97ku-%0AUE3bz41gq6h5j69-aYAFp3g3Uwnn0tuAVN0oFXIVP_NDnrQuxKWMwGWRBb_1Hnw%3D\" target=\"_blank\" rel=\"noopener\">http:\/\/www.ticketek.com.ar\/tokyo-ska-paradise-orchestra-dancing-mood\/groove<\/a><\/div>\n<\/td>\n<\/tr>\n<\/tbody>\n<\/table>\n<table border=\"0\" cellspacing=\"0\" cellpadding=\"0\">\n<tbody>\n<tr>\n<td class=\"stack-column\" align=\"center\" valign=\"top\">\n<div class=\"eddie-wrapper\"><img decoding=\"async\" class=\"fluid\" src=\"http:\/\/cdn.pemres01.net\/2277\/tokyo-ska-paradise-orchestra-960-x-400-2.jpg\" alt=\"\" width=\"660\" height=\"auto\" \/><\/div>\n<\/td>\n<\/tr>\n<\/tbody>\n<\/table>\n<table border=\"0\" cellspacing=\"0\" cellpadding=\"0\">\n<tbody>\n<tr>\n<td class=\"stack-column\" valign=\"top\">\n<div><\/div>\n<\/td>\n<\/tr>\n<\/tbody>\n<\/table>\n<table border=\"0\" cellspacing=\"0\" cellpadding=\"0\">\n<tbody>\n<tr>\n<td class=\"stack-column\" valign=\"top\">\n<div>\n<div>\n<div>El combo se conform\u00f3 en 1989 en Tokio, Jap\u00f3n, y este 2018 regresar\u00e1n al continente americano para promover el que ser\u00e1 su nuevo \u00e1lbum de estudio, el n\u00famero 20 en su amplia discograf\u00eda, y que lleva por t\u00edtulo \u201cParadise has no border\u201d. Nargo, Masahiko Kitahara, Tatsuyuki Hiyamuta, Gamou, Atsushi Yanaka, Yuichi Oki, Takashi Kato, Tsuyoshi Kawakami, Hajime Ohmori y Kin-ichi Motegi, estar\u00e1n de regreso Buenos Aires para ofrecer un show explosivo y bailable tal como es su costumbre.<\/div>\n<div><\/div>\n<div>Tokyo Ska Paradise Orchestra se ha consagrado como una de las m\u00e1ximas agrupaciones del g\u00e9nero, gracias a su m\u00fasica llena de color, efusividad y ritmo. Esta magistral agrupaci\u00f3n se ha presentado a lo largo y ancho del mundo, logrando con su m\u00fasica, ganarse un lugar importante en el cari\u00f1o del p\u00fablico junto a bandas de culto como Madness y The Specials.<\/div>\n<div><\/div>\n<div>El pr\u00f3ximo s\u00e1bado 25 de agosto se presentar\u00e1n en el marco de la Fiesta Clandestina en Groove (Av. Santa Fe 4389 &#8211; Palermo) junto a Dancing Mood.<\/div>\n<\/div>\n<\/div>\n<\/td>\n<\/tr>\n<\/tbody>\n<\/table>\n<table border=\"0\" cellspacing=\"0\" cellpadding=\"0\">\n<tbody>\n<tr>\n<td class=\"stack-column\" valign=\"top\">\n<div>\n<div>Produce Rock&amp;Reggae<\/div>\n<\/div>\n<div>\n<div>Prensa y difusi\u00f3n<\/div>\n<div>prensa@rockyreggae.com.ar<\/div>\n<div>Por notas y acreditaciones.<\/div>\n<\/div>\n<\/td>\n<\/tr>\n<\/tbody>\n<\/table>\n","protected":false},"excerpt":{"rendered":"<p>Fiesta Clandestina presenta&#8230; Tokyo Ska Paradise Orchestra S\u00e1bado 25 de agosto, 23hs. FIESTA CLANDESTINA EN GROOVE &gt;&gt; Av. Santa Fe 4389, Palermo &lt;&lt; JUNTO A DANCING MOOD Anticipadas por Ticketek http:\/\/www.ticketek.com.ar\/tokyo-ska-paradise-orchestra-dancing-mood\/groove El combo se conform\u00f3 en 1989 en Tokio, Jap\u00f3n, y este 2018 regresar\u00e1n al continente americano para promover el que ser\u00e1 su nuevo \u00e1lbum&hellip;<\/p>\n","protected":false},"author":1,"featured_media":79858,"comment_status":"open","ping_status":"open","sticky":false,"template":"","format":"standard","meta":{"footnotes":""},"categories":[15],"tags":[29223,17305,13797,29222],"class_list":["post-79857","post","type-post","status-publish","format-standard","has-post-thumbnail","hentry","category-espectaculos","tag-dancing-mood","tag-fiesta-clandestina","tag-groove","tag-tokyo-ska-paradise"],"_links":{"self":[{"href":"https:\/\/www.elsindical.com.ar\/notas\/wp-json\/wp\/v2\/posts\/79857","targetHints":{"allow":["GET"]}}],"collection":[{"href":"https:\/\/www.elsindical.com.ar\/notas\/wp-json\/wp\/v2\/posts"}],"about":[{"href":"https:\/\/www.elsindical.com.ar\/notas\/wp-json\/wp\/v2\/types\/post"}],"author":[{"embeddable":true,"href":"https:\/\/www.elsindical.com.ar\/notas\/wp-json\/wp\/v2\/users\/1"}],"replies":[{"embeddable":true,"href":"https:\/\/www.elsindical.com.ar\/notas\/wp-json\/wp\/v2\/comments?post=79857"}],"version-history":[{"count":1,"href":"https:\/\/www.elsindical.com.ar\/notas\/wp-json\/wp\/v2\/posts\/79857\/revisions"}],"predecessor-version":[{"id":79859,"href":"https:\/\/www.elsindical.com.ar\/notas\/wp-json\/wp\/v2\/posts\/79857\/revisions\/79859"}],"wp:featuredmedia":[{"embeddable":true,"href":"https:\/\/www.elsindical.com.ar\/notas\/wp-json\/wp\/v2\/media\/79858"}],"wp:attachment":[{"href":"https:\/\/www.elsindical.com.ar\/notas\/wp-json\/wp\/v2\/media?parent=79857"}],"wp:term":[{"taxonomy":"category","embeddable":true,"href":"https:\/\/www.elsindical.com.ar\/notas\/wp-json\/wp\/v2\/categories?post=79857"},{"taxonomy":"post_tag","embeddable":true,"href":"https:\/\/www.elsindical.com.ar\/notas\/wp-json\/wp\/v2\/tags?post=79857"}],"curies":[{"name":"wp","href":"https:\/\/api.w.org\/{rel}","templated":true}]}}