{"id":79848,"date":"2018-07-16T23:52:36","date_gmt":"2018-07-17T02:52:36","guid":{"rendered":"http:\/\/www.elsindical.com.ar\/notas\/?p=79848"},"modified":"2018-07-16T23:52:36","modified_gmt":"2018-07-17T02:52:36","slug":"mar-del-plata-astillero-toman-un-edificio-luego-de-que-macri-dijera-que-habia-que-dinamitar-la-empresa","status":"publish","type":"post","link":"https:\/\/www.elsindical.com.ar\/notas\/mar-del-plata-astillero-toman-un-edificio-luego-de-que-macri-dijera-que-habia-que-dinamitar-la-empresa\/","title":{"rendered":"Mar del Plata: Astillero: toman un edificio luego de que Macri dijera que hab\u00eda que \u201cdinamitar\u201d la empresa"},"content":{"rendered":"<p><em><a href=\"http:\/\/www.elsindical.com.ar\/notas\/var\/www\/html\/notas\/wp-content\/uploads\/2018\/07\/protesta-Astilleros-R\u00edo-Santiago-contra-Macri.jpeg\"><img loading=\"lazy\" decoding=\"async\" class=\"alignnone size-medium wp-image-79849\" src=\"http:\/\/www.elsindical.com.ar\/notas\/var\/www\/html\/notas\/wp-content\/uploads\/2018\/07\/protesta-Astilleros-R\u00edo-Santiago-contra-Macri-300x200.jpeg\" alt=\"\" width=\"300\" height=\"200\" srcset=\"https:\/\/www.elsindical.com.ar\/notas\/var\/www\/html\/notas\/wp-content\/uploads\/2018\/07\/protesta-Astilleros-R\u00edo-Santiago-contra-Macri-300x200.jpeg 300w, https:\/\/www.elsindical.com.ar\/notas\/var\/www\/html\/notas\/wp-content\/uploads\/2018\/07\/protesta-Astilleros-R\u00edo-Santiago-contra-Macri-450x300.jpeg 450w, https:\/\/www.elsindical.com.ar\/notas\/var\/www\/html\/notas\/wp-content\/uploads\/2018\/07\/protesta-Astilleros-R\u00edo-Santiago-contra-Macri.jpeg 680w\" sizes=\"auto, (max-width: 300px) 100vw, 300px\" \/><\/a>\u00a0 \u00a0Los trabajadores de Astilleros R\u00edo Santiago se encuentran en una toma pac\u00edfica de las oficinas administrativas de la empresa, en protesta por las frases de Macri: \u201cAl Astillero hay que dinamitarlo\u201d, dijo hace poco en Mar del Plata.<\/em><\/p>\n<p>Esta ma\u00f1ana, trabajadores del Astillero R\u00edo Santiago decidieron tomar las oficinas de Direcci\u00f3n de la empresa, para repudiar las declaraciones del presidente luego de que confesara que al Astillero \u201chab\u00eda que dinamitarlo\u201d.<\/p>\n<p>Todo sucedi\u00f3 en la reuni\u00f3n de Macri con familiares de los tripulantes de los buques pesqueros San Antonio, Repunte y Rigel en Mar del Plata, donde no se pudo esquivar a las controversias.<\/p>\n<p>Como anticip\u00f3 este medio, los allegados a los submarinistas del ARA San Juan confirmaron que el presidente decidi\u00f3 no recibirlos, mientras por estas horas permanecen encadenados en las inmediaciones de la Casa Rosada exigiendo que el gobierno reanude la b\u00fasqueda del submarino desaparecido.<\/p>\n<p>Sin embargo, no solo dispar\u00f3 esa pol\u00e9mica, sino que una frase desafortunada que habr\u00eda dicho el primer mandatario despert\u00f3 la bronca de los trabajadores del Astillero R\u00edo Santiago.<\/p>\n<p>Luego de que familiares y tripulantes le preguntaran a Macri los motivos de por qu\u00e9 el pa\u00eds compraba embarcaciones en el exterior, en lugar de fabricarlos en el Astillero de Ensenada, el presidente se hizo eco de las palabras del empresario naviero Vito Contessi, quien le hab\u00eda sugerido que \u201cal Astillero habr\u00eda que dinamitarlo\u201d.<\/p>\n<p>Curiosamente, Contessi es uno de los due\u00f1os de un Astillero que lleva su nombre, y est\u00e1 ubicado en Mar del Plata.<\/p>\n<p>Inmediatamente los trabajadores del Astillero R\u00edo Santiago sacaron un comunicado repudiando las palabras del presidente y esta ma\u00f1ana optaron tomar las oficinas de la Direcci\u00f3n de la empresa, en espera a una respuesta oficial sobre las declaraciones de Macri.<\/p>\n<p>En el documento emitido, aseguraron que sus dichos fueron \u201cun ataque directo a la rica historia de los trabajadores del Astillero R\u00edo Santiago, que no debemos dejar pasar\u201d.<\/p>\n<p>\u201cDecididamente fue la gota que rebals\u00f3 el vaso, y hace reafirmar que no s\u00f3lo el gobierno le ha dado la espalda al Astillero R\u00edo Santiago y a toda la industria naval, sino que tambi\u00e9n pretende desprestigiarlo p\u00fablicamente\u201d, manifestaron.<\/p>\n<p>Esta ma\u00f1ana, los trabajadores y el respaldo de la Comisi\u00f3n Administrativa de ATE Ensenada, decidieron tomar las oficinas de Direcci\u00f3n de la empresa.<\/p>\n<p>\u201cEstas declaraciones de inusitada violencia y que generan apolog\u00eda de delito, exigen una respuesta inmediata. A su vez, los trabajadores de la f\u00e1brica se encuentran concentrados a la expectativa para analizar medidas de fuerza a seguir\u201d, explicaron.<\/p>\n<p>La situaci\u00f3n de la empresa estatal es cr\u00edtica. Desde hace varios meses, muchos de sus operarios se encuentran parados por falta de obras y sus delegados le exigen al gobierno provincial de Mar\u00eda Eugenia Vidal, as\u00ed como el nacional, que reactive la producci\u00f3n de embarcaciones.<\/p>\n<p><a href=\"http:\/\/www.elsindical.com.ar\/notas\/var\/www\/html\/notas\/wp-content\/uploads\/2018\/07\/Macri-con-Vito-Contessi.jpg\"><img loading=\"lazy\" decoding=\"async\" class=\"alignnone size-medium wp-image-79850\" src=\"http:\/\/www.elsindical.com.ar\/notas\/var\/www\/html\/notas\/wp-content\/uploads\/2018\/07\/Macri-con-Vito-Contessi-300x168.jpg\" alt=\"\" width=\"300\" height=\"168\" srcset=\"https:\/\/www.elsindical.com.ar\/notas\/var\/www\/html\/notas\/wp-content\/uploads\/2018\/07\/Macri-con-Vito-Contessi-300x168.jpg 300w, https:\/\/www.elsindical.com.ar\/notas\/var\/www\/html\/notas\/wp-content\/uploads\/2018\/07\/Macri-con-Vito-Contessi-500x279.jpg 500w, https:\/\/www.elsindical.com.ar\/notas\/var\/www\/html\/notas\/wp-content\/uploads\/2018\/07\/Macri-con-Vito-Contessi.jpg 630w\" sizes=\"auto, (max-width: 300px) 100vw, 300px\" \/><\/a><\/p>\n","protected":false},"excerpt":{"rendered":"<p>\u00a0 \u00a0Los trabajadores de Astilleros R\u00edo Santiago se encuentran en una toma pac\u00edfica de las oficinas administrativas de la empresa, en protesta por las frases de Macri: \u201cAl Astillero hay que dinamitarlo\u201d, dijo hace poco en Mar del Plata. Esta ma\u00f1ana, trabajadores del Astillero R\u00edo Santiago decidieron tomar las oficinas de Direcci\u00f3n de la empresa,&hellip;<\/p>\n","protected":false},"author":1,"featured_media":79849,"comment_status":"open","ping_status":"open","sticky":false,"template":"","format":"standard","meta":{"footnotes":""},"categories":[25],"tags":[14356,29220,979,1673,76,292],"class_list":["post-79848","post","type-post","status-publish","format-standard","has-post-thumbnail","hentry","category-sociedad","tag-ara","tag-astilleros-rio-santiago","tag-casa-rosada","tag-mar-del-plata","tag-mauricio-macri","tag-protesta"],"_links":{"self":[{"href":"https:\/\/www.elsindical.com.ar\/notas\/wp-json\/wp\/v2\/posts\/79848","targetHints":{"allow":["GET"]}}],"collection":[{"href":"https:\/\/www.elsindical.com.ar\/notas\/wp-json\/wp\/v2\/posts"}],"about":[{"href":"https:\/\/www.elsindical.com.ar\/notas\/wp-json\/wp\/v2\/types\/post"}],"author":[{"embeddable":true,"href":"https:\/\/www.elsindical.com.ar\/notas\/wp-json\/wp\/v2\/users\/1"}],"replies":[{"embeddable":true,"href":"https:\/\/www.elsindical.com.ar\/notas\/wp-json\/wp\/v2\/comments?post=79848"}],"version-history":[{"count":1,"href":"https:\/\/www.elsindical.com.ar\/notas\/wp-json\/wp\/v2\/posts\/79848\/revisions"}],"predecessor-version":[{"id":79851,"href":"https:\/\/www.elsindical.com.ar\/notas\/wp-json\/wp\/v2\/posts\/79848\/revisions\/79851"}],"wp:featuredmedia":[{"embeddable":true,"href":"https:\/\/www.elsindical.com.ar\/notas\/wp-json\/wp\/v2\/media\/79849"}],"wp:attachment":[{"href":"https:\/\/www.elsindical.com.ar\/notas\/wp-json\/wp\/v2\/media?parent=79848"}],"wp:term":[{"taxonomy":"category","embeddable":true,"href":"https:\/\/www.elsindical.com.ar\/notas\/wp-json\/wp\/v2\/categories?post=79848"},{"taxonomy":"post_tag","embeddable":true,"href":"https:\/\/www.elsindical.com.ar\/notas\/wp-json\/wp\/v2\/tags?post=79848"}],"curies":[{"name":"wp","href":"https:\/\/api.w.org\/{rel}","templated":true}]}}