{"id":79750,"date":"2018-07-14T07:19:39","date_gmt":"2018-07-14T10:19:39","guid":{"rendered":"http:\/\/www.elsindical.com.ar\/notas\/?p=79750"},"modified":"2018-07-14T07:19:39","modified_gmt":"2018-07-14T10:19:39","slug":"cambiemos-ya-tiene-su-primer-condenado-por-corrupcion","status":"publish","type":"post","link":"https:\/\/www.elsindical.com.ar\/notas\/cambiemos-ya-tiene-su-primer-condenado-por-corrupcion\/","title":{"rendered":"Cambiemos ya tiene su primer condenado por corrupci\u00f3n"},"content":{"rendered":"<p class=\"bajada\"><em>\u00a0 <a href=\"http:\/\/www.elsindical.com.ar\/notas\/var\/www\/html\/notas\/wp-content\/uploads\/2018\/07\/Walter-Ledesma.jpg\"><img loading=\"lazy\" decoding=\"async\" class=\"alignnone size-medium wp-image-79751\" src=\"http:\/\/www.elsindical.com.ar\/notas\/var\/www\/html\/notas\/wp-content\/uploads\/2018\/07\/Walter-Ledesma-300x179.jpg\" alt=\"\" width=\"300\" height=\"179\" srcset=\"https:\/\/www.elsindical.com.ar\/notas\/var\/www\/html\/notas\/wp-content\/uploads\/2018\/07\/Walter-Ledesma-300x179.jpg 300w, https:\/\/www.elsindical.com.ar\/notas\/var\/www\/html\/notas\/wp-content\/uploads\/2018\/07\/Walter-Ledesma-500x298.jpg 500w, https:\/\/www.elsindical.com.ar\/notas\/var\/www\/html\/notas\/wp-content\/uploads\/2018\/07\/Walter-Ledesma.jpg 620w\" sizes=\"auto, (max-width: 300px) 100vw, 300px\" \/><\/a>Tras un juicio abreviado, Walter Ledesma, ex jefe de inspecci\u00f3n general de la municipalidad de Jun\u00edn, fue condenado a dos a\u00f1os de prisi\u00f3n de \u00abcumplimiento en suspenso\u00bb por malversaci\u00f3n de caudales p\u00fablicos. Estaba procesado por haber adquirido materiales para la construcci\u00f3n a nombre del Municipio, que deriv\u00f3 a un lote propiedad de su novia.<\/em><\/p>\n<p>El intendente Pablo Petrecca, a dos a\u00f1os y siete meses de gesti\u00f3n, tiene su primer funcionario condenado por corrupci\u00f3n tras llegar al cargo con una empalagosa campa\u00f1a de \u201ctransparencia\u201d que hasta el momento no ha podido sostener.<\/p>\n<p>Seg\u00fan publica este viernes en su sitio web, Semanario de Jun\u00edn, el ex jefe de Inspecci\u00f3n General del municipio, Walter Ledesma, hombre del \u201cri\u00f1\u00f3n\u201d del jefe comunal, fue condenado -tras un juicio abreviado- a dos a\u00f1os de prisi\u00f3n de\u00a0\u00abcumplimiento en suspenso\u00bb, por malversaci\u00f3n de caudales p\u00fablicos, tras ser denunciado a fines del octubre 2017 por propio Petrecca.<\/p>\n<p>La resoluci\u00f3n, ratificada en el Juzgado Correccional, fue confirmada a\u00a0Semanario\u00a0por el fiscal Javier Ochoaizpuro, titular de la UFIJ N\u00ba 2 del Departamento Judicial de Jun\u00edn, donde fue radicada oportunamente la denuncia.<\/p>\n<p>El ex funcionario petrequista estaba procesado por haber adquirido materiales para la construcci\u00f3n a nombre de la municipalidad en el corral\u00f3n Fortehouse (Circunvalaci\u00f3n y Ruta 188), por un monto aproximado de $16.000, que luego deriv\u00f3 a un lote propiedad de su novia, ubicado en Proyecto Alvear.<\/p>\n<p>Esta maniobra fue descubierta por el entorno del Ejecutivo, y habr\u00eda alertado al Intendente quien, en persona, y acompa\u00f1ado por la secretaria de Gobierno, Agustina de Miguel y el secretario de Seguridad, Fabi\u00e1n Claudio, radic\u00f3 la correspondiente denuncia judicial.(<strong>InfoGEI<\/strong>)Jd<\/p>\n","protected":false},"excerpt":{"rendered":"<p>\u00a0 Tras un juicio abreviado, Walter Ledesma, ex jefe de inspecci\u00f3n general de la municipalidad de Jun\u00edn, fue condenado a dos a\u00f1os de prisi\u00f3n de \u00abcumplimiento en suspenso\u00bb por malversaci\u00f3n de caudales p\u00fablicos. Estaba procesado por haber adquirido materiales para la construcci\u00f3n a nombre del Municipio, que deriv\u00f3 a un lote propiedad de su novia.&hellip;<\/p>\n","protected":false},"author":1,"featured_media":79751,"comment_status":"open","ping_status":"open","sticky":false,"template":"","format":"standard","meta":{"footnotes":""},"categories":[20],"tags":[22169,27539,29210],"class_list":["post-79750","post","type-post","status-publish","format-standard","has-post-thumbnail","hentry","category-judiciales","tag-cambiemos","tag-pablo-petrecca","tag-walter-ledesma"],"_links":{"self":[{"href":"https:\/\/www.elsindical.com.ar\/notas\/wp-json\/wp\/v2\/posts\/79750","targetHints":{"allow":["GET"]}}],"collection":[{"href":"https:\/\/www.elsindical.com.ar\/notas\/wp-json\/wp\/v2\/posts"}],"about":[{"href":"https:\/\/www.elsindical.com.ar\/notas\/wp-json\/wp\/v2\/types\/post"}],"author":[{"embeddable":true,"href":"https:\/\/www.elsindical.com.ar\/notas\/wp-json\/wp\/v2\/users\/1"}],"replies":[{"embeddable":true,"href":"https:\/\/www.elsindical.com.ar\/notas\/wp-json\/wp\/v2\/comments?post=79750"}],"version-history":[{"count":1,"href":"https:\/\/www.elsindical.com.ar\/notas\/wp-json\/wp\/v2\/posts\/79750\/revisions"}],"predecessor-version":[{"id":79752,"href":"https:\/\/www.elsindical.com.ar\/notas\/wp-json\/wp\/v2\/posts\/79750\/revisions\/79752"}],"wp:featuredmedia":[{"embeddable":true,"href":"https:\/\/www.elsindical.com.ar\/notas\/wp-json\/wp\/v2\/media\/79751"}],"wp:attachment":[{"href":"https:\/\/www.elsindical.com.ar\/notas\/wp-json\/wp\/v2\/media?parent=79750"}],"wp:term":[{"taxonomy":"category","embeddable":true,"href":"https:\/\/www.elsindical.com.ar\/notas\/wp-json\/wp\/v2\/categories?post=79750"},{"taxonomy":"post_tag","embeddable":true,"href":"https:\/\/www.elsindical.com.ar\/notas\/wp-json\/wp\/v2\/tags?post=79750"}],"curies":[{"name":"wp","href":"https:\/\/api.w.org\/{rel}","templated":true}]}}