{"id":797,"date":"2009-10-02T15:52:45","date_gmt":"2009-10-02T18:52:45","guid":{"rendered":"http:\/\/www.elsindical.com.ar\/notas\/?p=797"},"modified":"2009-10-02T15:52:45","modified_gmt":"2009-10-02T18:52:45","slug":"ezeiza-denuncian-maltrato-animal-e-inaccion-de-las-autoridades","status":"publish","type":"post","link":"https:\/\/www.elsindical.com.ar\/notas\/ezeiza-denuncian-maltrato-animal-e-inaccion-de-las-autoridades\/","title":{"rendered":"Ezeiza: Denuncian maltrato animal e inacci\u00f3n de las autoridades"},"content":{"rendered":"<p style=\"text-align: justify;\"><img loading=\"lazy\" decoding=\"async\" class=\"alignleft size-full wp-image-798\" title=\"Benet\" src=\"http:\/\/www.elsindical.com.ar\/notas\/var\/www\/html\/notas\/wp-content\/uploads\/2009\/10\/Benet.jpg\" alt=\"Benet\" width=\"312\" height=\"234\" srcset=\"https:\/\/www.elsindical.com.ar\/notas\/var\/www\/html\/notas\/wp-content\/uploads\/2009\/10\/Benet.jpg 312w, https:\/\/www.elsindical.com.ar\/notas\/var\/www\/html\/notas\/wp-content\/uploads\/2009\/10\/Benet-300x225.jpg 300w\" sizes=\"auto, (max-width: 312px) 100vw, 312px\" \/>Reproducimos comunicado de prensa:<\/p>\n<div style=\"text-align: justify;\">escribo para denunciar a una \u00abbestia ignorante\u00bb que roci\u00f3 con nafta a un perro del barrio,es un perro callejero de aprox 15 a\u00f1os,<br \/>\nque hace mucho que vive en la calle, llamado Benet.<\/p>\n<p>Actualmente el perro tiene graves quemaduras, necesita cremas para el cuerpo y antibi\u00f3ticos para los o\u00eddos ya que perdi\u00f3 las orejas, la audici\u00f3n y el equilibrio.<br \/>\nFue operado en una veterinaria de Ezeiza que est\u00e1 ayudando ya el tratamiento es muy costoso y gracias a los vecinos y a gente que se ofreci\u00f3 a pagar los remedios est\u00e1 recuperandose.<br \/>\nLa persona que lo quem\u00f3 se llama <strong>RICARDO ECKER<\/strong> y vive en los departamentos de <strong>Ezeiza 2 Ruta 205 km 36<\/strong> <strong>edificio 5 departamento 3.<br \/>\n<\/strong><br \/>\nEste ser cuando ve que est\u00e1n curando al perro pasa y escupe e insulta a los vecinos que lo asisten.<br \/>\nEspero que lo pasen por todos lados ya que la polic\u00eda de la zona a\u00fan no respondi\u00f3 a las denuncias y me gustar\u00eda que nos contacte alguna protectora de animales.<br \/>\nMe gustar\u00eda que Ra\u00fal Portal lo denuncie en su programa. si quieren nos pueden llamar y as\u00ed ponemos cartelesen el barrio para que todos los vecinos lo puedan verAs\u00ed como pusimos las fotos de Benet ahora en todo Ezeiza<\/p>\n<p>El n\u00famero es 011-36030106 preguntar por Leonaro Reynaga.<\/p>\n<p>Desde ya muchisimas gracias por ayudarnos!!!<\/p>\n<p>DENUNCIEMOS ESTOS HECHOS &#8230;.<br \/>\nAYUDEMOS ALOS SIN VOZ Y QUE NADIE QUEDE IMPUNE!!<br \/>\nlink: <a rel=\"nofollow\" href=\"http:\/\/www.fotolog.com\/karinita_25\/38024325?utm_campaign=share&amp;utm_source=fbc\" target=\"_blank\"><span>http:\/\/www.fotolog.com\/kar<\/span><span>inita_25\/38024325?utm_camp<\/span>aign=share&amp;utm_source=fbc<\/a><\/div>\n<div style=\"text-align: justify;\">\n<h4 id=\"profile_name\" style=\"text-align: justify;\">Mar\u00eda Laura Bisso<\/h4>\n<\/div>\n","protected":false},"excerpt":{"rendered":"<p>Reproducimos comunicado de prensa: escribo para denunciar a una \u00abbestia ignorante\u00bb que roci\u00f3 con nafta a un perro del barrio,es un perro callejero de aprox 15 a\u00f1os, que hace mucho que vive en la calle, llamado Benet. Actualmente el perro tiene graves quemaduras, necesita cremas para el cuerpo y antibi\u00f3ticos para los o\u00eddos ya que&hellip;<\/p>\n","protected":false},"author":1,"featured_media":0,"comment_status":"open","ping_status":"open","sticky":false,"template":"","format":"standard","meta":{"footnotes":""},"categories":[6],"tags":[175,467,468],"class_list":["post-797","post","type-post","status-publish","format-standard","hentry","category-denuncias","tag-denuncia","tag-maltrato-animal","tag-perros"],"_links":{"self":[{"href":"https:\/\/www.elsindical.com.ar\/notas\/wp-json\/wp\/v2\/posts\/797","targetHints":{"allow":["GET"]}}],"collection":[{"href":"https:\/\/www.elsindical.com.ar\/notas\/wp-json\/wp\/v2\/posts"}],"about":[{"href":"https:\/\/www.elsindical.com.ar\/notas\/wp-json\/wp\/v2\/types\/post"}],"author":[{"embeddable":true,"href":"https:\/\/www.elsindical.com.ar\/notas\/wp-json\/wp\/v2\/users\/1"}],"replies":[{"embeddable":true,"href":"https:\/\/www.elsindical.com.ar\/notas\/wp-json\/wp\/v2\/comments?post=797"}],"version-history":[{"count":2,"href":"https:\/\/www.elsindical.com.ar\/notas\/wp-json\/wp\/v2\/posts\/797\/revisions"}],"predecessor-version":[{"id":800,"href":"https:\/\/www.elsindical.com.ar\/notas\/wp-json\/wp\/v2\/posts\/797\/revisions\/800"}],"wp:attachment":[{"href":"https:\/\/www.elsindical.com.ar\/notas\/wp-json\/wp\/v2\/media?parent=797"}],"wp:term":[{"taxonomy":"category","embeddable":true,"href":"https:\/\/www.elsindical.com.ar\/notas\/wp-json\/wp\/v2\/categories?post=797"},{"taxonomy":"post_tag","embeddable":true,"href":"https:\/\/www.elsindical.com.ar\/notas\/wp-json\/wp\/v2\/tags?post=797"}],"curies":[{"name":"wp","href":"https:\/\/api.w.org\/{rel}","templated":true}]}}