{"id":79650,"date":"2018-07-09T18:54:59","date_gmt":"2018-07-09T21:54:59","guid":{"rendered":"http:\/\/www.elsindical.com.ar\/notas\/?p=79650"},"modified":"2018-07-09T18:54:59","modified_gmt":"2018-07-09T21:54:59","slug":"en-el-dia-de-la-independencia-oposicion-marcho-al-obelisco-contra-acuerdo-con-el-fmi","status":"publish","type":"post","link":"https:\/\/www.elsindical.com.ar\/notas\/en-el-dia-de-la-independencia-oposicion-marcho-al-obelisco-contra-acuerdo-con-el-fmi\/","title":{"rendered":"En el D\u00eda de la Independencia, oposici\u00f3n march\u00f3 al Obelisco contra acuerdo con el FMI"},"content":{"rendered":"<p><em><span class=\"text description col-xs-8 col-lg-9\">\u00a0 \u00a0<a href=\"http:\/\/www.elsindical.com.ar\/notas\/var\/www\/html\/notas\/wp-content\/uploads\/2018\/07\/9-de-julio-de-2018.jpg\"><img loading=\"lazy\" decoding=\"async\" class=\"alignnone size-medium wp-image-79653\" src=\"http:\/\/www.elsindical.com.ar\/notas\/var\/www\/html\/notas\/wp-content\/uploads\/2018\/07\/9-de-julio-de-2018-300x225.jpg\" alt=\"\" width=\"300\" height=\"225\" srcset=\"https:\/\/www.elsindical.com.ar\/notas\/var\/www\/html\/notas\/wp-content\/uploads\/2018\/07\/9-de-julio-de-2018-300x225.jpg 300w, https:\/\/www.elsindical.com.ar\/notas\/var\/www\/html\/notas\/wp-content\/uploads\/2018\/07\/9-de-julio-de-2018-768x576.jpg 768w, https:\/\/www.elsindical.com.ar\/notas\/var\/www\/html\/notas\/wp-content\/uploads\/2018\/07\/9-de-julio-de-2018-1024x768.jpg 1024w, https:\/\/www.elsindical.com.ar\/notas\/var\/www\/html\/notas\/wp-content\/uploads\/2018\/07\/9-de-julio-de-2018-400x300.jpg 400w, https:\/\/www.elsindical.com.ar\/notas\/var\/www\/html\/notas\/wp-content\/uploads\/2018\/07\/9-de-julio-de-2018.jpg 1170w\" sizes=\"auto, (max-width: 300px) 100vw, 300px\" \/><\/a>El epicentro de la protesta fue en Buenos Aires, con columnas que se desplegaron a lo largo de la Avenida 9 de Julio.<\/span><\/em><\/p>\n<p>Bajo el lema \u00abLa Patria no se rinde\u00bb, agrupaciones kirchneristas, partidos de izquierda, movimientos sociales, sindicatos cr\u00edticos, organismos de Derechos Humanos y agrupaciones de artistas se movilizaron al Obelisco en repudio al acuerdo del Gobierno con el Fondo Monetario Internacional (FMI).<\/p>\n<p>Si bien el epicentro de la protesta ser\u00e1 en Buenos Aires, con columnas que se desplegaron a lo largo de la Avenida 9 de Julio, hubo r\u00e9plicas m\u00e1s chicas en distintos puntos del pa\u00eds.<\/p>\n<p>Se trat\u00f3 de una convocatoria similar a la realizada el pasado 25 de mayo, que se hab\u00eda realizado con la consigna \u00abla Patria est\u00e1 en peligro\u00bb.<\/p>\n<p>Como en aquella oportunidad, la convocatoria fue difundida a trav\u00e9s de las redes sociales por actores afines al kirchnerismo como Alejandra Dar\u00edn, Marina Glezer, Daniel Valenzuela, Luisa Kulliok, Cristina Banegas y Paola Barrientos, adem\u00e1s de las cantantes Adriana Varela, Dolores Sol\u00e1 y Liliana Herrero, la jueza Mar\u00eda Laura Garrig\u00f3s de Rebori, el soci\u00f3logo Horacio Gonz\u00e1lez, los periodistas Titi Fern\u00e1ndez y Cinthia Garc\u00eda, y la locutora Federica Pais, entre muchos otros referentes de la cultura y la sociedad civil.<\/p>\n<p>\u00abCon nuestra bandera, con m\u00fasica y con alegr\u00eda. Ma\u00f1ana le decimos a Macri y al FMI que vamos a seguir luchando por una Patria libre, justa y soberana. Que les quede claro\u00bb, escribi\u00f3 por su parte el diputado del Frente para la Victoria Eduardo \u00abWado\u00bb De Pedro.<\/p>\n<p>Durante el acto en el Obelisco se ley\u00f3 un documento pol\u00edtico y tambi\u00e9n habr\u00e1 shows musicales a cargo de Teresa Parodi, Liliana Herrero, la Chilinga y Arbolito, entre otros.<\/p>\n<p><a href=\"http:\/\/www.elsindical.com.ar\/notas\/var\/www\/html\/notas\/wp-content\/uploads\/2018\/07\/9-de-julio-de-2018-A.jpg\"><img loading=\"lazy\" decoding=\"async\" class=\"alignnone size-medium wp-image-79652\" src=\"http:\/\/www.elsindical.com.ar\/notas\/var\/www\/html\/notas\/wp-content\/uploads\/2018\/07\/9-de-julio-de-2018-A-300x226.jpg\" alt=\"\" width=\"300\" height=\"226\" srcset=\"https:\/\/www.elsindical.com.ar\/notas\/var\/www\/html\/notas\/wp-content\/uploads\/2018\/07\/9-de-julio-de-2018-A-300x226.jpg 300w, https:\/\/www.elsindical.com.ar\/notas\/var\/www\/html\/notas\/wp-content\/uploads\/2018\/07\/9-de-julio-de-2018-A-768x578.jpg 768w, https:\/\/www.elsindical.com.ar\/notas\/var\/www\/html\/notas\/wp-content\/uploads\/2018\/07\/9-de-julio-de-2018-A-1024x770.jpg 1024w, https:\/\/www.elsindical.com.ar\/notas\/var\/www\/html\/notas\/wp-content\/uploads\/2018\/07\/9-de-julio-de-2018-A-399x300.jpg 399w, https:\/\/www.elsindical.com.ar\/notas\/var\/www\/html\/notas\/wp-content\/uploads\/2018\/07\/9-de-julio-de-2018-A.jpg 1170w\" sizes=\"auto, (max-width: 300px) 100vw, 300px\" \/><\/a> <a href=\"http:\/\/www.elsindical.com.ar\/notas\/var\/www\/html\/notas\/wp-content\/uploads\/2018\/07\/9-de-julio-de-2018-B.jpg\"><img loading=\"lazy\" decoding=\"async\" class=\"alignnone size-medium wp-image-79651\" src=\"http:\/\/www.elsindical.com.ar\/notas\/var\/www\/html\/notas\/wp-content\/uploads\/2018\/07\/9-de-julio-de-2018-B-300x214.jpg\" alt=\"\" width=\"300\" height=\"214\" srcset=\"https:\/\/www.elsindical.com.ar\/notas\/var\/www\/html\/notas\/wp-content\/uploads\/2018\/07\/9-de-julio-de-2018-B-300x214.jpg 300w, https:\/\/www.elsindical.com.ar\/notas\/var\/www\/html\/notas\/wp-content\/uploads\/2018\/07\/9-de-julio-de-2018-B-768x549.jpg 768w, https:\/\/www.elsindical.com.ar\/notas\/var\/www\/html\/notas\/wp-content\/uploads\/2018\/07\/9-de-julio-de-2018-B-1024x732.jpg 1024w, https:\/\/www.elsindical.com.ar\/notas\/var\/www\/html\/notas\/wp-content\/uploads\/2018\/07\/9-de-julio-de-2018-B-420x300.jpg 420w, https:\/\/www.elsindical.com.ar\/notas\/var\/www\/html\/notas\/wp-content\/uploads\/2018\/07\/9-de-julio-de-2018-B.jpg 1170w\" sizes=\"auto, (max-width: 300px) 100vw, 300px\" \/><\/a><\/p>\n","protected":false},"excerpt":{"rendered":"<p>\u00a0 \u00a0El epicentro de la protesta fue en Buenos Aires, con columnas que se desplegaron a lo largo de la Avenida 9 de Julio. Bajo el lema \u00abLa Patria no se rinde\u00bb, agrupaciones kirchneristas, partidos de izquierda, movimientos sociales, sindicatos cr\u00edticos, organismos de Derechos Humanos y agrupaciones de artistas se movilizaron al Obelisco en repudio&hellip;<\/p>\n","protected":false},"author":1,"featured_media":79653,"comment_status":"open","ping_status":"open","sticky":false,"template":"","format":"standard","meta":{"footnotes":""},"categories":[25],"tags":[836,6925,156,76],"class_list":["post-79650","post","type-post","status-publish","format-standard","has-post-thumbnail","hentry","category-sociedad","tag-9-de-julio","tag-fmi","tag-marcha","tag-mauricio-macri"],"_links":{"self":[{"href":"https:\/\/www.elsindical.com.ar\/notas\/wp-json\/wp\/v2\/posts\/79650","targetHints":{"allow":["GET"]}}],"collection":[{"href":"https:\/\/www.elsindical.com.ar\/notas\/wp-json\/wp\/v2\/posts"}],"about":[{"href":"https:\/\/www.elsindical.com.ar\/notas\/wp-json\/wp\/v2\/types\/post"}],"author":[{"embeddable":true,"href":"https:\/\/www.elsindical.com.ar\/notas\/wp-json\/wp\/v2\/users\/1"}],"replies":[{"embeddable":true,"href":"https:\/\/www.elsindical.com.ar\/notas\/wp-json\/wp\/v2\/comments?post=79650"}],"version-history":[{"count":1,"href":"https:\/\/www.elsindical.com.ar\/notas\/wp-json\/wp\/v2\/posts\/79650\/revisions"}],"predecessor-version":[{"id":79654,"href":"https:\/\/www.elsindical.com.ar\/notas\/wp-json\/wp\/v2\/posts\/79650\/revisions\/79654"}],"wp:featuredmedia":[{"embeddable":true,"href":"https:\/\/www.elsindical.com.ar\/notas\/wp-json\/wp\/v2\/media\/79653"}],"wp:attachment":[{"href":"https:\/\/www.elsindical.com.ar\/notas\/wp-json\/wp\/v2\/media?parent=79650"}],"wp:term":[{"taxonomy":"category","embeddable":true,"href":"https:\/\/www.elsindical.com.ar\/notas\/wp-json\/wp\/v2\/categories?post=79650"},{"taxonomy":"post_tag","embeddable":true,"href":"https:\/\/www.elsindical.com.ar\/notas\/wp-json\/wp\/v2\/tags?post=79650"}],"curies":[{"name":"wp","href":"https:\/\/api.w.org\/{rel}","templated":true}]}}