{"id":79617,"date":"2018-07-07T13:58:10","date_gmt":"2018-07-07T16:58:10","guid":{"rendered":"http:\/\/www.elsindical.com.ar\/notas\/?p=79617"},"modified":"2018-07-07T13:58:10","modified_gmt":"2018-07-07T16:58:10","slug":"de-3000-juicios-laborales-en-2003-a-142-000-en-2018-macri-les-cagan-la-vida-a-todos","status":"publish","type":"post","link":"https:\/\/www.elsindical.com.ar\/notas\/de-3000-juicios-laborales-en-2003-a-142-000-en-2018-macri-les-cagan-la-vida-a-todos\/","title":{"rendered":"De 3000 juicios laborales en 2003 a 142.000 en 2018, Macri: \u00abLes cagan la vida a todos\u00bb"},"content":{"rendered":"<p><span class=\"text description col-xs-8 col-lg-9\">\u00a0 <a href=\"http:\/\/www.elsindical.com.ar\/notas\/var\/www\/html\/notas\/wp-content\/uploads\/2018\/05\/Mauricio-Macri-gesto-conferencia.jpg\"><img loading=\"lazy\" decoding=\"async\" class=\"alignnone size-medium wp-image-78603\" src=\"http:\/\/www.elsindical.com.ar\/notas\/var\/www\/html\/notas\/wp-content\/uploads\/2018\/05\/Mauricio-Macri-gesto-conferencia-300x203.jpg\" alt=\"\" width=\"300\" height=\"203\" srcset=\"https:\/\/www.elsindical.com.ar\/notas\/var\/www\/html\/notas\/wp-content\/uploads\/2018\/05\/Mauricio-Macri-gesto-conferencia-300x203.jpg 300w, https:\/\/www.elsindical.com.ar\/notas\/var\/www\/html\/notas\/wp-content\/uploads\/2018\/05\/Mauricio-Macri-gesto-conferencia-768x521.jpg 768w, https:\/\/www.elsindical.com.ar\/notas\/var\/www\/html\/notas\/wp-content\/uploads\/2018\/05\/Mauricio-Macri-gesto-conferencia-1024x694.jpg 1024w, https:\/\/www.elsindical.com.ar\/notas\/var\/www\/html\/notas\/wp-content\/uploads\/2018\/05\/Mauricio-Macri-gesto-conferencia-443x300.jpg 443w, https:\/\/www.elsindical.com.ar\/notas\/var\/www\/html\/notas\/wp-content\/uploads\/2018\/05\/Mauricio-Macri-gesto-conferencia.jpg 1170w\" sizes=\"auto, (max-width: 300px) 100vw, 300px\" \/><\/a>El presidente reclam\u00f3 que \u00abno haya m\u00e1s prepotencia ni comportamientos mafiosos\u00bb. <\/span><\/p>\n<p>El presidente Mauricio Macri encabez\u00f3 este viernes un acto en Santa Fe y reclam\u00f3 que \u00abno haya m\u00e1s prepotencia ni comportamientos mafiosos\u00bb en el pa\u00eds, al considerar que \u00abeso le caga la vida a todos\u00bb. Macri insisti\u00f3 en que una de esas \u00abmafias\u00bb es \u00abla industria de los juicios laborales\u00bb. Pasamos de 3000 juicios laborales en 2003 a 142.000 en 2018.<\/p>\n<p>\u00abEstamos trabajando para que no haya m\u00e1s prepotencias ni comportamientos mafiosos. Hoy uno se te para en el camino y eso les caga la vida a todos, hablando mal y pronto. Porque tenemos que pagarle a ese se\u00f1or que no hace nada para poder pasar. Eso encarece lo que hacemos, porque no nos permite tener el mejor precio\u00bb, enfatiz\u00f3 el jefe de Estado.<\/p>\n<p>En la reapertura de la planta frigor\u00edfica de la empresa Industrias Mattievich en la localidad de Carcara\u00f1\u00e1, Macri insisti\u00f3 en que una de esas \u00abmafias\u00bb es \u00abla industria de los juicios laborales\u00bb.<\/p>\n<p>El mandatario sostuvo que el Gobierno est\u00e1 \u00abatacando muchas de esas mafias\u00bb y, en este sentido, le reproch\u00f3 al gobernador socialista Miguel Lifschitz, presente en el acto, que \u00abSanta Fe es la \u00fanica provincia grande que no ha adherido a la ley de ART\u00bb.<\/p>\n<p>Acompa\u00f1ado por el ministro de Agroindustria, Luis Etchevehere, Macri expres\u00f3: \u00abEstamos vocacionados a abrir m\u00e1s mercados, para que cientos de personas m\u00e1s puedan trabajar. Lo mismo queremos hacer para cada econom\u00eda regional. Hoy tenemos claro cu\u00e1l es el rumbo: basta de ser un pa\u00eds estadoc\u00e9ntrico\u00bb.<\/p>\n<p>El Presidente visit\u00f3 el frigor\u00edfico que reanud\u00f3 sus operaciones de faena despu\u00e9s de una interrupci\u00f3n de siete a\u00f1os, junto a Etchevehere; el secretario general de la Presidencia, Fernando de Andreis; el intendente de Santa Fe, Jos\u00e9 Corral; el diputado nacional Federico Angelini, el concejal santafesino Roy L\u00f3pez Molina y el titular de la firma, Jos\u00e9 Mattievich.<\/p>\n","protected":false},"excerpt":{"rendered":"<p>\u00a0 El presidente reclam\u00f3 que \u00abno haya m\u00e1s prepotencia ni comportamientos mafiosos\u00bb. El presidente Mauricio Macri encabez\u00f3 este viernes un acto en Santa Fe y reclam\u00f3 que \u00abno haya m\u00e1s prepotencia ni comportamientos mafiosos\u00bb en el pa\u00eds, al considerar que \u00abeso le caga la vida a todos\u00bb. Macri insisti\u00f3 en que una de esas \u00abmafias\u00bb&hellip;<\/p>\n","protected":false},"author":1,"featured_media":78603,"comment_status":"open","ping_status":"open","sticky":false,"template":"","format":"standard","meta":{"footnotes":""},"categories":[13],"tags":[16860,28854,1452,76],"class_list":["post-79617","post","type-post","status-publish","format-standard","has-post-thumbnail","hentry","category-politica","tag-industria","tag-juicios-laborales","tag-mafias","tag-mauricio-macri"],"_links":{"self":[{"href":"https:\/\/www.elsindical.com.ar\/notas\/wp-json\/wp\/v2\/posts\/79617","targetHints":{"allow":["GET"]}}],"collection":[{"href":"https:\/\/www.elsindical.com.ar\/notas\/wp-json\/wp\/v2\/posts"}],"about":[{"href":"https:\/\/www.elsindical.com.ar\/notas\/wp-json\/wp\/v2\/types\/post"}],"author":[{"embeddable":true,"href":"https:\/\/www.elsindical.com.ar\/notas\/wp-json\/wp\/v2\/users\/1"}],"replies":[{"embeddable":true,"href":"https:\/\/www.elsindical.com.ar\/notas\/wp-json\/wp\/v2\/comments?post=79617"}],"version-history":[{"count":1,"href":"https:\/\/www.elsindical.com.ar\/notas\/wp-json\/wp\/v2\/posts\/79617\/revisions"}],"predecessor-version":[{"id":79618,"href":"https:\/\/www.elsindical.com.ar\/notas\/wp-json\/wp\/v2\/posts\/79617\/revisions\/79618"}],"wp:featuredmedia":[{"embeddable":true,"href":"https:\/\/www.elsindical.com.ar\/notas\/wp-json\/wp\/v2\/media\/78603"}],"wp:attachment":[{"href":"https:\/\/www.elsindical.com.ar\/notas\/wp-json\/wp\/v2\/media?parent=79617"}],"wp:term":[{"taxonomy":"category","embeddable":true,"href":"https:\/\/www.elsindical.com.ar\/notas\/wp-json\/wp\/v2\/categories?post=79617"},{"taxonomy":"post_tag","embeddable":true,"href":"https:\/\/www.elsindical.com.ar\/notas\/wp-json\/wp\/v2\/tags?post=79617"}],"curies":[{"name":"wp","href":"https:\/\/api.w.org\/{rel}","templated":true}]}}