{"id":79570,"date":"2018-07-06T11:20:48","date_gmt":"2018-07-06T14:20:48","guid":{"rendered":"http:\/\/www.elsindical.com.ar\/notas\/?p=79570"},"modified":"2018-07-06T11:20:48","modified_gmt":"2018-07-06T14:20:48","slug":"avellaneda-detienen-a-viudo-negro-en-sarandi","status":"publish","type":"post","link":"https:\/\/www.elsindical.com.ar\/notas\/avellaneda-detienen-a-viudo-negro-en-sarandi\/","title":{"rendered":"Avellaneda: Detienen a \u00abviudo negro\u00bb en Sarand\u00ed"},"content":{"rendered":"<p><a href=\"http:\/\/www.elsindical.com.ar\/notas\/var\/www\/html\/notas\/wp-content\/uploads\/2018\/07\/WhatsApp-Image-2018-07-05-at-16.04.00.jpeg\"><img loading=\"lazy\" decoding=\"async\" class=\"alignnone size-medium wp-image-79571\" src=\"http:\/\/www.elsindical.com.ar\/notas\/var\/www\/html\/notas\/wp-content\/uploads\/2018\/07\/WhatsApp-Image-2018-07-05-at-16.04.00-300x225.jpeg\" alt=\"\" width=\"300\" height=\"225\" srcset=\"https:\/\/www.elsindical.com.ar\/notas\/var\/www\/html\/notas\/wp-content\/uploads\/2018\/07\/WhatsApp-Image-2018-07-05-at-16.04.00-300x225.jpeg 300w, https:\/\/www.elsindical.com.ar\/notas\/var\/www\/html\/notas\/wp-content\/uploads\/2018\/07\/WhatsApp-Image-2018-07-05-at-16.04.00-768x576.jpeg 768w, https:\/\/www.elsindical.com.ar\/notas\/var\/www\/html\/notas\/wp-content\/uploads\/2018\/07\/WhatsApp-Image-2018-07-05-at-16.04.00-1024x768.jpeg 1024w, https:\/\/www.elsindical.com.ar\/notas\/var\/www\/html\/notas\/wp-content\/uploads\/2018\/07\/WhatsApp-Image-2018-07-05-at-16.04.00-400x300.jpeg 400w, https:\/\/www.elsindical.com.ar\/notas\/var\/www\/html\/notas\/wp-content\/uploads\/2018\/07\/WhatsApp-Image-2018-07-05-at-16.04.00.jpeg 1280w\" sizes=\"auto, (max-width: 300px) 100vw, 300px\" \/><\/a>CAY\u00d3 AMADO: UN \u00abVIUDO NEGRO\u00bb QUE SEDUC\u00cdA HOMBRES, LOS SEDABA Y LUEGO LES ROBABA<\/p>\n<p>Un sujeto de 50 a\u00f1os, domiciliado en Avellaneda, fue detenido en las \u00faltimas horas por la Polic\u00eda de la Provincia de Buenos Aires, acusado de haber robado bajo la modalidad \u00abviudo negro\u00bb a al menos dos hombres con los que hab\u00eda pautado encuentros amorosos.<\/p>\n<p>Durante el allanamiento, que se realiz\u00f3 en el domicilio del sospechoso, sito en Colonia al 3700 de la localidad de Sarand\u00ed, los efectivos de la Comisaria 1\u00b0 de San Isidro a cargo de la investigaci\u00f3n, recuperaron alhajas, relojes, electrodom\u00e9sticos,\u00a0tel\u00e9fonos celulares y una importante cantidad de dinero entre pesos, d\u00f3lares y euros. Adem\u00e1s, secuestraron una camioneta Ford Ranger y tambi\u00e9n un veh\u00edculo Renault Simbol, que fue reconocido por una de sus v\u00edctimas.<\/p>\n<p>Entre las pertenencias del acusado, de nombre Amado, la Polic\u00eda tambi\u00e9n encontr\u00f3 varias pastillas peque\u00f1as de color amarillas, que ser\u00edan los psicof\u00e1rmacos, con los que desvanec\u00eda a sus v\u00edctimas para consumar los robos.<\/p>\n<p>Por otro lado, se investiga si adem\u00e1s de estos dos hechos, uno ocurrido en mayo pasado y el restante a principios de junio, el sospechoso cometi\u00f3 otros il\u00edcitos bajo la misma modalidad.<\/p>\n<p>Interviene en la causa la UFI a cargo del Dr. Patricio Ferrari, perteneciente al Departamento Judicial San Isidro.<\/p>\n<p><a href=\"http:\/\/www.elsindical.com.ar\/notas\/var\/www\/html\/notas\/wp-content\/uploads\/2018\/07\/WhatsApp-Image-2018-07-05-at-16.04.06.jpeg\"><img loading=\"lazy\" decoding=\"async\" class=\"alignnone size-medium wp-image-79572\" src=\"http:\/\/www.elsindical.com.ar\/notas\/var\/www\/html\/notas\/wp-content\/uploads\/2018\/07\/WhatsApp-Image-2018-07-05-at-16.04.06-228x300.jpeg\" alt=\"\" width=\"228\" height=\"300\" srcset=\"https:\/\/www.elsindical.com.ar\/notas\/var\/www\/html\/notas\/wp-content\/uploads\/2018\/07\/WhatsApp-Image-2018-07-05-at-16.04.06-228x300.jpeg 228w, https:\/\/www.elsindical.com.ar\/notas\/var\/www\/html\/notas\/wp-content\/uploads\/2018\/07\/WhatsApp-Image-2018-07-05-at-16.04.06.jpeg 760w\" sizes=\"auto, (max-width: 228px) 100vw, 228px\" \/><\/a> <a href=\"http:\/\/www.elsindical.com.ar\/notas\/var\/www\/html\/notas\/wp-content\/uploads\/2018\/07\/WhatsApp-Image-2018-07-05-at-16.04.051.jpeg\"><img loading=\"lazy\" decoding=\"async\" class=\"alignnone size-medium wp-image-79573\" src=\"http:\/\/www.elsindical.com.ar\/notas\/var\/www\/html\/notas\/wp-content\/uploads\/2018\/07\/WhatsApp-Image-2018-07-05-at-16.04.051-262x300.jpeg\" alt=\"\" width=\"262\" height=\"300\" srcset=\"https:\/\/www.elsindical.com.ar\/notas\/var\/www\/html\/notas\/wp-content\/uploads\/2018\/07\/WhatsApp-Image-2018-07-05-at-16.04.051-262x300.jpeg 262w, https:\/\/www.elsindical.com.ar\/notas\/var\/www\/html\/notas\/wp-content\/uploads\/2018\/07\/WhatsApp-Image-2018-07-05-at-16.04.051.jpeg 762w\" sizes=\"auto, (max-width: 262px) 100vw, 262px\" \/><\/a> <a href=\"http:\/\/www.elsindical.com.ar\/notas\/var\/www\/html\/notas\/wp-content\/uploads\/2018\/07\/WhatsApp-Image-2018-07-05-at-16.04.05.jpeg\"><img loading=\"lazy\" decoding=\"async\" class=\"alignnone size-medium wp-image-79574\" src=\"http:\/\/www.elsindical.com.ar\/notas\/var\/www\/html\/notas\/wp-content\/uploads\/2018\/07\/WhatsApp-Image-2018-07-05-at-16.04.05-300x225.jpeg\" alt=\"\" width=\"300\" height=\"225\" srcset=\"https:\/\/www.elsindical.com.ar\/notas\/var\/www\/html\/notas\/wp-content\/uploads\/2018\/07\/WhatsApp-Image-2018-07-05-at-16.04.05-300x225.jpeg 300w, https:\/\/www.elsindical.com.ar\/notas\/var\/www\/html\/notas\/wp-content\/uploads\/2018\/07\/WhatsApp-Image-2018-07-05-at-16.04.05-768x576.jpeg 768w, https:\/\/www.elsindical.com.ar\/notas\/var\/www\/html\/notas\/wp-content\/uploads\/2018\/07\/WhatsApp-Image-2018-07-05-at-16.04.05-1024x768.jpeg 1024w, https:\/\/www.elsindical.com.ar\/notas\/var\/www\/html\/notas\/wp-content\/uploads\/2018\/07\/WhatsApp-Image-2018-07-05-at-16.04.05-400x300.jpeg 400w, https:\/\/www.elsindical.com.ar\/notas\/var\/www\/html\/notas\/wp-content\/uploads\/2018\/07\/WhatsApp-Image-2018-07-05-at-16.04.05.jpeg 1280w\" sizes=\"auto, (max-width: 300px) 100vw, 300px\" \/><\/a> <a href=\"http:\/\/www.elsindical.com.ar\/notas\/var\/www\/html\/notas\/wp-content\/uploads\/2018\/07\/WhatsApp-Image-2018-07-05-at-16.04.04.jpeg\"><img loading=\"lazy\" decoding=\"async\" class=\"alignnone size-medium wp-image-79575\" src=\"http:\/\/www.elsindical.com.ar\/notas\/var\/www\/html\/notas\/wp-content\/uploads\/2018\/07\/WhatsApp-Image-2018-07-05-at-16.04.04-300x225.jpeg\" alt=\"\" width=\"300\" height=\"225\" srcset=\"https:\/\/www.elsindical.com.ar\/notas\/var\/www\/html\/notas\/wp-content\/uploads\/2018\/07\/WhatsApp-Image-2018-07-05-at-16.04.04-300x225.jpeg 300w, https:\/\/www.elsindical.com.ar\/notas\/var\/www\/html\/notas\/wp-content\/uploads\/2018\/07\/WhatsApp-Image-2018-07-05-at-16.04.04-768x576.jpeg 768w, https:\/\/www.elsindical.com.ar\/notas\/var\/www\/html\/notas\/wp-content\/uploads\/2018\/07\/WhatsApp-Image-2018-07-05-at-16.04.04-1024x768.jpeg 1024w, https:\/\/www.elsindical.com.ar\/notas\/var\/www\/html\/notas\/wp-content\/uploads\/2018\/07\/WhatsApp-Image-2018-07-05-at-16.04.04-400x300.jpeg 400w, https:\/\/www.elsindical.com.ar\/notas\/var\/www\/html\/notas\/wp-content\/uploads\/2018\/07\/WhatsApp-Image-2018-07-05-at-16.04.04.jpeg 1280w\" sizes=\"auto, (max-width: 300px) 100vw, 300px\" \/><\/a> <a href=\"http:\/\/www.elsindical.com.ar\/notas\/var\/www\/html\/notas\/wp-content\/uploads\/2018\/07\/WhatsApp-Image-2018-07-05-at-16.04.03.jpeg\"><img loading=\"lazy\" decoding=\"async\" class=\"alignnone size-medium wp-image-79576\" src=\"http:\/\/www.elsindical.com.ar\/notas\/var\/www\/html\/notas\/wp-content\/uploads\/2018\/07\/WhatsApp-Image-2018-07-05-at-16.04.03-300x225.jpeg\" alt=\"\" width=\"300\" height=\"225\" srcset=\"https:\/\/www.elsindical.com.ar\/notas\/var\/www\/html\/notas\/wp-content\/uploads\/2018\/07\/WhatsApp-Image-2018-07-05-at-16.04.03-300x225.jpeg 300w, https:\/\/www.elsindical.com.ar\/notas\/var\/www\/html\/notas\/wp-content\/uploads\/2018\/07\/WhatsApp-Image-2018-07-05-at-16.04.03-768x576.jpeg 768w, https:\/\/www.elsindical.com.ar\/notas\/var\/www\/html\/notas\/wp-content\/uploads\/2018\/07\/WhatsApp-Image-2018-07-05-at-16.04.03-1024x768.jpeg 1024w, https:\/\/www.elsindical.com.ar\/notas\/var\/www\/html\/notas\/wp-content\/uploads\/2018\/07\/WhatsApp-Image-2018-07-05-at-16.04.03-400x300.jpeg 400w, https:\/\/www.elsindical.com.ar\/notas\/var\/www\/html\/notas\/wp-content\/uploads\/2018\/07\/WhatsApp-Image-2018-07-05-at-16.04.03.jpeg 1280w\" sizes=\"auto, (max-width: 300px) 100vw, 300px\" \/><\/a> <a href=\"http:\/\/www.elsindical.com.ar\/notas\/var\/www\/html\/notas\/wp-content\/uploads\/2018\/07\/WhatsApp-Image-2018-07-05-at-16.04.02.jpeg\"><img loading=\"lazy\" decoding=\"async\" class=\"alignnone size-medium wp-image-79577\" src=\"http:\/\/www.elsindical.com.ar\/notas\/var\/www\/html\/notas\/wp-content\/uploads\/2018\/07\/WhatsApp-Image-2018-07-05-at-16.04.02-300x225.jpeg\" alt=\"\" width=\"300\" height=\"225\" srcset=\"https:\/\/www.elsindical.com.ar\/notas\/var\/www\/html\/notas\/wp-content\/uploads\/2018\/07\/WhatsApp-Image-2018-07-05-at-16.04.02-300x225.jpeg 300w, https:\/\/www.elsindical.com.ar\/notas\/var\/www\/html\/notas\/wp-content\/uploads\/2018\/07\/WhatsApp-Image-2018-07-05-at-16.04.02-768x576.jpeg 768w, https:\/\/www.elsindical.com.ar\/notas\/var\/www\/html\/notas\/wp-content\/uploads\/2018\/07\/WhatsApp-Image-2018-07-05-at-16.04.02-1024x768.jpeg 1024w, https:\/\/www.elsindical.com.ar\/notas\/var\/www\/html\/notas\/wp-content\/uploads\/2018\/07\/WhatsApp-Image-2018-07-05-at-16.04.02-400x300.jpeg 400w, https:\/\/www.elsindical.com.ar\/notas\/var\/www\/html\/notas\/wp-content\/uploads\/2018\/07\/WhatsApp-Image-2018-07-05-at-16.04.02.jpeg 1280w\" sizes=\"auto, (max-width: 300px) 100vw, 300px\" \/><\/a> <a href=\"http:\/\/www.elsindical.com.ar\/notas\/var\/www\/html\/notas\/wp-content\/uploads\/2018\/07\/WhatsApp-Image-2018-07-05-at-16.04.01.jpeg\"><img loading=\"lazy\" decoding=\"async\" class=\"alignnone size-medium wp-image-79578\" src=\"http:\/\/www.elsindical.com.ar\/notas\/var\/www\/html\/notas\/wp-content\/uploads\/2018\/07\/WhatsApp-Image-2018-07-05-at-16.04.01-209x300.jpeg\" alt=\"\" width=\"209\" height=\"300\" srcset=\"https:\/\/www.elsindical.com.ar\/notas\/var\/www\/html\/notas\/wp-content\/uploads\/2018\/07\/WhatsApp-Image-2018-07-05-at-16.04.01-209x300.jpeg 209w, https:\/\/www.elsindical.com.ar\/notas\/var\/www\/html\/notas\/wp-content\/uploads\/2018\/07\/WhatsApp-Image-2018-07-05-at-16.04.01.jpeg 703w\" sizes=\"auto, (max-width: 209px) 100vw, 209px\" \/><\/a><br \/>\n<iframe loading=\"lazy\" src=\"https:\/\/www.youtube.com\/embed\/cHqb9qlRaVc\" width=\"580\" height=\"420\" frameborder=\"0\" allowfullscreen=\"allowfullscreen\"><span data-mce-type=\"bookmark\" style=\"display: inline-block; width: 0px; overflow: hidden; line-height: 0;\" class=\"mce_SELRES_start\">\ufeff<\/span><\/iframe><\/p>\n","protected":false},"excerpt":{"rendered":"<p>CAY\u00d3 AMADO: UN \u00abVIUDO NEGRO\u00bb QUE SEDUC\u00cdA HOMBRES, LOS SEDABA Y LUEGO LES ROBABA Un sujeto de 50 a\u00f1os, domiciliado en Avellaneda, fue detenido en las \u00faltimas horas por la Polic\u00eda de la Provincia de Buenos Aires, acusado de haber robado bajo la modalidad \u00abviudo negro\u00bb a al menos dos hombres con los que hab\u00eda&hellip;<\/p>\n","protected":false},"author":1,"featured_media":79571,"comment_status":"open","ping_status":"open","sticky":false,"template":"","format":"standard","meta":{"footnotes":""},"categories":[22],"tags":[461,1464,1174,40,2330,9327,29185],"class_list":["post-79570","post","type-post","status-publish","format-standard","has-post-thumbnail","hentry","category-policiales","tag-avellaneda","tag-hurtos","tag-robos","tag-san-isidro","tag-sarandi","tag-sedantes","tag-viudo-negro"],"_links":{"self":[{"href":"https:\/\/www.elsindical.com.ar\/notas\/wp-json\/wp\/v2\/posts\/79570","targetHints":{"allow":["GET"]}}],"collection":[{"href":"https:\/\/www.elsindical.com.ar\/notas\/wp-json\/wp\/v2\/posts"}],"about":[{"href":"https:\/\/www.elsindical.com.ar\/notas\/wp-json\/wp\/v2\/types\/post"}],"author":[{"embeddable":true,"href":"https:\/\/www.elsindical.com.ar\/notas\/wp-json\/wp\/v2\/users\/1"}],"replies":[{"embeddable":true,"href":"https:\/\/www.elsindical.com.ar\/notas\/wp-json\/wp\/v2\/comments?post=79570"}],"version-history":[{"count":1,"href":"https:\/\/www.elsindical.com.ar\/notas\/wp-json\/wp\/v2\/posts\/79570\/revisions"}],"predecessor-version":[{"id":79579,"href":"https:\/\/www.elsindical.com.ar\/notas\/wp-json\/wp\/v2\/posts\/79570\/revisions\/79579"}],"wp:featuredmedia":[{"embeddable":true,"href":"https:\/\/www.elsindical.com.ar\/notas\/wp-json\/wp\/v2\/media\/79571"}],"wp:attachment":[{"href":"https:\/\/www.elsindical.com.ar\/notas\/wp-json\/wp\/v2\/media?parent=79570"}],"wp:term":[{"taxonomy":"category","embeddable":true,"href":"https:\/\/www.elsindical.com.ar\/notas\/wp-json\/wp\/v2\/categories?post=79570"},{"taxonomy":"post_tag","embeddable":true,"href":"https:\/\/www.elsindical.com.ar\/notas\/wp-json\/wp\/v2\/tags?post=79570"}],"curies":[{"name":"wp","href":"https:\/\/api.w.org\/{rel}","templated":true}]}}